{"id":997,"date":"2023-02-03T11:05:10","date_gmt":"2023-02-03T11:05:10","guid":{"rendered":"https:\/\/alminutonoticia.com\/noticias\/?p=997"},"modified":"2023-02-03T11:05:10","modified_gmt":"2023-02-03T11:05:10","slug":"humedales-ecosistemas-fundamentales-para-la-vida","status":"publish","type":"post","link":"https:\/\/alminutonoticia.com\/noticias\/humedales-ecosistemas-fundamentales-para-la-vida\/","title":{"rendered":"Humedales: Ecosistemas fundamentales para la vida"},"content":{"rendered":"\n<p>Los humedales representan un pilar fundamental en la sociedad en la que vivimos, por la cantidad de cuencas que tiene el pa\u00eds, de las cuales derivan una enorme cantidad de usos y beneficios que brindan.<\/p>\n\n\n\n<p>Este jueves 2 de febrero se conmemora a nivel mundial el D\u00eda de los Humedales, y el Ministerio de Ambiente, resalta la importancia de estos espacios marinos.<\/p>\n\n\n\n<p>Estos ecosistemas representan una rica biodiversidad de flora y fauna ya que son fuente de agua y alimentos, zonas de crianza de m\u00faltiples formas de vida, objetos de Investigaci\u00f3n cient\u00edfica y educaci\u00f3n, almacenamiento de carbono, regulan el flujo de sedimentos y el r\u00e9gimen h\u00eddrico, depuraci\u00f3n del agua, reponen corrientes h\u00eddricas subterr\u00e1neas, protecci\u00f3n de las costas, ofrecen oportunidades de Ecoturismo, entre otras.<\/p>\n\n\n\n<p>Panam\u00e1, como signatario a la Convenci\u00f3n sobre Humedales, reconoce que ellos son todas las extensiones de marismas, pantanos y turberas, o superficies cubiertas de aguas, sean \u00e9stas naturales o artificiales, permanentes o temporales, estancadas o corrientes, dulces, salobres o saladas, incluidas las extensiones de agua marina cuya profundidad en marea baja no exceda de seis metros.<\/p>\n\n\n\n<p>En Panam\u00e1 se han declarado 5 Sitios Ramsar de importancia internacional y a la fecha MIAMBIENTE en conjunto con el Comit\u00e9 Nacional de Humedales y otras organizaciones ambientales, han identificado varios sitios que guardan las caracter\u00edsticas para catalogarse bajo esta distinci\u00f3n y se requiere hacer los procesos de consulta ciudadana, para poder cumplir los par\u00e1metros de transparencia y luego nominarlos a la Convenci\u00f3n sobre los Humedales.<\/p>\n\n\n\n<p>Estos sitios bajo la distinci\u00f3n ramsar son: Damani Guariviara en la comarca Ng\u00e4be Bugl\u00e9, San San Pond Sak, en Bocas del Toro, Golfo de Montijo, en la provincia de Veraguas; Punta Pati\u00f1o, en Dari\u00e9n y Bah\u00eda de Panam\u00e1 en la provincia de Panam\u00e1.<\/p>\n\n\n\n<p>Panam\u00e1 adem\u00e1s cuenta con una estimaci\u00f3n de extensi\u00f3n de sus humedales de 4,063.004 km2 (406,300.4 hect\u00e1reas), esta contabilidad se ha logrado detectar y avanzar con la ayuda de nuevas tecnolog\u00edas, para aumentar el inventario nacional de humedales.<\/p>\n\n\n\n<p>Para Jorge Ja\u00e9n de la Direcci\u00f3n de Costas y Mares de MIAMBIENTE, el Cambio clim\u00e1tico ha afectado a los humedales en distintos grados, como por ejemplo; para mayo de 2022 la Autoridad del Canal de Panam\u00e1 (ACP) retir\u00f3 la restricci\u00f3n de calado a la v\u00eda interoce\u00e1nica que es un humedal artificial al ser un conjunto de embalses, a causa de una disminuci\u00f3n en el r\u00e9gimen de lluvia en dicha temporada; en otro \u00e1mbito, producto del aumento de la temperatura promedio del mar, oblig\u00f3 al Ministerio de Ambiente a establecer un monitoreo m\u00e1s profundo para conocer la condici\u00f3n del blanqueamiento de los corales y poder evidenciar si realmente es causa de este fen\u00f3meno o la combinaci\u00f3n de otros factores.<\/p>\n\n\n\n<p>Adem\u00e1s,. Ja\u00e9n expone, que se ha percibido un aumento en cu\u00e1nto a la cobertura de la vegetaci\u00f3n de los manglares, que es uno de los tipos de humedales por los esfuerzos de monitoreo y restauraci\u00f3n se vienen realizando en el pa\u00eds que arroj\u00f3 de 187,064 Ha en manglares, lo que significa al menos 10, 000 hect\u00e1reas m\u00e1s en relaci\u00f3n a los estudios realizados el a\u00f1o de 2012.<\/p>\n\n\n\n<p>Actualmente MIAMBIENTE colabora y apoya de manera conjunta con la sociedad Audubon en la creaci\u00f3n del plan de conservaci\u00f3n de la bah\u00eda de Parita que consiste en la generaci\u00f3n de datos de sustento t\u00e9cnico, dado que el sitio est\u00e1 catalogado como \u00e1rea de Importancia para Aves (IBA, por sus siglas en ingl\u00e9s), toda vez que los monitoreos de aves migratorias a\u00f1o tras a\u00f1o respaldan el rol que los manglares y salinas de la Bah\u00eda de Parita le brindan a estas aves en su traves\u00eda a trav\u00e9s del continente americano. Con este plan de conservaci\u00f3n se busca la protecci\u00f3n tanto para estas aves como del sitio.<\/p>\n\n\n\n<p>Panam\u00e1, En el 2018 aprob\u00f3 la Pol\u00edtica nacional de Humedales que incluye un plan de acci\u00f3n cuya meta a 2030 es de buscar su proyecci\u00f3n para garantizar as\u00ed una gesti\u00f3n integral y sostenible de los humedales, al aplicar medidas para la restauraci\u00f3n de estos ecosistemas,para promover su protecci\u00f3n, planificaci\u00f3n, e investigaci\u00f3n, al sensibilizar a la poblaci\u00f3n con respecto a su importancia para el bienestar humano de las presentes y futuras generaciones con el fortalecimiento de la cultura ambiental y la conservaci\u00f3n de sus funciones ecol\u00f3gicas y su biodiversidad en favor del bienestar de los habitantes del pa\u00eds y la seguridad alimentaria de la naci\u00f3n.<\/p>\n\n\n\n<p>Datos del editor<\/p>\n\n\n\n<p>La Bah\u00eda de Parita es reconocida por ser la segunda \u00e1rea m\u00e1s importante para las aves playeras migratorias de la ruta del Pac\u00edfico y uno de los paisajes con mayor vulnerabilidad por el aumento del nivel del mar.<\/p>\n\n\n\n<p>Por su extensi\u00f3n (abarca m\u00e1s de 45,000 hect\u00e1reas) recorre 7 distritos en 3 provincias y para promover su conservaci\u00f3n, requiere del trabajo compartido entre todos los sectores desde Ant\u00f3n (Cocl\u00e9) hasta la provincia de Los Santos.<\/p>\n\n\n\n<p>El 2 de febrero de cada a\u00f1o se celebra el D\u00eda Mundial de los Humedales, esta celebraci\u00f3n fue decretado en 1997 y la fecha fue elegida en conmemoraci\u00f3n a la Convenci\u00f3n sobre los Humedales de Importancia Internacional, celebrado el 2 de febrero de 1971 en Ramsar, Ir\u00e1n.<\/p>\n\n\n\n<p>El lema escogido para este a\u00f1o 2023 \u201cEs hora de restaurar los humedales\u201d, es un llamamiento directo a la urgencia de las acciones de restauraci\u00f3n, puesto que los humedales est\u00e1n desapareciendo a un ritmo tres veces m\u00e1s r\u00e1pido que los bosques, y m\u00e1s del 35 % de los humedales del mundo se han degradado o perdido desde 1970 y en Panam\u00e1 estas amenazas son una realidad.<\/p>\n\n\n\n<figure class=\"wp-block-image size-full\"><a href=\"https:\/\/alminutonoticia.com\/noticias\/wp-content\/uploads\/2023\/02\/WhatsApp-Image-2023-02-01-at-12.52.52-PM-1.jpeg\"><img fetchpriority=\"high\" decoding=\"async\" width=\"768\" height=\"576\" src=\"https:\/\/alminutonoticia.com\/noticias\/wp-content\/uploads\/2023\/02\/WhatsApp-Image-2023-02-01-at-12.52.52-PM-1.jpeg\" alt=\"\" class=\"wp-image-998\" title=\"\" srcset=\"https:\/\/alminutonoticia.com\/noticias\/wp-content\/uploads\/2023\/02\/WhatsApp-Image-2023-02-01-at-12.52.52-PM-1.jpeg 768w, https:\/\/alminutonoticia.com\/noticias\/wp-content\/uploads\/2023\/02\/WhatsApp-Image-2023-02-01-at-12.52.52-PM-1-300x225.jpeg 300w\" sizes=\"(max-width: 768px) 100vw, 768px\" \/><\/a><\/figure>\n\n\n\n<figure class=\"wp-block-image size-large\"><a href=\"https:\/\/alminutonoticia.com\/noticias\/wp-content\/uploads\/2023\/02\/WhatsApp-Image-2023-02-01-at-12.52.52-PM.jpeg\"><img decoding=\"async\" width=\"1024\" height=\"683\" src=\"https:\/\/alminutonoticia.com\/noticias\/wp-content\/uploads\/2023\/02\/WhatsApp-Image-2023-02-01-at-12.52.52-PM-1024x683.jpeg\" alt=\"\" class=\"wp-image-999\" title=\"\" srcset=\"https:\/\/alminutonoticia.com\/noticias\/wp-content\/uploads\/2023\/02\/WhatsApp-Image-2023-02-01-at-12.52.52-PM-1024x683.jpeg 1024w, https:\/\/alminutonoticia.com\/noticias\/wp-content\/uploads\/2023\/02\/WhatsApp-Image-2023-02-01-at-12.52.52-PM-300x200.jpeg 300w, https:\/\/alminutonoticia.com\/noticias\/wp-content\/uploads\/2023\/02\/WhatsApp-Image-2023-02-01-at-12.52.52-PM-768x512.jpeg 768w, https:\/\/alminutonoticia.com\/noticias\/wp-content\/uploads\/2023\/02\/WhatsApp-Image-2023-02-01-at-12.52.52-PM.jpeg 1536w\" sizes=\"(max-width: 1024px) 100vw, 1024px\" \/><\/a><\/figure>\n\n\n\n<figure class=\"wp-block-image size-large\"><a href=\"https:\/\/alminutonoticia.com\/noticias\/wp-content\/uploads\/2023\/02\/WhatsApp-Image-2023-02-01-at-12.52.51-PM-3.jpeg\"><img decoding=\"async\" width=\"1024\" height=\"683\" src=\"https:\/\/alminutonoticia.com\/noticias\/wp-content\/uploads\/2023\/02\/WhatsApp-Image-2023-02-01-at-12.52.51-PM-3-1024x683.jpeg\" alt=\"\" class=\"wp-image-1000\" title=\"\" srcset=\"https:\/\/alminutonoticia.com\/noticias\/wp-content\/uploads\/2023\/02\/WhatsApp-Image-2023-02-01-at-12.52.51-PM-3-1024x683.jpeg 1024w, https:\/\/alminutonoticia.com\/noticias\/wp-content\/uploads\/2023\/02\/WhatsApp-Image-2023-02-01-at-12.52.51-PM-3-300x200.jpeg 300w, https:\/\/alminutonoticia.com\/noticias\/wp-content\/uploads\/2023\/02\/WhatsApp-Image-2023-02-01-at-12.52.51-PM-3-768x512.jpeg 768w, https:\/\/alminutonoticia.com\/noticias\/wp-content\/uploads\/2023\/02\/WhatsApp-Image-2023-02-01-at-12.52.51-PM-3.jpeg 1536w\" sizes=\"(max-width: 1024px) 100vw, 1024px\" \/><\/a><\/figure>\n\n\n\n<figure class=\"wp-block-image size-large\"><a href=\"https:\/\/alminutonoticia.com\/noticias\/wp-content\/uploads\/2023\/02\/WhatsApp-Image-2023-02-01-at-12.52.51-PM-1.jpeg\"><img loading=\"lazy\" decoding=\"async\" width=\"1024\" height=\"682\" src=\"https:\/\/alminutonoticia.com\/noticias\/wp-content\/uploads\/2023\/02\/WhatsApp-Image-2023-02-01-at-12.52.51-PM-1-1024x682.jpeg\" alt=\"\" class=\"wp-image-1001\" title=\"\" srcset=\"https:\/\/alminutonoticia.com\/noticias\/wp-content\/uploads\/2023\/02\/WhatsApp-Image-2023-02-01-at-12.52.51-PM-1-1024x682.jpeg 1024w, https:\/\/alminutonoticia.com\/noticias\/wp-content\/uploads\/2023\/02\/WhatsApp-Image-2023-02-01-at-12.52.51-PM-1-300x200.jpeg 300w, https:\/\/alminutonoticia.com\/noticias\/wp-content\/uploads\/2023\/02\/WhatsApp-Image-2023-02-01-at-12.52.51-PM-1-768x512.jpeg 768w, https:\/\/alminutonoticia.com\/noticias\/wp-content\/uploads\/2023\/02\/WhatsApp-Image-2023-02-01-at-12.52.51-PM-1-1536x1023.jpeg 1536w, https:\/\/alminutonoticia.com\/noticias\/wp-content\/uploads\/2023\/02\/WhatsApp-Image-2023-02-01-at-12.52.51-PM-1.jpeg 1600w\" sizes=\"(max-width: 1024px) 100vw, 1024px\" \/><\/a><\/figure>\n","protected":false},"excerpt":{"rendered":"<p>Los humedales representan un pilar fundamental en la sociedad en la que vivimos, por la cantidad de cuencas que tiene el pa\u00eds, de las cuales derivan una enorme cantidad de usos y beneficios que brindan. Este jueves 2 de febrero se conmemora a nivel mundial el D\u00eda de los Humedales, y el Ministerio de Ambiente, [&hellip;]<\/p>\n","protected":false},"author":3,"featured_media":999,"comment_status":"open","ping_status":"open","sticky":false,"template":"","format":"standard","meta":{"footnotes":""},"categories":[42,36],"tags":[],"class_list":["post-997","post","type-post","status-publish","format-standard","has-post-thumbnail","hentry","category-ambiente","category-nacionales"],"_links":{"self":[{"href":"https:\/\/alminutonoticia.com\/noticias\/wp-json\/wp\/v2\/posts\/997","targetHints":{"allow":["GET"]}}],"collection":[{"href":"https:\/\/alminutonoticia.com\/noticias\/wp-json\/wp\/v2\/posts"}],"about":[{"href":"https:\/\/alminutonoticia.com\/noticias\/wp-json\/wp\/v2\/types\/post"}],"author":[{"embeddable":true,"href":"https:\/\/alminutonoticia.com\/noticias\/wp-json\/wp\/v2\/users\/3"}],"replies":[{"embeddable":true,"href":"https:\/\/alminutonoticia.com\/noticias\/wp-json\/wp\/v2\/comments?post=997"}],"version-history":[{"count":1,"href":"https:\/\/alminutonoticia.com\/noticias\/wp-json\/wp\/v2\/posts\/997\/revisions"}],"predecessor-version":[{"id":1002,"href":"https:\/\/alminutonoticia.com\/noticias\/wp-json\/wp\/v2\/posts\/997\/revisions\/1002"}],"wp:featuredmedia":[{"embeddable":true,"href":"https:\/\/alminutonoticia.com\/noticias\/wp-json\/wp\/v2\/media\/999"}],"wp:attachment":[{"href":"https:\/\/alminutonoticia.com\/noticias\/wp-json\/wp\/v2\/media?parent=997"}],"wp:term":[{"taxonomy":"category","embeddable":true,"href":"https:\/\/alminutonoticia.com\/noticias\/wp-json\/wp\/v2\/categories?post=997"},{"taxonomy":"post_tag","embeddable":true,"href":"https:\/\/alminutonoticia.com\/noticias\/wp-json\/wp\/v2\/tags?post=997"}],"curies":[{"name":"wp","href":"https:\/\/api.w.org\/{rel}","templated":true}]}}