{"id":981,"date":"2023-02-01T11:50:20","date_gmt":"2023-02-01T11:50:20","guid":{"rendered":"https:\/\/alminutonoticia.com\/noticias\/?p=981"},"modified":"2023-02-01T11:50:21","modified_gmt":"2023-02-01T11:50:21","slug":"dirigencia-del-prd-recula-y-reserva-114-posiciones-para-alianzas","status":"publish","type":"post","link":"https:\/\/alminutonoticia.com\/noticias\/dirigencia-del-prd-recula-y-reserva-114-posiciones-para-alianzas\/","title":{"rendered":"Dirigencia del PRD recula y reserva 114 posiciones para alianzas"},"content":{"rendered":"\n<p>Los miembros del Comit\u00e9 Ejecutivo Nacional (CEN) del Partido Revolucionario Democr\u00e1tico (PRD) decidieron en la noche de este martes, 31 de enero, reservar 28 curules para diputados, 22 para alcaldes y 64 para representantes de corregimientos para establecer posibles alianzas pol\u00edticas en las elecciones de mayo de 2024, tras las quejas internas en el colectivo oficialista.<\/p>\n\n\n\n<p>De acuerdo al comunicado emanado del colectivo pol\u00edtico de gobierno, el total de reservas es de 114 cargos de 860 puestos de elecci\u00f3n popular de este colectivo, que corresponde a un 13.25%. De acuerdo a lo establecido en el C\u00f3digo Electoral.<\/p>\n\n\n\n<p>Cabe destacar que el PRD inicialmente hab\u00eda anunciado la reserva de 144 cargos, pero luego de recibir observaciones del Tribunal Electoral, se reunieron este martes para realizar las consultas internas \u201cseg\u00fan para los mejores intereses de la institucionalidad democr\u00e1tica del partido\u201d, se indic\u00f3 en el comunicado que fue le\u00eddo por el segundo vicepresidente del CEN del PRD, Rogelio Paredes.<\/p>\n\n\n\n<p>\u201cEstamos convencidos que, dada la acumulaci\u00f3n hist\u00f3rica del PRD, su caudal electoral y la uni\u00f3n con fuerzas pol\u00edticas y sociales que compartan nuestros objetivos estrat\u00e9gicos, generaremos una vez m\u00e1s la posibilidad de llevar a Panam\u00e1 a nuevas metas de bienestar, prosperidad y progreso con oportunidades para todos\u201d, detalla el escrito.<\/p>\n\n\n\n<p>Los miembros del CEN del partido de Omar Torrijos finalmente resaltaron en el comunicado que se comprometen como siempre a escuchar la voz de las bases del partido.<\/p>\n\n\n\n<figure class=\"wp-block-image size-full\"><a href=\"https:\/\/alminutonoticia.com\/noticias\/wp-content\/uploads\/2023\/02\/5d8c87d86644c.jpeg\"><img fetchpriority=\"high\" decoding=\"async\" width=\"990\" height=\"491\" src=\"https:\/\/alminutonoticia.com\/noticias\/wp-content\/uploads\/2023\/02\/5d8c87d86644c.jpeg\" alt=\"\" class=\"wp-image-982\" title=\"\" srcset=\"https:\/\/alminutonoticia.com\/noticias\/wp-content\/uploads\/2023\/02\/5d8c87d86644c.jpeg 990w, https:\/\/alminutonoticia.com\/noticias\/wp-content\/uploads\/2023\/02\/5d8c87d86644c-300x149.jpeg 300w, https:\/\/alminutonoticia.com\/noticias\/wp-content\/uploads\/2023\/02\/5d8c87d86644c-768x381.jpeg 768w\" sizes=\"(max-width: 990px) 100vw, 990px\" \/><\/a><\/figure>\n\n\n\n<figure class=\"wp-block-image size-full\"><a href=\"https:\/\/alminutonoticia.com\/noticias\/wp-content\/uploads\/2023\/02\/63d9dba582e33.jpeg\"><img decoding=\"async\" width=\"990\" height=\"491\" src=\"https:\/\/alminutonoticia.com\/noticias\/wp-content\/uploads\/2023\/02\/63d9dba582e33.jpeg\" alt=\"\" class=\"wp-image-983\" title=\"\" srcset=\"https:\/\/alminutonoticia.com\/noticias\/wp-content\/uploads\/2023\/02\/63d9dba582e33.jpeg 990w, https:\/\/alminutonoticia.com\/noticias\/wp-content\/uploads\/2023\/02\/63d9dba582e33-300x149.jpeg 300w, https:\/\/alminutonoticia.com\/noticias\/wp-content\/uploads\/2023\/02\/63d9dba582e33-768x381.jpeg 768w\" sizes=\"(max-width: 990px) 100vw, 990px\" \/><\/a><\/figure>\n","protected":false},"excerpt":{"rendered":"<p>Los miembros del Comit\u00e9 Ejecutivo Nacional (CEN) del Partido Revolucionario Democr\u00e1tico (PRD) decidieron en la noche de este martes, 31 de enero, reservar 28 curules para diputados, 22 para alcaldes y 64 para representantes de corregimientos para establecer posibles alianzas pol\u00edticas en las elecciones de mayo de 2024, tras las quejas internas en el colectivo [&hellip;]<\/p>\n","protected":false},"author":3,"featured_media":983,"comment_status":"open","ping_status":"open","sticky":false,"template":"","format":"standard","meta":{"footnotes":""},"categories":[36,37],"tags":[],"class_list":["post-981","post","type-post","status-publish","format-standard","has-post-thumbnail","hentry","category-nacionales","category-politica"],"_links":{"self":[{"href":"https:\/\/alminutonoticia.com\/noticias\/wp-json\/wp\/v2\/posts\/981","targetHints":{"allow":["GET"]}}],"collection":[{"href":"https:\/\/alminutonoticia.com\/noticias\/wp-json\/wp\/v2\/posts"}],"about":[{"href":"https:\/\/alminutonoticia.com\/noticias\/wp-json\/wp\/v2\/types\/post"}],"author":[{"embeddable":true,"href":"https:\/\/alminutonoticia.com\/noticias\/wp-json\/wp\/v2\/users\/3"}],"replies":[{"embeddable":true,"href":"https:\/\/alminutonoticia.com\/noticias\/wp-json\/wp\/v2\/comments?post=981"}],"version-history":[{"count":1,"href":"https:\/\/alminutonoticia.com\/noticias\/wp-json\/wp\/v2\/posts\/981\/revisions"}],"predecessor-version":[{"id":984,"href":"https:\/\/alminutonoticia.com\/noticias\/wp-json\/wp\/v2\/posts\/981\/revisions\/984"}],"wp:featuredmedia":[{"embeddable":true,"href":"https:\/\/alminutonoticia.com\/noticias\/wp-json\/wp\/v2\/media\/983"}],"wp:attachment":[{"href":"https:\/\/alminutonoticia.com\/noticias\/wp-json\/wp\/v2\/media?parent=981"}],"wp:term":[{"taxonomy":"category","embeddable":true,"href":"https:\/\/alminutonoticia.com\/noticias\/wp-json\/wp\/v2\/categories?post=981"},{"taxonomy":"post_tag","embeddable":true,"href":"https:\/\/alminutonoticia.com\/noticias\/wp-json\/wp\/v2\/tags?post=981"}],"curies":[{"name":"wp","href":"https:\/\/api.w.org\/{rel}","templated":true}]}}