{"id":9609,"date":"2024-03-24T13:01:22","date_gmt":"2024-03-24T13:01:22","guid":{"rendered":"https:\/\/alminutonoticia.com\/noticias\/?p=9609"},"modified":"2024-03-24T13:01:24","modified_gmt":"2024-03-24T13:01:24","slug":"inversiones-y-empleos-para-colon-es-el-compromiso-de-martin-torrijos","status":"publish","type":"post","link":"https:\/\/alminutonoticia.com\/noticias\/inversiones-y-empleos-para-colon-es-el-compromiso-de-martin-torrijos\/","title":{"rendered":"Inversiones y empleos para Col\u00f3n, es el compromiso de Mart\u00edn Torrijos"},"content":{"rendered":"\n<p class=\"wp-block-paragraph\">La creaci\u00f3n de un internado para estudiantes deportistas, la implementaci\u00f3n de un plan de jubilaciones para darle espacios al relevo generacional y la puesta en marcha de los proyectos: \u201cPanam\u00e1 Brilla\u201d y \u201cPanam\u00e1 Sin Hueco\u201d, en los primeros 100 d\u00edas de gobierno, son algunas de las acciones que anunci\u00f3 el candidato presidencial del Partido Popular (PP), Mart\u00edn Torrijos Espino, ante m\u00e1s de mil de j\u00f3venes colonenses.<\/p>\n\n\n\n<p class=\"wp-block-paragraph\">El exmandatario explic\u00f3 que junto al exfutbolista Julio C\u00e9sar Dely Vald\u00e9s, se crear\u00e1 un internado para estudiantes que se dediquen al deporte, a fin de que asistan a los centros escolares y regresen a las instalaciones para sus entrenamientos.<\/p>\n\n\n\n<p class=\"wp-block-paragraph\">Lo que se busca con este internado, se\u00f1al\u00f3 Torrijos Espino, es garantizar que los j\u00f3venes estudien, exploten sus habilidades, se alejen de los peligros de las calles y tengan un futuro prometedor.<\/p>\n\n\n\n<figure class=\"wp-block-image size-full\"><a href=\"https:\/\/alminutonoticia.com\/noticias\/wp-content\/uploads\/2024\/03\/WhatsApp-Image-2024-03-23-at-4.45.36-PM-1024x683-1.jpeg\"><img fetchpriority=\"high\" decoding=\"async\" width=\"1024\" height=\"683\" src=\"https:\/\/alminutonoticia.com\/noticias\/wp-content\/uploads\/2024\/03\/WhatsApp-Image-2024-03-23-at-4.45.36-PM-1024x683-1.jpeg\" alt=\"\" class=\"wp-image-9610\" title=\"\" srcset=\"https:\/\/alminutonoticia.com\/noticias\/wp-content\/uploads\/2024\/03\/WhatsApp-Image-2024-03-23-at-4.45.36-PM-1024x683-1.jpeg 1024w, https:\/\/alminutonoticia.com\/noticias\/wp-content\/uploads\/2024\/03\/WhatsApp-Image-2024-03-23-at-4.45.36-PM-1024x683-1-300x200.jpeg 300w, https:\/\/alminutonoticia.com\/noticias\/wp-content\/uploads\/2024\/03\/WhatsApp-Image-2024-03-23-at-4.45.36-PM-1024x683-1-768x512.jpeg 768w\" sizes=\"(max-width: 1024px) 100vw, 1024px\" \/><\/a><\/figure>\n\n\n\n<p class=\"wp-block-paragraph\">En un conversatorio cara a cara con la juventud colonense, el l\u00edder pol\u00edtico se comprometi\u00f3 a crear un plan de retiro con incentivos para los jubilados que a\u00fan trabajan en el Estado para darle paso a los j\u00f3venes que necesitan un empleo digno para tener una mejor calidad de vida.<\/p>\n\n\n\n<p class=\"wp-block-paragraph\">Igualmente, buscar junto a la sociedad civil, una f\u00f3rmula para solucionar el tema de las jubilaciones y pensiones, toda vez que, las reservas de la Caja del Seguro Social (CSS) est\u00e1n agotadas; como tambi\u00e9n ayudar a los jubilados cuyas pensiones son muy bajas.<\/p>\n\n\n\n<p class=\"wp-block-paragraph\">Su plan de gobierno denominado \u201cPanam\u00e1 a otro Nivel\u201d , sin demagogia ni mentiras contempla los proyectos \u201cPanam\u00e1 Brilla\u201d y \u201cPanam\u00e1 Sin Hueco\u201d, ambos dirigidos a generar empleos comunitarios como recolecci\u00f3n de basura y reparaci\u00f3n de las calles, problemas que el gobierno no ha podido resolver.<\/p>\n\n\n\n<p class=\"wp-block-paragraph\">El abanderado del PP reiter\u00f3 la importancia del programa \u201cMi Primera Chamba\u201d, que consiste en capacitar a los j\u00f3venes que no han estudiado, para incorporarlos a empresas, al igual que los que no han terminado sus estudios y\/o ya tienen un t\u00edtulo universitario.<\/p>\n\n\n\n<p class=\"wp-block-paragraph\">El exgobernante dijo que se atraer\u00e1n nuevas empresas como Amazon que permeen en fuentes de empleo pues, \u201cel pa\u00eds perdi\u00f3 la perspectiva tras dejar de ser el centro de las inversiones, y ha llegado la hora de recuperar el tiempo y devolverles la confianza y esperanza a los paname\u00f1os.\u201d<\/p>\n\n\n\n<p class=\"wp-block-paragraph\">Durante el encuentro en Buena Vista, se concentraron seguidores de otros corregimientos como Crist\u00f3bal y Crist\u00f3bal Este, Puerto Pil\u00f3n, Lim\u00f3n y Cativ\u00e1,<\/p>\n\n\n\n<p class=\"wp-block-paragraph\">All\u00ed, Torrijos Espino adelant\u00f3 que Col\u00f3n ser\u00e1 transformado a trav\u00e9s de la Oficina de Desarrollo Colonense, la cual potenciar\u00e1 el turismo, agroturismo, el sector log\u00edstico, y atender\u00e1 las necesidades de agua, seguridad ciudadana, recolecci\u00f3n de la basura, optimizaci\u00f3n del sistema de salud y educaci\u00f3n, mejoramiento habitacional y alcantarillado.<\/p>\n\n\n\n<p class=\"wp-block-paragraph\">\u201cNo vengo a proteger a nadie, combatir\u00e9 f\u00e9rreamente la corrupci\u00f3n; no soy abogado de ninguna firma de miner\u00eda o accionista de farmacia; vengo a reestructurar al pa\u00eds, y le advierto a este gobierno que arreglen las maletas y se vaya porque viene la transparencia y mejores d\u00edas para Panam\u00e1\u201d, concluy\u00f3.<\/p>\n\n\n\n<figure class=\"wp-block-image size-full\"><a href=\"https:\/\/alminutonoticia.com\/noticias\/wp-content\/uploads\/2024\/03\/WhatsApp-Image-2024-03-23-at-4.44.43-PM-1-1024x683-1.jpeg\"><img decoding=\"async\" width=\"1024\" height=\"683\" src=\"https:\/\/alminutonoticia.com\/noticias\/wp-content\/uploads\/2024\/03\/WhatsApp-Image-2024-03-23-at-4.44.43-PM-1-1024x683-1.jpeg\" alt=\"\" class=\"wp-image-9611\" title=\"\" srcset=\"https:\/\/alminutonoticia.com\/noticias\/wp-content\/uploads\/2024\/03\/WhatsApp-Image-2024-03-23-at-4.44.43-PM-1-1024x683-1.jpeg 1024w, https:\/\/alminutonoticia.com\/noticias\/wp-content\/uploads\/2024\/03\/WhatsApp-Image-2024-03-23-at-4.44.43-PM-1-1024x683-1-300x200.jpeg 300w, https:\/\/alminutonoticia.com\/noticias\/wp-content\/uploads\/2024\/03\/WhatsApp-Image-2024-03-23-at-4.44.43-PM-1-1024x683-1-768x512.jpeg 768w\" sizes=\"(max-width: 1024px) 100vw, 1024px\" \/><\/a><\/figure>\n","protected":false},"excerpt":{"rendered":"<p>La creaci\u00f3n de un internado para estudiantes deportistas, la implementaci\u00f3n de un plan de jubilaciones para darle espacios al relevo generacional y la puesta en marcha de los proyectos: \u201cPanam\u00e1 Brilla\u201d y \u201cPanam\u00e1 Sin Hueco\u201d, en los primeros 100 d\u00edas de gobierno, son algunas de las acciones que anunci\u00f3 el candidato presidencial del Partido Popular [&hellip;]<\/p>\n","protected":false},"author":3,"featured_media":9611,"comment_status":"open","ping_status":"open","sticky":false,"template":"","format":"standard","meta":{"footnotes":""},"categories":[36,37],"tags":[],"class_list":["post-9609","post","type-post","status-publish","format-standard","has-post-thumbnail","hentry","category-nacionales","category-politica"],"_links":{"self":[{"href":"https:\/\/alminutonoticia.com\/noticias\/wp-json\/wp\/v2\/posts\/9609","targetHints":{"allow":["GET"]}}],"collection":[{"href":"https:\/\/alminutonoticia.com\/noticias\/wp-json\/wp\/v2\/posts"}],"about":[{"href":"https:\/\/alminutonoticia.com\/noticias\/wp-json\/wp\/v2\/types\/post"}],"author":[{"embeddable":true,"href":"https:\/\/alminutonoticia.com\/noticias\/wp-json\/wp\/v2\/users\/3"}],"replies":[{"embeddable":true,"href":"https:\/\/alminutonoticia.com\/noticias\/wp-json\/wp\/v2\/comments?post=9609"}],"version-history":[{"count":1,"href":"https:\/\/alminutonoticia.com\/noticias\/wp-json\/wp\/v2\/posts\/9609\/revisions"}],"predecessor-version":[{"id":9612,"href":"https:\/\/alminutonoticia.com\/noticias\/wp-json\/wp\/v2\/posts\/9609\/revisions\/9612"}],"wp:featuredmedia":[{"embeddable":true,"href":"https:\/\/alminutonoticia.com\/noticias\/wp-json\/wp\/v2\/media\/9611"}],"wp:attachment":[{"href":"https:\/\/alminutonoticia.com\/noticias\/wp-json\/wp\/v2\/media?parent=9609"}],"wp:term":[{"taxonomy":"category","embeddable":true,"href":"https:\/\/alminutonoticia.com\/noticias\/wp-json\/wp\/v2\/categories?post=9609"},{"taxonomy":"post_tag","embeddable":true,"href":"https:\/\/alminutonoticia.com\/noticias\/wp-json\/wp\/v2\/tags?post=9609"}],"curies":[{"name":"wp","href":"https:\/\/api.w.org\/{rel}","templated":true}]}}