{"id":9528,"date":"2024-03-24T12:01:05","date_gmt":"2024-03-24T12:01:05","guid":{"rendered":"https:\/\/alminutonoticia.com\/noticias\/?p=9528"},"modified":"2024-03-24T12:01:07","modified_gmt":"2024-03-24T12:01:07","slug":"realizaran-conferencia-mundial-de-trabajadores-sociales-por-la-defensa-de-los-derechos-humanos","status":"publish","type":"post","link":"https:\/\/alminutonoticia.com\/noticias\/realizaran-conferencia-mundial-de-trabajadores-sociales-por-la-defensa-de-los-derechos-humanos\/","title":{"rendered":"Realizar\u00e1n Conferencia Mundial de Trabajadores Sociales por la defensa de los derechos humanos"},"content":{"rendered":"\n<p>La Rep\u00fablica de Panam\u00e1 ser\u00e1 la sede de la Conferencia Mundial de Trabajadores Sociales que tendr\u00e1 lugar del 4 al 7 de abril de 2024, en la que se abordar\u00e1n una diversidad de temas en los que la igualdad, la diversidad y las acciones de impacto social ser\u00e1n el fundamento principal de esta gran cita.<\/p>\n\n\n\n<p>M\u00e1s de 2 mil profesionales de las Ciencias Sociales, acad\u00e9micos, tomadores de decisiones y la sociedad civil provenientes de todo el mundo, se reunir\u00e1n en Panam\u00e1, siendo este\u00a0\u00a0\u00a0 el primer encuentro global de trabajo y desarrollo social presencial, luego de atravesar dos a\u00f1os de aislamiento y distanciamiento por la pandemia del COVID 19.<\/p>\n\n\n\n<p>Es un reto colosal en el que Panam\u00e1 se convertir\u00e1 en una especie de hub con m\u00faltiples conexiones e interconexiones con la presencia de colegas de todo el mundo, renovando el sentido de identidad profesional y armon\u00eda. &nbsp;<\/p>\n\n\n\n<p>Este encuentro permitir\u00e1 acceder al conocimiento de experiencias y puntos de vista diversos, de otras partes del mundo, y, sobre todo, conexiones significativas que fortalezcan redes asociativas para alcanzar el objetivo de la acci\u00f3n social conjunta.<\/p>\n\n\n\n<p>Este evento se ha consolidado como un referente global en el \u00e1mbito del trabajo social&nbsp;&nbsp;&nbsp; aportando en la implementaci\u00f3n de pol\u00edticas p\u00fablicas dirigidas a fortalecer no solo al gremio, sino&nbsp; la defensa de los derechos humanos de los grupos m\u00e1s vulnerables.<\/p>\n\n\n\n<p>Se estima que&nbsp;&nbsp; el evento deje a la econom\u00eda nacional, unos dos de millones de d\u00f3lares, ingreso que resultar\u00e1 del aporte en gastos que tendr\u00e1 cada uno de los visitantes que lleguen a Panam\u00e1, y permanezcan un promedio de seis d\u00edas para participar de la cita internacional de trabajadores sociales.<\/p>\n\n\n\n<p>Esta conferencia se realiza a nivel mundial desde el a\u00f1o 1928 y es la segunda vez que se efectuar\u00e1 en Latinoam\u00e9rica, por lo que es una riqueza a nivel de Latinoam\u00e9rica, en \u00e1mbitos acad\u00e9micos, experiencias y una importante inyecci\u00f3n econ\u00f3mica para Panam\u00e1, como pa\u00eds anfitri\u00f3n.<\/p>\n\n\n\n<figure class=\"wp-block-image size-full\"><a href=\"https:\/\/alminutonoticia.com\/noticias\/wp-content\/uploads\/2024\/03\/WhatsApp-Image-2024-03-21-at-6.28.48-PM1-768x1024-1.jpeg\"><img fetchpriority=\"high\" decoding=\"async\" width=\"768\" height=\"1024\" src=\"https:\/\/alminutonoticia.com\/noticias\/wp-content\/uploads\/2024\/03\/WhatsApp-Image-2024-03-21-at-6.28.48-PM1-768x1024-1.jpeg\" alt=\"\" class=\"wp-image-9529\" title=\"\" srcset=\"https:\/\/alminutonoticia.com\/noticias\/wp-content\/uploads\/2024\/03\/WhatsApp-Image-2024-03-21-at-6.28.48-PM1-768x1024-1.jpeg 768w, https:\/\/alminutonoticia.com\/noticias\/wp-content\/uploads\/2024\/03\/WhatsApp-Image-2024-03-21-at-6.28.48-PM1-768x1024-1-225x300.jpeg 225w\" sizes=\"(max-width: 768px) 100vw, 768px\" \/><\/a><\/figure>\n\n\n\n<ul class=\"wp-block-list\">\n<li><strong><em>Entre los temas a desarrollar en esta Conferencia Mundial destacan:<\/em><\/strong><em><\/em><\/li>\n\n\n\n<li>Democracia, Derechos Humanos, Construcci\u00f3n de la Paz y Justicia Ecosocial<\/li>\n\n\n\n<li>\u00c9tica en el Trabajo Social y Bienestar Social<\/li>\n\n\n\n<li>Movimientos Sociales, Activismo y Promoci\u00f3n Social<\/li>\n\n\n\n<li>Pobreza y desigualdades sociales<\/li>\n\n\n\n<li>Cambio clim\u00e1tico, Trabajo Social y Bienestar Social<\/li>\n\n\n\n<li>G\u00e9nero y Diversidad<\/li>\n\n\n\n<li>Diversidad y Respuestas Psicosociales en Situaciones de Cat\u00e1strofe<\/li>\n\n\n\n<li>Tecnolog\u00eda Digital \/ Inteligencia Artificial en el Trabajo Social y en el Bienestar Social.<\/li>\n\n\n\n<li>Personas en Situaci\u00f3n de Calle<\/li>\n\n\n\n<li>Salud\/Salud Mental<\/li>\n\n\n\n<li>Discapacidad<\/li>\n\n\n\n<li>Violencia dom\u00e9stica<\/li>\n\n\n\n<li>Adicciones o consumos problem\u00e1ticos (sustancias, juego, sexo, Internet)<\/li>\n\n\n\n<li>Migraci\u00f3n \/ B\u00fasqueda de refugio o asilo.<\/li>\n<\/ul>\n","protected":false},"excerpt":{"rendered":"<p>La Rep\u00fablica de Panam\u00e1 ser\u00e1 la sede de la Conferencia Mundial de Trabajadores Sociales que tendr\u00e1 lugar del 4 al 7 de abril de 2024, en la que se abordar\u00e1n una diversidad de temas en los que la igualdad, la diversidad y las acciones de impacto social ser\u00e1n el fundamento principal de esta gran cita. [&hellip;]<\/p>\n","protected":false},"author":3,"featured_media":9529,"comment_status":"open","ping_status":"open","sticky":false,"template":"","format":"standard","meta":{"footnotes":""},"categories":[36],"tags":[],"class_list":["post-9528","post","type-post","status-publish","format-standard","has-post-thumbnail","hentry","category-nacionales"],"_links":{"self":[{"href":"https:\/\/alminutonoticia.com\/noticias\/wp-json\/wp\/v2\/posts\/9528","targetHints":{"allow":["GET"]}}],"collection":[{"href":"https:\/\/alminutonoticia.com\/noticias\/wp-json\/wp\/v2\/posts"}],"about":[{"href":"https:\/\/alminutonoticia.com\/noticias\/wp-json\/wp\/v2\/types\/post"}],"author":[{"embeddable":true,"href":"https:\/\/alminutonoticia.com\/noticias\/wp-json\/wp\/v2\/users\/3"}],"replies":[{"embeddable":true,"href":"https:\/\/alminutonoticia.com\/noticias\/wp-json\/wp\/v2\/comments?post=9528"}],"version-history":[{"count":1,"href":"https:\/\/alminutonoticia.com\/noticias\/wp-json\/wp\/v2\/posts\/9528\/revisions"}],"predecessor-version":[{"id":9530,"href":"https:\/\/alminutonoticia.com\/noticias\/wp-json\/wp\/v2\/posts\/9528\/revisions\/9530"}],"wp:featuredmedia":[{"embeddable":true,"href":"https:\/\/alminutonoticia.com\/noticias\/wp-json\/wp\/v2\/media\/9529"}],"wp:attachment":[{"href":"https:\/\/alminutonoticia.com\/noticias\/wp-json\/wp\/v2\/media?parent=9528"}],"wp:term":[{"taxonomy":"category","embeddable":true,"href":"https:\/\/alminutonoticia.com\/noticias\/wp-json\/wp\/v2\/categories?post=9528"},{"taxonomy":"post_tag","embeddable":true,"href":"https:\/\/alminutonoticia.com\/noticias\/wp-json\/wp\/v2\/tags?post=9528"}],"curies":[{"name":"wp","href":"https:\/\/api.w.org\/{rel}","templated":true}]}}