{"id":9353,"date":"2024-03-18T01:01:25","date_gmt":"2024-03-18T01:01:25","guid":{"rendered":"https:\/\/alminutonoticia.com\/noticias\/?p=9353"},"modified":"2024-03-18T01:01:27","modified_gmt":"2024-03-18T01:01:27","slug":"te-rechaza-que-el-partido-realizando-metas-utilice-el-logo-martinelli-mulino","status":"publish","type":"post","link":"https:\/\/alminutonoticia.com\/noticias\/te-rechaza-que-el-partido-realizando-metas-utilice-el-logo-martinelli-mulino\/","title":{"rendered":"TE rechaza que el partido Realizando Metas utilice el logo Martinelli\/Mulino"},"content":{"rendered":"\n<p>El Pleno del Tribunal Electoral rechaz\u00f3 mediante Acuerdo 14-1 de 15 de marzo de 2024 una solicitud del partido Realizando Metas (RM) para la utilizaci\u00f3n del logo con el nombre Martinelli\/Mulino y la foto con esa leyenda del candidato presidencial Jos\u00e9 Ra\u00fal Mulino Quintero para la boleta de votaci\u00f3n para los comicios del 5 de mayo de 2024, porque se entiende es para fines de propaganda electoral.<\/p>\n\n\n\n<p>La decisi\u00f3n del m\u00e1ximo organismo electoral se sustenta en los Acuerdos (11-1 y 12-1) que declaran la inhabilitaci\u00f3n a la candidatura presidencial y de diputado del ciudadano Ricardo Alberto Martinelli Berrocal, producto de la sentencia condenatoria a m\u00e1s de cinco a\u00f1os de prisi\u00f3n, emitida por un tribunal de la justicia ordinaria. Dichos acuerdos tambi\u00e9n ordenaron la remoci\u00f3n de toda la propaganda electoral donde aparece el ciudadano Martinelli Berrocal como candidato.<\/p>\n\n\n\n<p>El Pleno del TE, acord\u00f3 que tanto la foto con la gorra, como el logo Martinelli\/Mulino, dan a entender que existe una n\u00f3mina, por lo que no pueden ser aprobados, ya que la autorizaci\u00f3n del uso, tanto de la foto como del material publicitario, crear\u00edan confusi\u00f3n al electorado, porque dan a entender que existe una n\u00f3mina presidencial inexistente, afectando la integridad del proceso electoral.<\/p>\n\n\n\n<p>La solicitud fue presentada por la licenciada Alma Cort\u00e9s, presidenta de la Comisi\u00f3n de Elecciones del colectivo RM, en la que adjunt\u00f3 la foto que eligi\u00f3 el candidato a la Presidencia de la Rep\u00fablica, Jos\u00e9 Ra\u00fal Mulino Quintero para que fuera colocada en la casilla correspondiente a los partidos RM y Alianza.<\/p>\n\n\n\n<figure class=\"wp-block-image size-large\"><a href=\"https:\/\/alminutonoticia.com\/noticias\/wp-content\/uploads\/2024\/03\/whatsapp_image_2024-02-06_at_11.17.18_am.jpeg\"><img fetchpriority=\"high\" decoding=\"async\" width=\"1024\" height=\"683\" src=\"https:\/\/alminutonoticia.com\/noticias\/wp-content\/uploads\/2024\/03\/whatsapp_image_2024-02-06_at_11.17.18_am-1024x683.jpeg\" alt=\"\" class=\"wp-image-9354\" title=\"\" srcset=\"https:\/\/alminutonoticia.com\/noticias\/wp-content\/uploads\/2024\/03\/whatsapp_image_2024-02-06_at_11.17.18_am-1024x683.jpeg 1024w, https:\/\/alminutonoticia.com\/noticias\/wp-content\/uploads\/2024\/03\/whatsapp_image_2024-02-06_at_11.17.18_am-300x200.jpeg 300w, https:\/\/alminutonoticia.com\/noticias\/wp-content\/uploads\/2024\/03\/whatsapp_image_2024-02-06_at_11.17.18_am-768x512.jpeg 768w, https:\/\/alminutonoticia.com\/noticias\/wp-content\/uploads\/2024\/03\/whatsapp_image_2024-02-06_at_11.17.18_am-1536x1024.jpeg 1536w, https:\/\/alminutonoticia.com\/noticias\/wp-content\/uploads\/2024\/03\/whatsapp_image_2024-02-06_at_11.17.18_am.jpeg 1600w\" sizes=\"(max-width: 1024px) 100vw, 1024px\" \/><\/a><\/figure>\n","protected":false},"excerpt":{"rendered":"<p>El Pleno del Tribunal Electoral rechaz\u00f3 mediante Acuerdo 14-1 de 15 de marzo de 2024 una solicitud del partido Realizando Metas (RM) para la utilizaci\u00f3n del logo con el nombre Martinelli\/Mulino y la foto con esa leyenda del candidato presidencial Jos\u00e9 Ra\u00fal Mulino Quintero para la boleta de votaci\u00f3n para los comicios del 5 de [&hellip;]<\/p>\n","protected":false},"author":3,"featured_media":9354,"comment_status":"open","ping_status":"open","sticky":false,"template":"","format":"standard","meta":{"footnotes":""},"categories":[36,37],"tags":[],"class_list":["post-9353","post","type-post","status-publish","format-standard","has-post-thumbnail","hentry","category-nacionales","category-politica"],"_links":{"self":[{"href":"https:\/\/alminutonoticia.com\/noticias\/wp-json\/wp\/v2\/posts\/9353","targetHints":{"allow":["GET"]}}],"collection":[{"href":"https:\/\/alminutonoticia.com\/noticias\/wp-json\/wp\/v2\/posts"}],"about":[{"href":"https:\/\/alminutonoticia.com\/noticias\/wp-json\/wp\/v2\/types\/post"}],"author":[{"embeddable":true,"href":"https:\/\/alminutonoticia.com\/noticias\/wp-json\/wp\/v2\/users\/3"}],"replies":[{"embeddable":true,"href":"https:\/\/alminutonoticia.com\/noticias\/wp-json\/wp\/v2\/comments?post=9353"}],"version-history":[{"count":1,"href":"https:\/\/alminutonoticia.com\/noticias\/wp-json\/wp\/v2\/posts\/9353\/revisions"}],"predecessor-version":[{"id":9355,"href":"https:\/\/alminutonoticia.com\/noticias\/wp-json\/wp\/v2\/posts\/9353\/revisions\/9355"}],"wp:featuredmedia":[{"embeddable":true,"href":"https:\/\/alminutonoticia.com\/noticias\/wp-json\/wp\/v2\/media\/9354"}],"wp:attachment":[{"href":"https:\/\/alminutonoticia.com\/noticias\/wp-json\/wp\/v2\/media?parent=9353"}],"wp:term":[{"taxonomy":"category","embeddable":true,"href":"https:\/\/alminutonoticia.com\/noticias\/wp-json\/wp\/v2\/categories?post=9353"},{"taxonomy":"post_tag","embeddable":true,"href":"https:\/\/alminutonoticia.com\/noticias\/wp-json\/wp\/v2\/tags?post=9353"}],"curies":[{"name":"wp","href":"https:\/\/api.w.org\/{rel}","templated":true}]}}