{"id":9348,"date":"2024-03-18T00:59:21","date_gmt":"2024-03-18T00:59:21","guid":{"rendered":"https:\/\/alminutonoticia.com\/noticias\/?p=9348"},"modified":"2024-03-18T00:59:23","modified_gmt":"2024-03-18T00:59:23","slug":"aaud-presentara-denuncia-ante-el-misterio-publico-por-los-constantes-incendios-en-cerro-patacon","status":"publish","type":"post","link":"https:\/\/alminutonoticia.com\/noticias\/aaud-presentara-denuncia-ante-el-misterio-publico-por-los-constantes-incendios-en-cerro-patacon\/","title":{"rendered":"AAUD presentar\u00e1 denuncia ante el Misterio P\u00fablico por los constantes incendios en Cerro Patac\u00f3n"},"content":{"rendered":"\n<p>Rafael Prado, administrador general de la Autoridad de Aseo Urbano y Domiciliario (AAUD) anunci\u00f3 que presentar\u00e1n una denuncia ante el Ministerio P\u00fablico debido a los reiterados incendios en el vertedero de Cerro Patac\u00f3n.<\/p>\n\n\n\n<figure class=\"wp-block-image size-full is-resized\"><a href=\"https:\/\/alminutonoticia.com\/noticias\/wp-content\/uploads\/2024\/03\/9ea4cf76-3bab-4144-b85e-a7cca1a0a69d-1024x1024-1.jpeg\"><img fetchpriority=\"high\" decoding=\"async\" width=\"1024\" height=\"1024\" src=\"https:\/\/alminutonoticia.com\/noticias\/wp-content\/uploads\/2024\/03\/9ea4cf76-3bab-4144-b85e-a7cca1a0a69d-1024x1024-1.jpeg\" alt=\"\" class=\"wp-image-9349\" style=\"width:840px;height:auto\" title=\"\" srcset=\"https:\/\/alminutonoticia.com\/noticias\/wp-content\/uploads\/2024\/03\/9ea4cf76-3bab-4144-b85e-a7cca1a0a69d-1024x1024-1.jpeg 1024w, https:\/\/alminutonoticia.com\/noticias\/wp-content\/uploads\/2024\/03\/9ea4cf76-3bab-4144-b85e-a7cca1a0a69d-1024x1024-1-300x300.jpeg 300w, https:\/\/alminutonoticia.com\/noticias\/wp-content\/uploads\/2024\/03\/9ea4cf76-3bab-4144-b85e-a7cca1a0a69d-1024x1024-1-150x150.jpeg 150w, https:\/\/alminutonoticia.com\/noticias\/wp-content\/uploads\/2024\/03\/9ea4cf76-3bab-4144-b85e-a7cca1a0a69d-1024x1024-1-768x768.jpeg 768w\" sizes=\"(max-width: 1024px) 100vw, 1024px\" \/><\/a><\/figure>\n\n\n\n<p>Por la situaci\u00f3n, el Ministerio de Seguridad y la Polic\u00eda Nacional coordinan los respectivos accesos a Cerro Patac\u00f3n.<\/p>\n\n\n\n<p>Adem\u00e1s, se adelant\u00f3 que se licitar\u00e1 un modelo nuevo a largo plazo, con una planta de tratamiento, estaciones de transferencia y generaci\u00f3n de energ\u00eda,<strong>&nbsp;c<\/strong>on un costo de 46.8 millones de d\u00f3lares para una operaci\u00f3n transitoria de tres a\u00f1os.<\/p>\n\n\n\n<p>Por otro lado, el director del BCBRP, coronel Ernesto De Le\u00f3n Echevers, report\u00f3 que\u00a0el \u00faltimo incendio, se ha controlado en un 60%, trabajo que han realizado 120 unidades desplegadas.<\/p>\n\n\n\n<figure class=\"wp-block-image size-full\"><a href=\"https:\/\/alminutonoticia.com\/noticias\/wp-content\/uploads\/2024\/03\/62cead75-c3fe-4587-9bb0-e1e26b3844ea-323232-1-1024x1024-1.jpeg\"><img decoding=\"async\" width=\"1024\" height=\"1024\" src=\"https:\/\/alminutonoticia.com\/noticias\/wp-content\/uploads\/2024\/03\/62cead75-c3fe-4587-9bb0-e1e26b3844ea-323232-1-1024x1024-1.jpeg\" alt=\"\" class=\"wp-image-9350\" title=\"\" srcset=\"https:\/\/alminutonoticia.com\/noticias\/wp-content\/uploads\/2024\/03\/62cead75-c3fe-4587-9bb0-e1e26b3844ea-323232-1-1024x1024-1.jpeg 1024w, https:\/\/alminutonoticia.com\/noticias\/wp-content\/uploads\/2024\/03\/62cead75-c3fe-4587-9bb0-e1e26b3844ea-323232-1-1024x1024-1-300x300.jpeg 300w, https:\/\/alminutonoticia.com\/noticias\/wp-content\/uploads\/2024\/03\/62cead75-c3fe-4587-9bb0-e1e26b3844ea-323232-1-1024x1024-1-150x150.jpeg 150w, https:\/\/alminutonoticia.com\/noticias\/wp-content\/uploads\/2024\/03\/62cead75-c3fe-4587-9bb0-e1e26b3844ea-323232-1-1024x1024-1-768x768.jpeg 768w\" sizes=\"(max-width: 1024px) 100vw, 1024px\" \/><\/a><\/figure>\n\n\n\n<figure class=\"wp-block-image size-full\"><a href=\"https:\/\/alminutonoticia.com\/noticias\/wp-content\/uploads\/2024\/03\/bombe-770x470-1.jpeg\"><img decoding=\"async\" width=\"770\" height=\"470\" src=\"https:\/\/alminutonoticia.com\/noticias\/wp-content\/uploads\/2024\/03\/bombe-770x470-1.jpeg\" alt=\"\" class=\"wp-image-9351\" title=\"\" srcset=\"https:\/\/alminutonoticia.com\/noticias\/wp-content\/uploads\/2024\/03\/bombe-770x470-1.jpeg 770w, https:\/\/alminutonoticia.com\/noticias\/wp-content\/uploads\/2024\/03\/bombe-770x470-1-300x183.jpeg 300w, https:\/\/alminutonoticia.com\/noticias\/wp-content\/uploads\/2024\/03\/bombe-770x470-1-768x469.jpeg 768w\" sizes=\"(max-width: 770px) 100vw, 770px\" \/><\/a><\/figure>\n","protected":false},"excerpt":{"rendered":"<p>Rafael Prado, administrador general de la Autoridad de Aseo Urbano y Domiciliario (AAUD) anunci\u00f3 que presentar\u00e1n una denuncia ante el Ministerio P\u00fablico debido a los reiterados incendios en el vertedero de Cerro Patac\u00f3n. Por la situaci\u00f3n, el Ministerio de Seguridad y la Polic\u00eda Nacional coordinan los respectivos accesos a Cerro Patac\u00f3n. Adem\u00e1s, se adelant\u00f3 que [&hellip;]<\/p>\n","protected":false},"author":3,"featured_media":9351,"comment_status":"open","ping_status":"open","sticky":false,"template":"","format":"standard","meta":{"footnotes":""},"categories":[36,42],"tags":[],"class_list":["post-9348","post","type-post","status-publish","format-standard","has-post-thumbnail","hentry","category-nacionales","category-ambiente"],"_links":{"self":[{"href":"https:\/\/alminutonoticia.com\/noticias\/wp-json\/wp\/v2\/posts\/9348","targetHints":{"allow":["GET"]}}],"collection":[{"href":"https:\/\/alminutonoticia.com\/noticias\/wp-json\/wp\/v2\/posts"}],"about":[{"href":"https:\/\/alminutonoticia.com\/noticias\/wp-json\/wp\/v2\/types\/post"}],"author":[{"embeddable":true,"href":"https:\/\/alminutonoticia.com\/noticias\/wp-json\/wp\/v2\/users\/3"}],"replies":[{"embeddable":true,"href":"https:\/\/alminutonoticia.com\/noticias\/wp-json\/wp\/v2\/comments?post=9348"}],"version-history":[{"count":1,"href":"https:\/\/alminutonoticia.com\/noticias\/wp-json\/wp\/v2\/posts\/9348\/revisions"}],"predecessor-version":[{"id":9352,"href":"https:\/\/alminutonoticia.com\/noticias\/wp-json\/wp\/v2\/posts\/9348\/revisions\/9352"}],"wp:featuredmedia":[{"embeddable":true,"href":"https:\/\/alminutonoticia.com\/noticias\/wp-json\/wp\/v2\/media\/9351"}],"wp:attachment":[{"href":"https:\/\/alminutonoticia.com\/noticias\/wp-json\/wp\/v2\/media?parent=9348"}],"wp:term":[{"taxonomy":"category","embeddable":true,"href":"https:\/\/alminutonoticia.com\/noticias\/wp-json\/wp\/v2\/categories?post=9348"},{"taxonomy":"post_tag","embeddable":true,"href":"https:\/\/alminutonoticia.com\/noticias\/wp-json\/wp\/v2\/tags?post=9348"}],"curies":[{"name":"wp","href":"https:\/\/api.w.org\/{rel}","templated":true}]}}