{"id":915,"date":"2023-01-29T13:45:29","date_gmt":"2023-01-29T13:45:29","guid":{"rendered":"https:\/\/alminutonoticia.com\/noticias\/?p=915"},"modified":"2023-01-29T13:45:29","modified_gmt":"2023-01-29T13:45:29","slug":"alto-comisionado-de-ddhh-pide-fin-de-torturas-y-libertad-para-detenidos-en-venezuela","status":"publish","type":"post","link":"https:\/\/alminutonoticia.com\/noticias\/alto-comisionado-de-ddhh-pide-fin-de-torturas-y-libertad-para-detenidos-en-venezuela\/","title":{"rendered":"Alto Comisionado de DDHH pide fin de torturas y libertad para detenidos en Venezuela"},"content":{"rendered":"\n<p>El Alto Comisionado de la ONU para los Derechos Humanos, Volker T\u00fcrk, anim\u00f3 este s\u00e1bado a las autoridades de Venezuela a liberar a todos los detenidos arbitrariamente y a tomar medidas para poner fin a las torturas, tras una visita de dos d\u00edas al pa\u00eds.&nbsp;<\/p>\n\n\n\n<p>\u00abPed\u00ed que se pusieran en libertad a todas las personas detenidas arbitrariamente\u00bb, declar\u00f3 en ingl\u00e9s T\u00fcrk desde el aeropuerto internacional de Maiquet\u00eda, que sirve a Caracas,&nbsp;<strong>minutos antes de abandonar el pa\u00eds.&nbsp;<\/strong><\/p>\n\n\n\n<p><strong>El Alto Comisionado lleg\u00f3 el jueves a Venezuela para sostener reuniones con las autoridades<\/strong>\u00a0de la administraci\u00f3n del presidente Nicol\u00e1s Maduro y grupos de la sociedad civil, tras una invitaci\u00f3n hecha por el gobierno.\u00a0<\/p>\n\n\n\n<p>\u00abSe me prometi\u00f3 que se atender\u00edan las denuncias de tortura (&#8230;) que ser\u00e1n investigadas y los responsables enjuiciados. Anim\u00e9 a las autoridades a tomar medidas decisivas para poner fin a la tortura de una vez por todas\u00bb, asegur\u00f3 tras mencionar que escuch\u00f3 relatos de algunas v\u00edctimas.&nbsp;<\/p>\n\n\n\n<p>Oeneg\u00e9s y grupos de la sociedad civil han denunciado en reiteradas oportunidades \u00abviolaciones sistem\u00e1ticas\u00bb a los derechos humanos en Venezuela, especialmente por parte de cuerpos de seguridad del Estado. T\u00fcrk mencion\u00f3 que las ejecuciones \u00abextrajudiciales\u00bb&nbsp;<strong>contin\u00faan perpetr\u00e1ndose y que \u00abhay trauma en las personas\u00bb.<\/strong><\/p>\n\n\n\n<p>No obstante, destac\u00f3 que el gobierno se mostr\u00f3 dispuesto a seguir trabajando para \u00abmejorar el sistema de justicia\u00bb y&nbsp;<strong>aplaudi\u00f3 la disposici\u00f3n p\u00fablica de Maduro para ello.<\/strong><\/p>\n\n\n\n<p>\u00abYo conf\u00edo en que pronto tendremos acceso sin restricciones a todos los centros de detenci\u00f3n del pa\u00eds\u00bb, sostuvo.&nbsp;<\/p>\n\n\n\n<p><strong>El Alto Comisionado de la ONU trabaja en Venezuela desde 2019,&nbsp;<\/strong>bajo la representaci\u00f3n de una comisi\u00f3n que fue instalada por Michelle Bachelet, antecesora de T\u00fcrk, a fin de vigilar y prestar asistencia en la situaci\u00f3n de derechos humanos tras una ola de denuncias de v\u00edctimas.<\/p>\n\n\n\n<p>Antes de dejar el cargo, Bachelet dijo que ve\u00eda progresos en materia de derechos humanos, pero que a\u00fan quedaba \u00abm\u00e1s por hacer\u00bb.&nbsp;<\/p>\n\n\n\n<p><strong>T\u00fcrk se\u00f1al\u00f3 que su oficina seguir\u00e1 trabajando y prestando asistencia t\u00e9cnica<\/strong>&nbsp;por dos a\u00f1os m\u00e1s en el pa\u00eds.<\/p>\n\n\n\n<p>El Alto Comisionado t<strong>ambi\u00e9n anim\u00f3 a las autoridades tomar en cuenta la \u00abimportancia de garantizar el espacio c\u00edvico\u00bb&nbsp;<\/strong>tras la reciente propuesta de una ley que busca regular el funcionamiento de las oeneg\u00e9s.&nbsp;<\/p>\n\n\n\n<p>\u00abPude compartir nuestras observaciones y preocupaciones (&#8230;) y ped\u00ed que se estableciera un amplio proceso consultivo sobre la ley\u00bb, apunt\u00f3.<\/p>\n\n\n\n<figure class=\"wp-block-image size-large\"><a href=\"https:\/\/alminutonoticia.com\/noticias\/wp-content\/uploads\/2023\/01\/36ce4a67-9a16-4980-aaba-5988b5e7b232_16-9-aspect-ratio_1200w_0.webp\"><img fetchpriority=\"high\" decoding=\"async\" width=\"1024\" height=\"576\" src=\"https:\/\/alminutonoticia.com\/noticias\/wp-content\/uploads\/2023\/01\/36ce4a67-9a16-4980-aaba-5988b5e7b232_16-9-aspect-ratio_1200w_0-1024x576.webp\" alt=\"\" class=\"wp-image-916\" title=\"\" srcset=\"https:\/\/alminutonoticia.com\/noticias\/wp-content\/uploads\/2023\/01\/36ce4a67-9a16-4980-aaba-5988b5e7b232_16-9-aspect-ratio_1200w_0-1024x576.webp 1024w, https:\/\/alminutonoticia.com\/noticias\/wp-content\/uploads\/2023\/01\/36ce4a67-9a16-4980-aaba-5988b5e7b232_16-9-aspect-ratio_1200w_0-300x169.webp 300w, https:\/\/alminutonoticia.com\/noticias\/wp-content\/uploads\/2023\/01\/36ce4a67-9a16-4980-aaba-5988b5e7b232_16-9-aspect-ratio_1200w_0-768x432.webp 768w, https:\/\/alminutonoticia.com\/noticias\/wp-content\/uploads\/2023\/01\/36ce4a67-9a16-4980-aaba-5988b5e7b232_16-9-aspect-ratio_1200w_0.webp 1200w\" sizes=\"(max-width: 1024px) 100vw, 1024px\" \/><\/a><\/figure>\n","protected":false},"excerpt":{"rendered":"<p>El Alto Comisionado de la ONU para los Derechos Humanos, Volker T\u00fcrk, anim\u00f3 este s\u00e1bado a las autoridades de Venezuela a liberar a todos los detenidos arbitrariamente y a tomar medidas para poner fin a las torturas, tras una visita de dos d\u00edas al pa\u00eds.&nbsp; \u00abPed\u00ed que se pusieran en libertad a todas las personas [&hellip;]<\/p>\n","protected":false},"author":3,"featured_media":916,"comment_status":"open","ping_status":"open","sticky":false,"template":"","format":"standard","meta":{"footnotes":""},"categories":[39],"tags":[],"class_list":["post-915","post","type-post","status-publish","format-standard","has-post-thumbnail","hentry","category-internacionales"],"_links":{"self":[{"href":"https:\/\/alminutonoticia.com\/noticias\/wp-json\/wp\/v2\/posts\/915","targetHints":{"allow":["GET"]}}],"collection":[{"href":"https:\/\/alminutonoticia.com\/noticias\/wp-json\/wp\/v2\/posts"}],"about":[{"href":"https:\/\/alminutonoticia.com\/noticias\/wp-json\/wp\/v2\/types\/post"}],"author":[{"embeddable":true,"href":"https:\/\/alminutonoticia.com\/noticias\/wp-json\/wp\/v2\/users\/3"}],"replies":[{"embeddable":true,"href":"https:\/\/alminutonoticia.com\/noticias\/wp-json\/wp\/v2\/comments?post=915"}],"version-history":[{"count":1,"href":"https:\/\/alminutonoticia.com\/noticias\/wp-json\/wp\/v2\/posts\/915\/revisions"}],"predecessor-version":[{"id":917,"href":"https:\/\/alminutonoticia.com\/noticias\/wp-json\/wp\/v2\/posts\/915\/revisions\/917"}],"wp:featuredmedia":[{"embeddable":true,"href":"https:\/\/alminutonoticia.com\/noticias\/wp-json\/wp\/v2\/media\/916"}],"wp:attachment":[{"href":"https:\/\/alminutonoticia.com\/noticias\/wp-json\/wp\/v2\/media?parent=915"}],"wp:term":[{"taxonomy":"category","embeddable":true,"href":"https:\/\/alminutonoticia.com\/noticias\/wp-json\/wp\/v2\/categories?post=915"},{"taxonomy":"post_tag","embeddable":true,"href":"https:\/\/alminutonoticia.com\/noticias\/wp-json\/wp\/v2\/tags?post=915"}],"curies":[{"name":"wp","href":"https:\/\/api.w.org\/{rel}","templated":true}]}}