{"id":882,"date":"2023-01-29T12:36:46","date_gmt":"2023-01-29T12:36:46","guid":{"rendered":"https:\/\/alminutonoticia.com\/noticias\/?p=882"},"modified":"2023-01-29T12:36:47","modified_gmt":"2023-01-29T12:36:47","slug":"defensoria-participa-de-acreditacion-de-primera-empresa-panamena-como-zona-libre-de-estigma-y-discriminacion","status":"publish","type":"post","link":"https:\/\/alminutonoticia.com\/noticias\/defensoria-participa-de-acreditacion-de-primera-empresa-panamena-como-zona-libre-de-estigma-y-discriminacion\/","title":{"rendered":"<strong>Defensor\u00eda participa de acreditaci\u00f3n de primera empresa paname\u00f1a como zona libre de estigma y discriminaci\u00f3n<\/strong>"},"content":{"rendered":"\n<p>El Defensor del Pueblo Eduardo Leblanc Gonz\u00e1lez, destac\u00f3 la conducta empresarial responsable adquirida por la red de cl\u00ednicas y laboratorios privados Minimed, en donde en presencia de representantes del Ministerio de Salud y de la Embajada de los Estados Unidos se devel\u00f3 la placa que les identifica como \u201czona libre de estigma discriminaci\u00f3n\u201d, como parte de la iniciativa de Generaci\u00f3n Cero.<\/p>\n\n\n\n<p>Generaci\u00f3n Cero es una iniciativa centroamericana que busca la construcci\u00f3n de una sociedad m\u00e1s incluyente y respetuosa de todas las personas en Panam\u00e1 y en la regi\u00f3n; y el reconocimiento que se hace a la empresa paname\u00f1a Minimed es por haber completado con su personal un proceso de sensibilizaci\u00f3n en temas de VIH, prevenci\u00f3n, g\u00e9nero, diversidad sexual, estigma y discriminaci\u00f3n guiado por la Agencia de Estados Unidos para el Desarrollo Internacional (USAID).<\/p>\n\n\n\n<p>Participaron en este evento el Defensor del Pueblo, Eduardo Leblanc Gonz\u00e1lez; Saratiel Karica, gerente de Generaci\u00f3n Cero para Panam\u00e1; Rub\u00e9n Pechio, representante de USAID, Carlos Llanos, gerente general de Minimed y Denis Ceballos de Asociaci\u00f3n PASMO Panam\u00e1.<\/p>\n\n\n\n<figure class=\"wp-block-image size-large\"><a href=\"https:\/\/alminutonoticia.com\/noticias\/wp-content\/uploads\/2023\/01\/MINIMED-2-scaled.jpg\"><img fetchpriority=\"high\" decoding=\"async\" width=\"1024\" height=\"687\" src=\"https:\/\/alminutonoticia.com\/noticias\/wp-content\/uploads\/2023\/01\/MINIMED-2-1024x687.jpg\" alt=\"\" class=\"wp-image-883\" title=\"\" srcset=\"https:\/\/alminutonoticia.com\/noticias\/wp-content\/uploads\/2023\/01\/MINIMED-2-1024x687.jpg 1024w, https:\/\/alminutonoticia.com\/noticias\/wp-content\/uploads\/2023\/01\/MINIMED-2-300x201.jpg 300w, https:\/\/alminutonoticia.com\/noticias\/wp-content\/uploads\/2023\/01\/MINIMED-2-768x515.jpg 768w, https:\/\/alminutonoticia.com\/noticias\/wp-content\/uploads\/2023\/01\/MINIMED-2-1536x1031.jpg 1536w, https:\/\/alminutonoticia.com\/noticias\/wp-content\/uploads\/2023\/01\/MINIMED-2-2048x1374.jpg 2048w\" sizes=\"(max-width: 1024px) 100vw, 1024px\" \/><\/a><\/figure>\n\n\n\n<figure class=\"wp-block-image size-large\"><a href=\"https:\/\/alminutonoticia.com\/noticias\/wp-content\/uploads\/2023\/01\/MINIMED-1-scaled.jpg\"><img decoding=\"async\" width=\"1024\" height=\"577\" src=\"https:\/\/alminutonoticia.com\/noticias\/wp-content\/uploads\/2023\/01\/MINIMED-1-1024x577.jpg\" alt=\"\" class=\"wp-image-884\" title=\"\" srcset=\"https:\/\/alminutonoticia.com\/noticias\/wp-content\/uploads\/2023\/01\/MINIMED-1-1024x577.jpg 1024w, https:\/\/alminutonoticia.com\/noticias\/wp-content\/uploads\/2023\/01\/MINIMED-1-300x169.jpg 300w, https:\/\/alminutonoticia.com\/noticias\/wp-content\/uploads\/2023\/01\/MINIMED-1-768x432.jpg 768w, https:\/\/alminutonoticia.com\/noticias\/wp-content\/uploads\/2023\/01\/MINIMED-1-1536x865.jpg 1536w, https:\/\/alminutonoticia.com\/noticias\/wp-content\/uploads\/2023\/01\/MINIMED-1-2048x1153.jpg 2048w\" sizes=\"(max-width: 1024px) 100vw, 1024px\" \/><\/a><\/figure>\n\n\n\n<figure class=\"wp-block-image size-large\"><a href=\"https:\/\/alminutonoticia.com\/noticias\/wp-content\/uploads\/2023\/01\/MINIMED-3-scaled.jpg\"><img decoding=\"async\" width=\"1024\" height=\"577\" src=\"https:\/\/alminutonoticia.com\/noticias\/wp-content\/uploads\/2023\/01\/MINIMED-3-1024x577.jpg\" alt=\"\" class=\"wp-image-885\" title=\"\" srcset=\"https:\/\/alminutonoticia.com\/noticias\/wp-content\/uploads\/2023\/01\/MINIMED-3-1024x577.jpg 1024w, https:\/\/alminutonoticia.com\/noticias\/wp-content\/uploads\/2023\/01\/MINIMED-3-300x169.jpg 300w, https:\/\/alminutonoticia.com\/noticias\/wp-content\/uploads\/2023\/01\/MINIMED-3-768x432.jpg 768w, https:\/\/alminutonoticia.com\/noticias\/wp-content\/uploads\/2023\/01\/MINIMED-3-1536x865.jpg 1536w, https:\/\/alminutonoticia.com\/noticias\/wp-content\/uploads\/2023\/01\/MINIMED-3-2048x1153.jpg 2048w\" sizes=\"(max-width: 1024px) 100vw, 1024px\" \/><\/a><\/figure>\n\n\n\n<figure class=\"wp-block-image size-large\"><a href=\"https:\/\/alminutonoticia.com\/noticias\/wp-content\/uploads\/2023\/01\/MINIMED-4-scaled.jpg\"><img loading=\"lazy\" decoding=\"async\" width=\"577\" height=\"1024\" src=\"https:\/\/alminutonoticia.com\/noticias\/wp-content\/uploads\/2023\/01\/MINIMED-4-577x1024.jpg\" alt=\"\" class=\"wp-image-886\" title=\"\" srcset=\"https:\/\/alminutonoticia.com\/noticias\/wp-content\/uploads\/2023\/01\/MINIMED-4-577x1024.jpg 577w, https:\/\/alminutonoticia.com\/noticias\/wp-content\/uploads\/2023\/01\/MINIMED-4-169x300.jpg 169w, https:\/\/alminutonoticia.com\/noticias\/wp-content\/uploads\/2023\/01\/MINIMED-4-768x1364.jpg 768w, https:\/\/alminutonoticia.com\/noticias\/wp-content\/uploads\/2023\/01\/MINIMED-4-865x1536.jpg 865w, https:\/\/alminutonoticia.com\/noticias\/wp-content\/uploads\/2023\/01\/MINIMED-4-1153x2048.jpg 1153w, https:\/\/alminutonoticia.com\/noticias\/wp-content\/uploads\/2023\/01\/MINIMED-4-scaled.jpg 1442w\" sizes=\"(max-width: 577px) 100vw, 577px\" \/><\/a><\/figure>\n","protected":false},"excerpt":{"rendered":"<p>El Defensor del Pueblo Eduardo Leblanc Gonz\u00e1lez, destac\u00f3 la conducta empresarial responsable adquirida por la red de cl\u00ednicas y laboratorios privados Minimed, en donde en presencia de representantes del Ministerio de Salud y de la Embajada de los Estados Unidos se devel\u00f3 la placa que les identifica como \u201czona libre de estigma discriminaci\u00f3n\u201d, como parte [&hellip;]<\/p>\n","protected":false},"author":3,"featured_media":885,"comment_status":"open","ping_status":"open","sticky":false,"template":"","format":"standard","meta":{"footnotes":""},"categories":[36],"tags":[],"class_list":["post-882","post","type-post","status-publish","format-standard","has-post-thumbnail","hentry","category-nacionales"],"_links":{"self":[{"href":"https:\/\/alminutonoticia.com\/noticias\/wp-json\/wp\/v2\/posts\/882","targetHints":{"allow":["GET"]}}],"collection":[{"href":"https:\/\/alminutonoticia.com\/noticias\/wp-json\/wp\/v2\/posts"}],"about":[{"href":"https:\/\/alminutonoticia.com\/noticias\/wp-json\/wp\/v2\/types\/post"}],"author":[{"embeddable":true,"href":"https:\/\/alminutonoticia.com\/noticias\/wp-json\/wp\/v2\/users\/3"}],"replies":[{"embeddable":true,"href":"https:\/\/alminutonoticia.com\/noticias\/wp-json\/wp\/v2\/comments?post=882"}],"version-history":[{"count":1,"href":"https:\/\/alminutonoticia.com\/noticias\/wp-json\/wp\/v2\/posts\/882\/revisions"}],"predecessor-version":[{"id":887,"href":"https:\/\/alminutonoticia.com\/noticias\/wp-json\/wp\/v2\/posts\/882\/revisions\/887"}],"wp:featuredmedia":[{"embeddable":true,"href":"https:\/\/alminutonoticia.com\/noticias\/wp-json\/wp\/v2\/media\/885"}],"wp:attachment":[{"href":"https:\/\/alminutonoticia.com\/noticias\/wp-json\/wp\/v2\/media?parent=882"}],"wp:term":[{"taxonomy":"category","embeddable":true,"href":"https:\/\/alminutonoticia.com\/noticias\/wp-json\/wp\/v2\/categories?post=882"},{"taxonomy":"post_tag","embeddable":true,"href":"https:\/\/alminutonoticia.com\/noticias\/wp-json\/wp\/v2\/tags?post=882"}],"curies":[{"name":"wp","href":"https:\/\/api.w.org\/{rel}","templated":true}]}}