{"id":863,"date":"2023-01-25T11:20:49","date_gmt":"2023-01-25T11:20:49","guid":{"rendered":"https:\/\/alminutonoticia.com\/noticias\/?p=863"},"modified":"2023-01-25T11:20:50","modified_gmt":"2023-01-25T11:20:50","slug":"defensoria-atiende-quejas-por-presuntos-derechos-vulnerados-en-chepo-de-las-minas-en-herrera","status":"publish","type":"post","link":"https:\/\/alminutonoticia.com\/noticias\/defensoria-atiende-quejas-por-presuntos-derechos-vulnerados-en-chepo-de-las-minas-en-herrera\/","title":{"rendered":"<strong>Defensor\u00eda atiende quejas por presuntos derechos vulnerados en Chepo de las Minas en Herrera<\/strong>"},"content":{"rendered":"\n<p>Derechos a la salud, al agua, al acceso de informaci\u00f3n y libertad de expresi\u00f3n y el de petici\u00f3n, fueron algunos de los derechos presuntamente vulnerados a moradores de la comunidad de Chepo en Las Minas provincia de Herrera, detectados mediante una reciente gira de trabajo en una Defensor\u00eda M\u00f3vil realizada en este apartado punto del pa\u00eds, por el Defensor del Pueblo Eduardo Leblanc Gonz\u00e1lez, junto a su equipo de trabajo de la sede principal y de esa provincia.<\/p>\n\n\n\n<p>Oficiales de Derechos Humanos se trasladaron a Chepo de Las Minas de Herrera registrando unas 16 atenciones; de las cuales se abrieron 9 quejas, hubo 5 orientaciones y 2 peticiones.<\/p>\n\n\n\n<p>Tambi\u00e9n se realiz\u00f3 promoci\u00f3n de Derechos Humanos a personas mayores, mujeres; as\u00ed como a Ni\u00f1as, Ni\u00f1os y Adolescentes (NNA), quienes participaron de actividades did\u00e1cticas junto a los oficiales de Derechos Humanos.<\/p>\n\n\n\n<p>Acompa\u00f1aron al Defensor del Pueblo, la directora de Unidades Especializadas, Anna Karina Salerno; Ileana Ruiloba, Directora de Asesor\u00eda Jur\u00eddica; Doris Hern\u00e1ndez de Servicios Generales; Yazm\u00edn Jim\u00e9nez, Directora de Comunicaci\u00f3n y la Directora de la Regional de Herrera, Carmen Norato.<\/p>\n\n\n\n<figure class=\"wp-block-image size-full\"><a href=\"https:\/\/alminutonoticia.com\/noticias\/wp-content\/uploads\/2023\/01\/LAS-MINAS-6.jpg\"><img fetchpriority=\"high\" decoding=\"async\" width=\"1024\" height=\"683\" src=\"https:\/\/alminutonoticia.com\/noticias\/wp-content\/uploads\/2023\/01\/LAS-MINAS-6.jpg\" alt=\"\" class=\"wp-image-864\" title=\"\" srcset=\"https:\/\/alminutonoticia.com\/noticias\/wp-content\/uploads\/2023\/01\/LAS-MINAS-6.jpg 1024w, https:\/\/alminutonoticia.com\/noticias\/wp-content\/uploads\/2023\/01\/LAS-MINAS-6-300x200.jpg 300w, https:\/\/alminutonoticia.com\/noticias\/wp-content\/uploads\/2023\/01\/LAS-MINAS-6-768x512.jpg 768w\" sizes=\"(max-width: 1024px) 100vw, 1024px\" \/><\/a><\/figure>\n\n\n\n<figure class=\"wp-block-image size-large\"><a href=\"https:\/\/alminutonoticia.com\/noticias\/wp-content\/uploads\/2023\/01\/LAS-MINAS-7.jpg\"><img decoding=\"async\" width=\"768\" height=\"1024\" src=\"https:\/\/alminutonoticia.com\/noticias\/wp-content\/uploads\/2023\/01\/LAS-MINAS-7-768x1024.jpg\" alt=\"\" class=\"wp-image-865\" title=\"\" srcset=\"https:\/\/alminutonoticia.com\/noticias\/wp-content\/uploads\/2023\/01\/LAS-MINAS-7-768x1024.jpg 768w, https:\/\/alminutonoticia.com\/noticias\/wp-content\/uploads\/2023\/01\/LAS-MINAS-7-225x300.jpg 225w, https:\/\/alminutonoticia.com\/noticias\/wp-content\/uploads\/2023\/01\/LAS-MINAS-7-1152x1536.jpg 1152w, https:\/\/alminutonoticia.com\/noticias\/wp-content\/uploads\/2023\/01\/LAS-MINAS-7.jpg 1200w\" sizes=\"(max-width: 768px) 100vw, 768px\" \/><\/a><\/figure>\n\n\n\n<figure class=\"wp-block-image size-full\"><a href=\"https:\/\/alminutonoticia.com\/noticias\/wp-content\/uploads\/2023\/01\/LAS-MINAS-1.jpg\"><img decoding=\"async\" width=\"1024\" height=\"683\" src=\"https:\/\/alminutonoticia.com\/noticias\/wp-content\/uploads\/2023\/01\/LAS-MINAS-1.jpg\" alt=\"\" class=\"wp-image-866\" title=\"\" srcset=\"https:\/\/alminutonoticia.com\/noticias\/wp-content\/uploads\/2023\/01\/LAS-MINAS-1.jpg 1024w, https:\/\/alminutonoticia.com\/noticias\/wp-content\/uploads\/2023\/01\/LAS-MINAS-1-300x200.jpg 300w, https:\/\/alminutonoticia.com\/noticias\/wp-content\/uploads\/2023\/01\/LAS-MINAS-1-768x512.jpg 768w\" sizes=\"(max-width: 1024px) 100vw, 1024px\" \/><\/a><\/figure>\n\n\n\n<figure class=\"wp-block-image size-full\"><a href=\"https:\/\/alminutonoticia.com\/noticias\/wp-content\/uploads\/2023\/01\/LAS-MINAS-2.jpg\"><img loading=\"lazy\" decoding=\"async\" width=\"1024\" height=\"683\" src=\"https:\/\/alminutonoticia.com\/noticias\/wp-content\/uploads\/2023\/01\/LAS-MINAS-2.jpg\" alt=\"\" class=\"wp-image-867\" title=\"\" srcset=\"https:\/\/alminutonoticia.com\/noticias\/wp-content\/uploads\/2023\/01\/LAS-MINAS-2.jpg 1024w, https:\/\/alminutonoticia.com\/noticias\/wp-content\/uploads\/2023\/01\/LAS-MINAS-2-300x200.jpg 300w, https:\/\/alminutonoticia.com\/noticias\/wp-content\/uploads\/2023\/01\/LAS-MINAS-2-768x512.jpg 768w\" sizes=\"(max-width: 1024px) 100vw, 1024px\" \/><\/a><\/figure>\n\n\n\n<figure class=\"wp-block-image size-full\"><a href=\"https:\/\/alminutonoticia.com\/noticias\/wp-content\/uploads\/2023\/01\/LAS-MINAS-3.jpg\"><img loading=\"lazy\" decoding=\"async\" width=\"1024\" height=\"683\" src=\"https:\/\/alminutonoticia.com\/noticias\/wp-content\/uploads\/2023\/01\/LAS-MINAS-3.jpg\" alt=\"\" class=\"wp-image-868\" title=\"\" srcset=\"https:\/\/alminutonoticia.com\/noticias\/wp-content\/uploads\/2023\/01\/LAS-MINAS-3.jpg 1024w, https:\/\/alminutonoticia.com\/noticias\/wp-content\/uploads\/2023\/01\/LAS-MINAS-3-300x200.jpg 300w, https:\/\/alminutonoticia.com\/noticias\/wp-content\/uploads\/2023\/01\/LAS-MINAS-3-768x512.jpg 768w\" sizes=\"(max-width: 1024px) 100vw, 1024px\" \/><\/a><\/figure>\n","protected":false},"excerpt":{"rendered":"<p>Derechos a la salud, al agua, al acceso de informaci\u00f3n y libertad de expresi\u00f3n y el de petici\u00f3n, fueron algunos de los derechos presuntamente vulnerados a moradores de la comunidad de Chepo en Las Minas provincia de Herrera, detectados mediante una reciente gira de trabajo en una Defensor\u00eda M\u00f3vil realizada en este apartado punto del [&hellip;]<\/p>\n","protected":false},"author":3,"featured_media":866,"comment_status":"open","ping_status":"open","sticky":false,"template":"","format":"standard","meta":{"footnotes":""},"categories":[36],"tags":[],"class_list":["post-863","post","type-post","status-publish","format-standard","has-post-thumbnail","hentry","category-nacionales"],"_links":{"self":[{"href":"https:\/\/alminutonoticia.com\/noticias\/wp-json\/wp\/v2\/posts\/863","targetHints":{"allow":["GET"]}}],"collection":[{"href":"https:\/\/alminutonoticia.com\/noticias\/wp-json\/wp\/v2\/posts"}],"about":[{"href":"https:\/\/alminutonoticia.com\/noticias\/wp-json\/wp\/v2\/types\/post"}],"author":[{"embeddable":true,"href":"https:\/\/alminutonoticia.com\/noticias\/wp-json\/wp\/v2\/users\/3"}],"replies":[{"embeddable":true,"href":"https:\/\/alminutonoticia.com\/noticias\/wp-json\/wp\/v2\/comments?post=863"}],"version-history":[{"count":1,"href":"https:\/\/alminutonoticia.com\/noticias\/wp-json\/wp\/v2\/posts\/863\/revisions"}],"predecessor-version":[{"id":869,"href":"https:\/\/alminutonoticia.com\/noticias\/wp-json\/wp\/v2\/posts\/863\/revisions\/869"}],"wp:featuredmedia":[{"embeddable":true,"href":"https:\/\/alminutonoticia.com\/noticias\/wp-json\/wp\/v2\/media\/866"}],"wp:attachment":[{"href":"https:\/\/alminutonoticia.com\/noticias\/wp-json\/wp\/v2\/media?parent=863"}],"wp:term":[{"taxonomy":"category","embeddable":true,"href":"https:\/\/alminutonoticia.com\/noticias\/wp-json\/wp\/v2\/categories?post=863"},{"taxonomy":"post_tag","embeddable":true,"href":"https:\/\/alminutonoticia.com\/noticias\/wp-json\/wp\/v2\/tags?post=863"}],"curies":[{"name":"wp","href":"https:\/\/api.w.org\/{rel}","templated":true}]}}