{"id":856,"date":"2023-01-21T01:40:41","date_gmt":"2023-01-21T01:40:41","guid":{"rendered":"https:\/\/alminutonoticia.com\/noticias\/?p=856"},"modified":"2023-01-21T01:40:42","modified_gmt":"2023-01-21T01:40:42","slug":"azuero-es-cada-vez-mas-verde-gracias-a-proyecto-regional-de-sostenibilidad-y-resiliencia-ambiental","status":"publish","type":"post","link":"https:\/\/alminutonoticia.com\/noticias\/azuero-es-cada-vez-mas-verde-gracias-a-proyecto-regional-de-sostenibilidad-y-resiliencia-ambiental\/","title":{"rendered":"Azuero es cada vez m\u00e1s verde gracias a proyecto regional de sostenibilidad y resiliencia ambiental"},"content":{"rendered":"\n<p>Representantes del Ministerio de Ambiente de Panam\u00e1 (MiAMBIENTE), Fundaci\u00f3n para la Conservaci\u00f3n de los Recursos Naturales (Fundaci\u00f3n NATURA), la Comisi\u00f3n Centroamericana de Ambiente y Desarrollo (CCAD), la Uni\u00f3n Europea (UE) y de la Cooperaci\u00f3n T\u00e9cnica Alemana (GIZ) se reunieron con participantes del proyecto del Fondo de Desarrollo Verde en la provincia de Los Santos para compartir las experiencias y logros alcanzados en el proyecto \u201cFortalecimiento a la Alianza por el Mill\u00f3n de Hect\u00e1reas, por medio de la Restauraci\u00f3n Forestal Comunitaria en la Cuenca entre los R\u00edos Tonos\u00ed y la Villa (126)\u201d.<\/p>\n\n\n\n<p>En la actividad participaron, Diana Laguna, viceministra de Ambiente, Rosa Monta\u00f1ez, directora ejecutiva de Fundaci\u00f3n NATURA, el secretario ejecutivo de la CCAD, Jair Urriola, Elida Bernal, directora regional de MiAMBIENTE Los Santos; as\u00ed como los equipos t\u00e9cnicos del SERNA, de la Agencia de Cooperaci\u00f3n T\u00e9cnica de la Rep\u00fablica Federal de Alemania (GIZ) y representantes de los municipios de Municipios de Macaracas, Tonos\u00ed, Las Tablas, Guarar\u00e9 y Pedas\u00ed, provincia de Los Santos.<\/p>\n\n\n\n<p>Durante los 25 meses pasados se trabaj\u00f3 en la restauraci\u00f3n, recuperaci\u00f3n e implementaci\u00f3n en campo de sistemas silvopastoriles en sitios cr\u00edticos del corredor biol\u00f3gico del Cerro Canajagua, con productores ganaderos para la restauraci\u00f3n de 2,087 hect\u00e1reas. Se implementaron 69 planes de manejo de fincas simplificados con la participaci\u00f3n de 17 mujeres y 50 hombres.; as\u00ed como los productores beneficiarios del proyecto lograron incrementar la sostenibilidad econ\u00f3mica y ambiental de sus emprendimientos.<\/p>\n\n\n\n<p>La viceministra Laguna, dijo que \u201choy realizamos el cierre de uno de los proyectos m\u00e1s emblem\u00e1ticos y exitosos, enmarcado en el Programa Nacional de Restauraci\u00f3n Forestal (PNRF). El proyecto de restauraci\u00f3n de ecosistemas y paisajes del Fondo de Desarrollo Verde mediante la recuperaci\u00f3n de 3,000 hect\u00e1reas a trav\u00e9s de la conservaci\u00f3n y restauraci\u00f3n en el \u00e1rea principal de producci\u00f3n de agua de la zona, y sus \u00e1reas aleda\u00f1as, por medio de la implementaci\u00f3n de sistemas silvopastoriles y la delimitaci\u00f3n de la Reserva Forestal Animal y Fluvial Cerro Canajagua, con la participaci\u00f3n comunitaria en la Cuenca de los R\u00edos entre el Tonos\u00ed y la Villa (126)\u201d.<\/p>\n\n\n\n<p>Laguna durante su discurso, resalt\u00f3 resultados espec\u00edficos del proyecto como:<\/p>\n\n\n\n<ol class=\"wp-block-list\">\n<li>Recuperaci\u00f3n natural de 1,088 hect\u00e1reas de \u00e1reas degradadas en bosques intervenidos Reserva Forestal Animal y Fluvial Cerro Canajagua, a trav\u00e9s de su protecci\u00f3n efectiva con la elevaci\u00f3n de su estatus de conservaci\u00f3n a Reserva H\u00eddrica del \u00e1rea.<\/li>\n\n\n\n<li>Recuperaci\u00f3n de 1,887 hect\u00e1reas de \u00e1reas degradadas en fincas ganaderas ubicadas en \u00e1reas cr\u00edticas del corredor biol\u00f3gico del Cerro Canajagua.<\/li>\n\n\n\n<li>Rehabilitaci\u00f3n h\u00eddrica de 24. 13 hect\u00e1reas en los ecosistema de manglar el Pe\u00f1\u00f3n de la Onda, Playa la Colorada e Isla Ca\u00f1as.<\/li>\n\n\n\n<li>Producci\u00f3n 10,000 plantones de mangle con organizaciones de base comunitaria de la cuenca 126.<\/li>\n\n\n\n<li>Otorgamiento directamente de plazas de trabajo temporales en la regi\u00f3n a un total de 16, 596 a trav\u00e9s de las actividades de campo en el establecimiento y mantenimiento de los Sistema Silvopastoriles.<\/li>\n\n\n\n<li>Directamente se beneficiaron 69 productores ganaderos que implementaron pr\u00e1cticas sostenibles y c\u00f3nsonas con la restauraci\u00f3n forestal del paisaje de los cuales 15 son mujeres.<\/li>\n\n\n\n<li>Se otorgaron beneficios directos a trav\u00e9s de compra de plantones de mangle y contrataci\u00f3n de servicios ambientales y de sensibilizaci\u00f3n a 3 organizaciones de base comunitaria y 1 organizaci\u00f3n ambiental.<\/li>\n<\/ol>\n\n\n\n<p>En su intervenci\u00f3n, Rosa Monta\u00f1ez, Directora Ejecutiva de la Fundaci\u00f3n Natura, destac\u00f3 que desde un inicio esta iniciativa busc\u00f3 generar una activaci\u00f3n econ\u00f3mica en \u00e1reas comunitarias vulnerables, justamente, en momentos tan cr\u00edticos que experimentaba el pa\u00eds.<\/p>\n\n\n\n<p>\u201cSe pudo demostrar que es posible hacer gesti\u00f3n social- comunitaria de la mano del Gobierno, Sociedad Civil y cooperaci\u00f3n internacional, manteniendo esa conectividad de biodiversidad\u201d, expres\u00f3.<br>Con relaci\u00f3n a los resultados, se mostr\u00f3 positiva ya que en alguna medida se gener\u00f3 una reactivaci\u00f3n econ\u00f3mica, mientras se avanz\u00f3 en procesos productivos.<br>A su vez, Izabela Matusz, Jefa de la Delegaci\u00f3n de la Uni\u00f3n Europea en Panam\u00e1, dijo que adem\u00e1s de los beneficios generados, espera que los productores se conviertan en agentes de cambio en sus comunidades, de igual manera que este proyecto pueda replicarse en otras regiones del pa\u00eds.<\/p>\n\n\n\n<p>\u201cPanam\u00e1 tiene una biodiversidad enorme, fant\u00e1stica; pero tambi\u00e9n una responsabilidad con su con su pueblo, para darle los recursos y la manera de un desarrollo sostenible para toda la gente\u201d, a\u00f1adi\u00f3.<\/p>\n\n\n\n<p>Martina Klumpp, Embajadora de Alemania en Panam\u00e1, expres\u00f3 que es la segunda vez que participa de la culminaci\u00f3n de un proyecto. Hizo alusi\u00f3n a que en el 2021 se entreg\u00f3 el Manual de T\u00e9cnicas de Restauraci\u00f3n de \u00c1rea Degradadas de Manglar, una iniciativa respaldada por el Gobierno Alem\u00e1n a trav\u00e9s del Ministerio Federal de Medio Ambiente, Protecci\u00f3n de la Naturaleza, Obras P\u00fablicas y Seguridad Nuclear (BMUM).<br>Centr\u00e1ndose en el proyecto de Fortalecimiento a la Alianza por el Mill\u00f3n de Hect\u00e1reas, destac\u00f3 que cada uno de los lugare\u00f1os tiene una gran labor de preservar las riquezas naturales, no solo para cumplir con los compromisos de Gobierno, sino para garantizar su futuro y el de sus familiares.<\/p>\n\n\n\n<p>Mayores detalles<\/p>\n\n\n\n<p>\u00abJam\u00e1s hab\u00eda llegado un proyecto a estas \u00e1reas, adem\u00e1s del mejoramiento del pasto, esto ayuda a salvar aquella naturaleza que tenemos perdida\u00bb, manifiesta Amable Lemus, productor del \u00e1rea.<br>Cuenta que en su experiencia en el primer a\u00f1o implant\u00f3 dentro de su finca unos 400 \u00e1rboles, ahora nuevamente plant\u00f3, esta vez unos 150 \u00e1rboles, acci\u00f3n centrada primordialmente en la conservaci\u00f3n del bosque y formar un corredor biol\u00f3gico que sea punto de conectividad de fauna.<br>Parte de los \u00e1rboles son de especies frutales, fundamentales para esta meta.<\/p>\n\n\n\n<p>Adicionalmente, con este proyecto se realiz\u00f3 la delimitaci\u00f3n del Cerro Canajagua como Reserva Forestal y se instalaron sistemas de ganader\u00eda sostenible (silvopastoril), logrando la rehabilitaci\u00f3n de 3,000 hect\u00e1reas de \u00e1reas degradas, con sus impactos sobre sistemas ecol\u00f3gicos en el \u00e1rea, y sistemas h\u00eddricos de la cuenca (carbono, infiltraci\u00f3n, conectividad, medios de vida).<\/p>\n\n\n\n<p>Como autoridad local, estuvo presente, \u00c1ngel Barrios, Alcalde del distrito de Las Tablas, quien asever\u00f3 que este proyecto es un claro ejemplo del valor de la comunidad cuando se empodera en obras que les generen beneficios.<br>\u201cMientras se camina en ese sentido, siempre habr\u00e1 buenos resultados. Cerro Canajagua es un recurso natural muy importante en la provincia y en los distritos que lo conforman\u201d, asever\u00f3.<\/p>\n\n\n\n<p>Entre los principales logros del proyecto se encuentran el desarrollo de un plan de manejo de la microcuenca el Yunque, que ser\u00e1 una herramienta para la toma de decisiones del Instituto de Conservaci\u00f3n Forestal (ICF) y las alcald\u00edas municipales; adem\u00e1s, con el proceso de declaratoria de 10 microcuencas se espera la protecci\u00f3n<br>Asimismo, se restaur\u00f3 un total de 10 kil\u00f3metros de \u00e1reas de manglar a trav\u00e9s de la rehabilitaci\u00f3n h\u00eddrica en la cual se realizaron trabajos de limpieza de esteros, podas, limpieza de canales y reforestaci\u00f3n de mangle en las \u00e1reas de Isla Ca\u00f1as, Isla Ca\u00f1as que es un \u00e1rea protegida, El Aromo y Guarar\u00e9.<\/p>\n\n\n\n<p>Adem\u00e1s, con este proyecto se produjeron alrededor de 78,000 plantones en viveros institucionales de MIAMBIENTE y la Producci\u00f3n de 10,000 plantones de mangle con Organizaciones de Base Comunitaria (OBC). Fortaleciendo el conocimiento en temas de restauraci\u00f3n de \u00e1reas de manglar a m\u00e1s de 50 personas en 3 organizaciones.<\/p>\n\n\n\n<p>El proyecto fue financiado por la por la Uni\u00f3n Europea, el Ministerio Federal de Medio Ambiente, Conservaci\u00f3n de la Naturaleza, Seguridad Nuclear y Protecci\u00f3n al Consumidor (BMUV), en el marco de la Iniciativa Internacional para el Clima (IKI por sus siglas en alem\u00e1n) implementado a nivel regional por la Cooperaci\u00f3n T\u00e9cnica Alemana al Desarrollo, GIZ en coordinaci\u00f3n con la CCAD y a nivel nacional implementado Fundaci\u00f3n NATURA a trav\u00e9s del Ministerio de Ambiente de Panam\u00e1.<\/p>\n\n\n\n<figure class=\"wp-block-image size-large\"><a href=\"https:\/\/alminutonoticia.com\/noticias\/wp-content\/uploads\/2023\/01\/WhatsApp-Image-2023-01-20-at-7.37.36-PM.jpeg\"><img fetchpriority=\"high\" decoding=\"async\" width=\"1024\" height=\"576\" src=\"https:\/\/alminutonoticia.com\/noticias\/wp-content\/uploads\/2023\/01\/WhatsApp-Image-2023-01-20-at-7.37.36-PM-1024x576.jpeg\" alt=\"\" class=\"wp-image-857\" title=\"\" srcset=\"https:\/\/alminutonoticia.com\/noticias\/wp-content\/uploads\/2023\/01\/WhatsApp-Image-2023-01-20-at-7.37.36-PM-1024x576.jpeg 1024w, https:\/\/alminutonoticia.com\/noticias\/wp-content\/uploads\/2023\/01\/WhatsApp-Image-2023-01-20-at-7.37.36-PM-300x169.jpeg 300w, https:\/\/alminutonoticia.com\/noticias\/wp-content\/uploads\/2023\/01\/WhatsApp-Image-2023-01-20-at-7.37.36-PM-768x432.jpeg 768w, https:\/\/alminutonoticia.com\/noticias\/wp-content\/uploads\/2023\/01\/WhatsApp-Image-2023-01-20-at-7.37.36-PM.jpeg 1280w\" sizes=\"(max-width: 1024px) 100vw, 1024px\" \/><\/a><\/figure>\n\n\n\n<figure class=\"wp-block-image size-large\"><a href=\"https:\/\/alminutonoticia.com\/noticias\/wp-content\/uploads\/2023\/01\/WhatsApp-Image-2023-01-20-at-7.37.35-PM-1.jpeg\"><img decoding=\"async\" width=\"1024\" height=\"768\" src=\"https:\/\/alminutonoticia.com\/noticias\/wp-content\/uploads\/2023\/01\/WhatsApp-Image-2023-01-20-at-7.37.35-PM-1-1024x768.jpeg\" alt=\"\" class=\"wp-image-858\" title=\"\" srcset=\"https:\/\/alminutonoticia.com\/noticias\/wp-content\/uploads\/2023\/01\/WhatsApp-Image-2023-01-20-at-7.37.35-PM-1-1024x768.jpeg 1024w, https:\/\/alminutonoticia.com\/noticias\/wp-content\/uploads\/2023\/01\/WhatsApp-Image-2023-01-20-at-7.37.35-PM-1-300x225.jpeg 300w, https:\/\/alminutonoticia.com\/noticias\/wp-content\/uploads\/2023\/01\/WhatsApp-Image-2023-01-20-at-7.37.35-PM-1-768x576.jpeg 768w, https:\/\/alminutonoticia.com\/noticias\/wp-content\/uploads\/2023\/01\/WhatsApp-Image-2023-01-20-at-7.37.35-PM-1.jpeg 1280w\" sizes=\"(max-width: 1024px) 100vw, 1024px\" \/><\/a><\/figure>\n\n\n\n<figure class=\"wp-block-image size-large\"><a href=\"https:\/\/alminutonoticia.com\/noticias\/wp-content\/uploads\/2023\/01\/WhatsApp-Image-2023-01-20-at-7.37.35-PM.jpeg\"><img decoding=\"async\" width=\"1024\" height=\"768\" src=\"https:\/\/alminutonoticia.com\/noticias\/wp-content\/uploads\/2023\/01\/WhatsApp-Image-2023-01-20-at-7.37.35-PM-1024x768.jpeg\" alt=\"\" class=\"wp-image-859\" title=\"\" srcset=\"https:\/\/alminutonoticia.com\/noticias\/wp-content\/uploads\/2023\/01\/WhatsApp-Image-2023-01-20-at-7.37.35-PM-1024x768.jpeg 1024w, https:\/\/alminutonoticia.com\/noticias\/wp-content\/uploads\/2023\/01\/WhatsApp-Image-2023-01-20-at-7.37.35-PM-300x225.jpeg 300w, https:\/\/alminutonoticia.com\/noticias\/wp-content\/uploads\/2023\/01\/WhatsApp-Image-2023-01-20-at-7.37.35-PM-768x576.jpeg 768w, https:\/\/alminutonoticia.com\/noticias\/wp-content\/uploads\/2023\/01\/WhatsApp-Image-2023-01-20-at-7.37.35-PM.jpeg 1280w\" sizes=\"(max-width: 1024px) 100vw, 1024px\" \/><\/a><\/figure>\n","protected":false},"excerpt":{"rendered":"<p>Representantes del Ministerio de Ambiente de Panam\u00e1 (MiAMBIENTE), Fundaci\u00f3n para la Conservaci\u00f3n de los Recursos Naturales (Fundaci\u00f3n NATURA), la Comisi\u00f3n Centroamericana de Ambiente y Desarrollo (CCAD), la Uni\u00f3n Europea (UE) y de la Cooperaci\u00f3n T\u00e9cnica Alemana (GIZ) se reunieron con participantes del proyecto del Fondo de Desarrollo Verde en la provincia de Los Santos para [&hellip;]<\/p>\n","protected":false},"author":3,"featured_media":859,"comment_status":"open","ping_status":"open","sticky":false,"template":"","format":"standard","meta":{"footnotes":""},"categories":[42,36],"tags":[],"class_list":["post-856","post","type-post","status-publish","format-standard","has-post-thumbnail","hentry","category-ambiente","category-nacionales"],"_links":{"self":[{"href":"https:\/\/alminutonoticia.com\/noticias\/wp-json\/wp\/v2\/posts\/856","targetHints":{"allow":["GET"]}}],"collection":[{"href":"https:\/\/alminutonoticia.com\/noticias\/wp-json\/wp\/v2\/posts"}],"about":[{"href":"https:\/\/alminutonoticia.com\/noticias\/wp-json\/wp\/v2\/types\/post"}],"author":[{"embeddable":true,"href":"https:\/\/alminutonoticia.com\/noticias\/wp-json\/wp\/v2\/users\/3"}],"replies":[{"embeddable":true,"href":"https:\/\/alminutonoticia.com\/noticias\/wp-json\/wp\/v2\/comments?post=856"}],"version-history":[{"count":1,"href":"https:\/\/alminutonoticia.com\/noticias\/wp-json\/wp\/v2\/posts\/856\/revisions"}],"predecessor-version":[{"id":860,"href":"https:\/\/alminutonoticia.com\/noticias\/wp-json\/wp\/v2\/posts\/856\/revisions\/860"}],"wp:featuredmedia":[{"embeddable":true,"href":"https:\/\/alminutonoticia.com\/noticias\/wp-json\/wp\/v2\/media\/859"}],"wp:attachment":[{"href":"https:\/\/alminutonoticia.com\/noticias\/wp-json\/wp\/v2\/media?parent=856"}],"wp:term":[{"taxonomy":"category","embeddable":true,"href":"https:\/\/alminutonoticia.com\/noticias\/wp-json\/wp\/v2\/categories?post=856"},{"taxonomy":"post_tag","embeddable":true,"href":"https:\/\/alminutonoticia.com\/noticias\/wp-json\/wp\/v2\/tags?post=856"}],"curies":[{"name":"wp","href":"https:\/\/api.w.org\/{rel}","templated":true}]}}