{"id":853,"date":"2023-01-21T01:35:58","date_gmt":"2023-01-21T01:35:58","guid":{"rendered":"https:\/\/alminutonoticia.com\/noticias\/?p=853"},"modified":"2023-01-21T01:35:59","modified_gmt":"2023-01-21T01:35:59","slug":"mas-vacunas-bivalentes-llegaran-a-panama","status":"publish","type":"post","link":"https:\/\/alminutonoticia.com\/noticias\/mas-vacunas-bivalentes-llegaran-a-panama\/","title":{"rendered":"M\u00e1s vacunas bivalentes llegar\u00e1n a Panam\u00e1"},"content":{"rendered":"\n<p>a viceministra de Salud, Ivette Berr\u00edo indic\u00f3 este viernes que el Gobierno Nacional a trav\u00e9s del Ministerio de Salud (Minsa), ha gestionado la llegada de m\u00e1s cantidad de dosis de la vacuna bivalente dirigida a disminuir el impacto tanto a la cepa original del coronavirus como a la variante \u00f3micron, reiter\u00f3 que ya el proceso de inoculaci\u00f3n al personal de salud y a todos los estamentos de seguridad ha iniciado.&nbsp;<\/p>\n\n\n\n<p><em>\u00a0\u201cEn este mismo instante tenemos los especialistas en vacunas liderado por el\u00a0<strong>ministro de Salud, Luis Francisco Sucre\u00a0<\/strong>idealizando el plan de inmunizaci\u00f3n a nivel nacional\u201d<\/em>, mencion\u00f3 Berr\u00edo.\u00a0<\/p>\n\n\n\n<p>Se\u00f1al\u00f3 que se informar\u00e1 a la poblaci\u00f3n sobre las estrategias de vacunaci\u00f3n y se orientar\u00e1 en donde puede acudir la poblaci\u00f3n a recibir su dosis bivalente.\u00a0<\/p>\n\n\n\n<p>Sostuvo que para recibir la vacuna bivalente contra el\u00a0<strong>Covid-19<\/strong>\u00a0la persona debe contar con al menos dos dosis de la vacuna monovalente; de acuerdo con el\u00a0<strong>Programa Ampliado de Inmunizaci\u00f3n (PAI)<\/strong>\u00a0se ha previsto la adquisici\u00f3n de cerca de\u00a0<strong>1.7 millones de vacunas bivalentes.\u00a0<\/strong><\/p>\n\n\n\n<figure class=\"wp-block-image size-large\"><a href=\"https:\/\/alminutonoticia.com\/noticias\/wp-content\/uploads\/2023\/01\/c093e49e-1a30-4b89-8ffb-7dad874b00e9_16-9-aspect-ratio_1200w_0.webp\"><img fetchpriority=\"high\" decoding=\"async\" width=\"1024\" height=\"576\" src=\"https:\/\/alminutonoticia.com\/noticias\/wp-content\/uploads\/2023\/01\/c093e49e-1a30-4b89-8ffb-7dad874b00e9_16-9-aspect-ratio_1200w_0-1024x576.webp\" alt=\"\" class=\"wp-image-854\" title=\"\" srcset=\"https:\/\/alminutonoticia.com\/noticias\/wp-content\/uploads\/2023\/01\/c093e49e-1a30-4b89-8ffb-7dad874b00e9_16-9-aspect-ratio_1200w_0-1024x576.webp 1024w, https:\/\/alminutonoticia.com\/noticias\/wp-content\/uploads\/2023\/01\/c093e49e-1a30-4b89-8ffb-7dad874b00e9_16-9-aspect-ratio_1200w_0-300x169.webp 300w, https:\/\/alminutonoticia.com\/noticias\/wp-content\/uploads\/2023\/01\/c093e49e-1a30-4b89-8ffb-7dad874b00e9_16-9-aspect-ratio_1200w_0-768x432.webp 768w, https:\/\/alminutonoticia.com\/noticias\/wp-content\/uploads\/2023\/01\/c093e49e-1a30-4b89-8ffb-7dad874b00e9_16-9-aspect-ratio_1200w_0.webp 1200w\" sizes=\"(max-width: 1024px) 100vw, 1024px\" \/><\/a><\/figure>\n","protected":false},"excerpt":{"rendered":"<p>a viceministra de Salud, Ivette Berr\u00edo indic\u00f3 este viernes que el Gobierno Nacional a trav\u00e9s del Ministerio de Salud (Minsa), ha gestionado la llegada de m\u00e1s cantidad de dosis de la vacuna bivalente dirigida a disminuir el impacto tanto a la cepa original del coronavirus como a la variante \u00f3micron, reiter\u00f3 que ya el proceso [&hellip;]<\/p>\n","protected":false},"author":3,"featured_media":854,"comment_status":"open","ping_status":"open","sticky":false,"template":"","format":"standard","meta":{"footnotes":""},"categories":[36,45],"tags":[],"class_list":["post-853","post","type-post","status-publish","format-standard","has-post-thumbnail","hentry","category-nacionales","category-salud"],"_links":{"self":[{"href":"https:\/\/alminutonoticia.com\/noticias\/wp-json\/wp\/v2\/posts\/853","targetHints":{"allow":["GET"]}}],"collection":[{"href":"https:\/\/alminutonoticia.com\/noticias\/wp-json\/wp\/v2\/posts"}],"about":[{"href":"https:\/\/alminutonoticia.com\/noticias\/wp-json\/wp\/v2\/types\/post"}],"author":[{"embeddable":true,"href":"https:\/\/alminutonoticia.com\/noticias\/wp-json\/wp\/v2\/users\/3"}],"replies":[{"embeddable":true,"href":"https:\/\/alminutonoticia.com\/noticias\/wp-json\/wp\/v2\/comments?post=853"}],"version-history":[{"count":1,"href":"https:\/\/alminutonoticia.com\/noticias\/wp-json\/wp\/v2\/posts\/853\/revisions"}],"predecessor-version":[{"id":855,"href":"https:\/\/alminutonoticia.com\/noticias\/wp-json\/wp\/v2\/posts\/853\/revisions\/855"}],"wp:featuredmedia":[{"embeddable":true,"href":"https:\/\/alminutonoticia.com\/noticias\/wp-json\/wp\/v2\/media\/854"}],"wp:attachment":[{"href":"https:\/\/alminutonoticia.com\/noticias\/wp-json\/wp\/v2\/media?parent=853"}],"wp:term":[{"taxonomy":"category","embeddable":true,"href":"https:\/\/alminutonoticia.com\/noticias\/wp-json\/wp\/v2\/categories?post=853"},{"taxonomy":"post_tag","embeddable":true,"href":"https:\/\/alminutonoticia.com\/noticias\/wp-json\/wp\/v2\/tags?post=853"}],"curies":[{"name":"wp","href":"https:\/\/api.w.org\/{rel}","templated":true}]}}