{"id":8282,"date":"2024-02-07T01:32:32","date_gmt":"2024-02-07T01:32:32","guid":{"rendered":"https:\/\/alminutonoticia.com\/noticias\/?p=8282"},"modified":"2024-02-07T01:32:32","modified_gmt":"2024-02-07T01:32:32","slug":"mas-de-39-mil-migrantes-han-cruzado-la-zona-fronteriza-entre-panama-y-colombia","status":"publish","type":"post","link":"https:\/\/alminutonoticia.com\/noticias\/mas-de-39-mil-migrantes-han-cruzado-la-zona-fronteriza-entre-panama-y-colombia\/","title":{"rendered":"M\u00e1s de 39 mil migrantes han cruzado la zona fronteriza entre Panam\u00e1 y Colombia"},"content":{"rendered":"\n<p>En lo que va del 2024 hemos registrado la entrada de m\u00e1s de 39,000 migrantes por los pasos irregulares de la zona fronteriza entre Panam\u00e1 y Colombia.<\/p>\n\n\n\n<p>Esta cifra representa un incremento sobre las estad\u00edsticas ya alarmantes del 2023, tendencia que hab\u00eda sido anunciada en el mes de diciembre cuando a trav\u00e9s de la \u201cCampa\u00f1a Escudo\u00bb, se reforz\u00f3 la operatividad en el \u00e1rea por medio de patrullajes en profundidad por parte de las unidades del Servicio Nacional de Fronteras.<\/p>\n\n\n\n<p>De igual manera, el Servicio Nacional de Migraci\u00f3n se\u00f1ala que ha reforzado la aplicaci\u00f3n de las medidas de la Ley Migratoria, como las deportaciones y expulsiones, adem\u00e1s reforz\u00f3 la seguridad en las entradas regulares para que no sean usadas como puentes para luego incorporarse al flujo irregular de camino al norte de Am\u00e9rica.<\/p>\n\n\n\n<p>El Ministerio P\u00fablico por su parte ha trabajado en una estrecha y permanente colaboraci\u00f3n con el Servicio Nacional de Migraci\u00f3n y el Servicio Nacional de Fronteras para investigar y procesar los casos delictivos que se registran a lo largo de los pasos ilegales.<\/p>\n\n\n\n<p>Desde el a\u00f1o 2021, el Procurador General de la Naci\u00f3n, Javier Caraballo, estableci\u00f3 puestos permanentes con Fiscales y asistentes operativos en las comunidades de Bajo Chiquito y Cana\u00e1n Membrillo, para atender de forma inmediata las denuncias presentadas y de manera oficiosa los casos que se registran.<\/p>\n\n\n\n<p>Adem\u00e1s se reforz\u00f3 la Unidad de Protecci\u00f3n a V\u00edctimas, Testigos, Peritos y dem\u00e1s<br>Intervinientes en el proceso Penal (UPAVIT) del Ministerio P\u00fablico en la provincia de Dari\u00e9n, con la presencia adicional de una psic\u00f3loga y una trabajadora social; brindando mecanismos de acceso a la justicia para las personas migrantes irregulares.<\/p>\n\n\n\n<p>Durante el periodo del 1 de enero a 31 de diciembre de 2023, se registraron un total de 162 carpetas con un total de 406 v\u00edctimas de las cuales 147 fueron femeninas y<br>228 masculinos. De las carpetas recibidas 17 fueron por denuncias y 145 fueron abiertas de manera oficiosa por el Ministerio P\u00fablico.<\/p>\n\n\n\n<p>El Fiscal Superior contra la Delincuencia Organizada, Emeldo M\u00e1rquez, indic\u00f3 que de las 162 carpetas recibidas, 84 fueron por el delito contra la vida e integridad personal, reportando 135 victimas; por el delito contra la libertad e integridad sexual se recibieron 17 denuncias que involucraban a 28 v\u00edctimas; contra el Patrimonio Econ\u00f3mico se sumaron 30 denuncias, con un reporte de 76 v\u00edctimas y contra la humanidad se recibieron 22 denuncias con un total de 140 v\u00edctimas entre otros delitos.<\/p>\n\n\n\n<p>Para el mismo periodo de tiempo la Fiscal\u00eda Regional de la provincia de Dari\u00e9n, realiz\u00f3 audiencias de imputaci\u00f3n de cargos a 51 personas por distintos delitos logrando la detenci\u00f3n provisional para 27 personas. Se logr\u00f3 7 sentencias condenatorias mediante acuerdo de pena y 3 mediante juicio oral.<\/p>\n\n\n\n<p>La problem\u00e1tica de la migraci\u00f3n irregular requiere del concurso y la voluntad de<br>todos, no s\u00f3lo de las instituciones paname\u00f1as, sino tambi\u00e9n de las ONGs, es por esta raz\u00f3n que el Ministerio de Salud ha otorgado autorizaciones para que algunas organizaciones no gubernamentales apoyen en la atenci\u00f3n de los migrantes irregulares.<\/p>\n\n\n\n<p>Sin embargo, es importante se\u00f1alar que las cifras veraces que envuelven este flagelo s\u00f3lo son registradas y publicadas por instituciones oficiales adscritas al Ministerio de Seguridad P\u00fablica o al Ministerio P\u00fablico. Ninguna otra organizaci\u00f3n cuenta con los procedimientos debidos para dar a conocer casos o cifras alrededor de esta situaci\u00f3n.<\/p>\n\n\n\n<p>Las entidades hicieron un llamado a quienes, con o sin intenci\u00f3n, han hecho aseveraciones sin sustento que s\u00f3lo tienden a desinformar o mal informar a la poblaci\u00f3n, provocando un clima de incertidumbre.<\/p>\n\n\n\n<figure class=\"wp-block-image size-full\"><a href=\"https:\/\/alminutonoticia.com\/noticias\/wp-content\/uploads\/2024\/02\/IMG-20240205-WA0032-770x470-1.jpg\"><img fetchpriority=\"high\" decoding=\"async\" width=\"770\" height=\"470\" src=\"https:\/\/alminutonoticia.com\/noticias\/wp-content\/uploads\/2024\/02\/IMG-20240205-WA0032-770x470-1.jpg\" alt=\"\" class=\"wp-image-8283\" title=\"\" srcset=\"https:\/\/alminutonoticia.com\/noticias\/wp-content\/uploads\/2024\/02\/IMG-20240205-WA0032-770x470-1.jpg 770w, https:\/\/alminutonoticia.com\/noticias\/wp-content\/uploads\/2024\/02\/IMG-20240205-WA0032-770x470-1-300x183.jpg 300w, https:\/\/alminutonoticia.com\/noticias\/wp-content\/uploads\/2024\/02\/IMG-20240205-WA0032-770x470-1-768x469.jpg 768w\" sizes=\"(max-width: 770px) 100vw, 770px\" \/><\/a><\/figure>\n","protected":false},"excerpt":{"rendered":"<p>En lo que va del 2024 hemos registrado la entrada de m\u00e1s de 39,000 migrantes por los pasos irregulares de la zona fronteriza entre Panam\u00e1 y Colombia. Esta cifra representa un incremento sobre las estad\u00edsticas ya alarmantes del 2023, tendencia que hab\u00eda sido anunciada en el mes de diciembre cuando a trav\u00e9s de la \u201cCampa\u00f1a [&hellip;]<\/p>\n","protected":false},"author":3,"featured_media":8283,"comment_status":"open","ping_status":"open","sticky":false,"template":"","format":"standard","meta":{"footnotes":""},"categories":[39,36],"tags":[],"class_list":["post-8282","post","type-post","status-publish","format-standard","has-post-thumbnail","hentry","category-internacionales","category-nacionales"],"_links":{"self":[{"href":"https:\/\/alminutonoticia.com\/noticias\/wp-json\/wp\/v2\/posts\/8282","targetHints":{"allow":["GET"]}}],"collection":[{"href":"https:\/\/alminutonoticia.com\/noticias\/wp-json\/wp\/v2\/posts"}],"about":[{"href":"https:\/\/alminutonoticia.com\/noticias\/wp-json\/wp\/v2\/types\/post"}],"author":[{"embeddable":true,"href":"https:\/\/alminutonoticia.com\/noticias\/wp-json\/wp\/v2\/users\/3"}],"replies":[{"embeddable":true,"href":"https:\/\/alminutonoticia.com\/noticias\/wp-json\/wp\/v2\/comments?post=8282"}],"version-history":[{"count":1,"href":"https:\/\/alminutonoticia.com\/noticias\/wp-json\/wp\/v2\/posts\/8282\/revisions"}],"predecessor-version":[{"id":8284,"href":"https:\/\/alminutonoticia.com\/noticias\/wp-json\/wp\/v2\/posts\/8282\/revisions\/8284"}],"wp:featuredmedia":[{"embeddable":true,"href":"https:\/\/alminutonoticia.com\/noticias\/wp-json\/wp\/v2\/media\/8283"}],"wp:attachment":[{"href":"https:\/\/alminutonoticia.com\/noticias\/wp-json\/wp\/v2\/media?parent=8282"}],"wp:term":[{"taxonomy":"category","embeddable":true,"href":"https:\/\/alminutonoticia.com\/noticias\/wp-json\/wp\/v2\/categories?post=8282"},{"taxonomy":"post_tag","embeddable":true,"href":"https:\/\/alminutonoticia.com\/noticias\/wp-json\/wp\/v2\/tags?post=8282"}],"curies":[{"name":"wp","href":"https:\/\/api.w.org\/{rel}","templated":true}]}}