{"id":809,"date":"2023-01-18T22:28:58","date_gmt":"2023-01-18T22:28:58","guid":{"rendered":"https:\/\/alminutonoticia.com\/noticias\/?p=809"},"modified":"2023-01-18T22:28:58","modified_gmt":"2023-01-18T22:28:58","slug":"cortizo-cohen-sanciona-ley-de-politica-agroalimentaria-de-estado","status":"publish","type":"post","link":"https:\/\/alminutonoticia.com\/noticias\/cortizo-cohen-sanciona-ley-de-politica-agroalimentaria-de-estado\/","title":{"rendered":"Cortizo Cohen  sanciona Ley de Pol\u00edtica Agroalimentaria de Estado"},"content":{"rendered":"\n<p>Ante cientos de productores agropecuarios de todo el pa\u00eds, el presidente de la Rep\u00fablica, Laurentino Cortizo Cohen, sancion\u00f3 la Ley de Pol\u00edtica Agroalimentaria de Estado (PADE), este mi\u00e9rcoles en los terrenos de la Feria de San Sebasti\u00e1n de Oc\u00fa, provincia de Herrera.<\/p>\n\n\n\n<p>La referida ley, con la que se busca proteger al sector productivo del pa\u00eds por los pr\u00f3ximos 25 a\u00f1os, fue muy solicitada durante a\u00f1os por los productores de diversos gremios, quienes han estado a merced de los diferentes gobiernos con pol\u00edticas importadoras con las que se han visto duramente afectados, lo que llev\u00f3 a muchos a la quiebra.<\/p>\n\n\n\n<p>El presidente Cortizo Cohen indic\u00f3 que este es un \u201cd\u00eda hist\u00f3rico y de mucha emoci\u00f3n\u201d porque, despu\u00e9s de 42 meses de esta administraci\u00f3n y alrededor de 30 meses enfrentando una pandemia y huracanes, entre otros hechos, se ha podido sancionar esta ley.<\/p>\n\n\n\n<p>Cortizo Cohen resalt\u00f3 que esta es la Ley de Pol\u00edtica Agroalimentaria de Estado, la primera en Panam\u00e1 y en el continente, \u201centonces debe ser un d\u00eda hist\u00f3rico para todos los paname\u00f1os\u201d.<\/p>\n\n\n\n<p>El mandatario tambi\u00e9n resalt\u00f3 que la normativa fue aprobada por unanimidad en la Asamblea Nacional, lo que env\u00eda un importante mensaje.<\/p>\n\n\n\n<p>Tambi\u00e9n se\u00f1al\u00f3 que esta nueva ley no es solo para la administraci\u00f3n Cortizo, sino para la siguiente administraci\u00f3n, lo que significa que los garantes de esta normativa somos los paname\u00f1os, pero especialmente los productores del pa\u00eds.<\/p>\n\n\n\n<p>&nbsp;\u201cLa Pol\u00edtica Agroalimentaria de Estado tambi\u00e9n corrige errores del pasado que en el futuro no se pueden volver a cometer. Nosotros no podemos privilegiar las importaciones; cuando se necesiten, para eso est\u00e1n las cadenas agroalimentarias y podemos ponernos de acuerdo en lo que hay que comprar afuera para complementar la producci\u00f3n nacional, pero no importar cuando est\u00e1n los productores cosechando\u201d, manifest\u00f3 Cortizo Cohen.<\/p>\n\n\n\n<p>Luego de diversas jornadas de consultas, esta ley fue presentada y ampliamente debatida y analizada por diversos sectores de la sociedad paname\u00f1a en la Comisi\u00f3n de Asuntos Agropecuarios de la Asamblea Nacional (AN), donde se dieron diversos debates y aportaciones que fueron incluidas.<\/p>\n\n\n\n<p>En la AN fue aprobada por unanimidad por los diputados de las diferentes bancadas, quienes elogiaron la iniciativa en sus disertaciones, ya que fue estructurada para proteger este importante sector del pa\u00eds con el que se garantiza la paz social a trav\u00e9s de un desarrollo agropecuario con equidad, sostenibilidad, productividad, competitividad y seguridad jur\u00eddica.<\/p>\n\n\n\n<p>La Ley de Pol\u00edtica Agroalimentaria de Estado impulsa cuatro bloques de reformas estructurales para el desarrollo multidimensional de la ruralidad en Panam\u00e1, como son: Reforma para uso de Agrotecnolog\u00eda y Cadenas Productivas de Valor; Reforma de Educaci\u00f3n Agroalimentaria Integral; Reforma del Marco Jur\u00eddico del Sector P\u00fablico y Modelo de Gesti\u00f3n y Reforma del Modelo de Bienestar para las Familias Rurales.<\/p>\n\n\n\n<figure class=\"wp-block-image size-full\"><a href=\"https:\/\/alminutonoticia.com\/noticias\/wp-content\/uploads\/2023\/01\/WhatsApp-Image-2023-01-18-at-12.06.49-PM-1.jpeg\"><img fetchpriority=\"high\" decoding=\"async\" width=\"1024\" height=\"682\" src=\"https:\/\/alminutonoticia.com\/noticias\/wp-content\/uploads\/2023\/01\/WhatsApp-Image-2023-01-18-at-12.06.49-PM-1.jpeg\" alt=\"\" class=\"wp-image-810\" title=\"\" srcset=\"https:\/\/alminutonoticia.com\/noticias\/wp-content\/uploads\/2023\/01\/WhatsApp-Image-2023-01-18-at-12.06.49-PM-1.jpeg 1024w, https:\/\/alminutonoticia.com\/noticias\/wp-content\/uploads\/2023\/01\/WhatsApp-Image-2023-01-18-at-12.06.49-PM-1-300x200.jpeg 300w, https:\/\/alminutonoticia.com\/noticias\/wp-content\/uploads\/2023\/01\/WhatsApp-Image-2023-01-18-at-12.06.49-PM-1-768x512.jpeg 768w\" sizes=\"(max-width: 1024px) 100vw, 1024px\" \/><\/a><\/figure>\n\n\n\n<figure class=\"wp-block-image size-full\"><a href=\"https:\/\/alminutonoticia.com\/noticias\/wp-content\/uploads\/2023\/01\/WhatsApp-Image-2023-01-18-at-12.06.49-PM.jpeg\"><img decoding=\"async\" width=\"1024\" height=\"682\" src=\"https:\/\/alminutonoticia.com\/noticias\/wp-content\/uploads\/2023\/01\/WhatsApp-Image-2023-01-18-at-12.06.49-PM.jpeg\" alt=\"\" class=\"wp-image-811\" title=\"\" srcset=\"https:\/\/alminutonoticia.com\/noticias\/wp-content\/uploads\/2023\/01\/WhatsApp-Image-2023-01-18-at-12.06.49-PM.jpeg 1024w, https:\/\/alminutonoticia.com\/noticias\/wp-content\/uploads\/2023\/01\/WhatsApp-Image-2023-01-18-at-12.06.49-PM-300x200.jpeg 300w, https:\/\/alminutonoticia.com\/noticias\/wp-content\/uploads\/2023\/01\/WhatsApp-Image-2023-01-18-at-12.06.49-PM-768x512.jpeg 768w\" sizes=\"(max-width: 1024px) 100vw, 1024px\" \/><\/a><\/figure>\n\n\n\n<figure class=\"wp-block-image size-full\"><a href=\"https:\/\/alminutonoticia.com\/noticias\/wp-content\/uploads\/2023\/01\/WhatsApp-Image-2023-01-18-at-12.06.50-PM-2.jpeg\"><img decoding=\"async\" width=\"1024\" height=\"682\" src=\"https:\/\/alminutonoticia.com\/noticias\/wp-content\/uploads\/2023\/01\/WhatsApp-Image-2023-01-18-at-12.06.50-PM-2.jpeg\" alt=\"\" class=\"wp-image-812\" title=\"\" srcset=\"https:\/\/alminutonoticia.com\/noticias\/wp-content\/uploads\/2023\/01\/WhatsApp-Image-2023-01-18-at-12.06.50-PM-2.jpeg 1024w, https:\/\/alminutonoticia.com\/noticias\/wp-content\/uploads\/2023\/01\/WhatsApp-Image-2023-01-18-at-12.06.50-PM-2-300x200.jpeg 300w, https:\/\/alminutonoticia.com\/noticias\/wp-content\/uploads\/2023\/01\/WhatsApp-Image-2023-01-18-at-12.06.50-PM-2-768x512.jpeg 768w\" sizes=\"(max-width: 1024px) 100vw, 1024px\" \/><\/a><\/figure>\n\n\n\n<figure class=\"wp-block-image size-full\"><a href=\"https:\/\/alminutonoticia.com\/noticias\/wp-content\/uploads\/2023\/01\/WhatsApp-Image-2023-01-18-at-12.06.50-PM-1.jpeg\"><img loading=\"lazy\" decoding=\"async\" width=\"1024\" height=\"682\" src=\"https:\/\/alminutonoticia.com\/noticias\/wp-content\/uploads\/2023\/01\/WhatsApp-Image-2023-01-18-at-12.06.50-PM-1.jpeg\" alt=\"\" class=\"wp-image-813\" title=\"\" srcset=\"https:\/\/alminutonoticia.com\/noticias\/wp-content\/uploads\/2023\/01\/WhatsApp-Image-2023-01-18-at-12.06.50-PM-1.jpeg 1024w, https:\/\/alminutonoticia.com\/noticias\/wp-content\/uploads\/2023\/01\/WhatsApp-Image-2023-01-18-at-12.06.50-PM-1-300x200.jpeg 300w, https:\/\/alminutonoticia.com\/noticias\/wp-content\/uploads\/2023\/01\/WhatsApp-Image-2023-01-18-at-12.06.50-PM-1-768x512.jpeg 768w\" sizes=\"(max-width: 1024px) 100vw, 1024px\" \/><\/a><\/figure>\n","protected":false},"excerpt":{"rendered":"<p>Ante cientos de productores agropecuarios de todo el pa\u00eds, el presidente de la Rep\u00fablica, Laurentino Cortizo Cohen, sancion\u00f3 la Ley de Pol\u00edtica Agroalimentaria de Estado (PADE), este mi\u00e9rcoles en los terrenos de la Feria de San Sebasti\u00e1n de Oc\u00fa, provincia de Herrera. La referida ley, con la que se busca proteger al sector productivo del [&hellip;]<\/p>\n","protected":false},"author":3,"featured_media":813,"comment_status":"open","ping_status":"open","sticky":false,"template":"","format":"standard","meta":{"footnotes":""},"categories":[38,36],"tags":[],"class_list":["post-809","post","type-post","status-publish","format-standard","has-post-thumbnail","hentry","category-economia","category-nacionales"],"_links":{"self":[{"href":"https:\/\/alminutonoticia.com\/noticias\/wp-json\/wp\/v2\/posts\/809","targetHints":{"allow":["GET"]}}],"collection":[{"href":"https:\/\/alminutonoticia.com\/noticias\/wp-json\/wp\/v2\/posts"}],"about":[{"href":"https:\/\/alminutonoticia.com\/noticias\/wp-json\/wp\/v2\/types\/post"}],"author":[{"embeddable":true,"href":"https:\/\/alminutonoticia.com\/noticias\/wp-json\/wp\/v2\/users\/3"}],"replies":[{"embeddable":true,"href":"https:\/\/alminutonoticia.com\/noticias\/wp-json\/wp\/v2\/comments?post=809"}],"version-history":[{"count":1,"href":"https:\/\/alminutonoticia.com\/noticias\/wp-json\/wp\/v2\/posts\/809\/revisions"}],"predecessor-version":[{"id":814,"href":"https:\/\/alminutonoticia.com\/noticias\/wp-json\/wp\/v2\/posts\/809\/revisions\/814"}],"wp:featuredmedia":[{"embeddable":true,"href":"https:\/\/alminutonoticia.com\/noticias\/wp-json\/wp\/v2\/media\/813"}],"wp:attachment":[{"href":"https:\/\/alminutonoticia.com\/noticias\/wp-json\/wp\/v2\/media?parent=809"}],"wp:term":[{"taxonomy":"category","embeddable":true,"href":"https:\/\/alminutonoticia.com\/noticias\/wp-json\/wp\/v2\/categories?post=809"},{"taxonomy":"post_tag","embeddable":true,"href":"https:\/\/alminutonoticia.com\/noticias\/wp-json\/wp\/v2\/tags?post=809"}],"curies":[{"name":"wp","href":"https:\/\/api.w.org\/{rel}","templated":true}]}}