{"id":800,"date":"2023-01-18T22:06:39","date_gmt":"2023-01-18T22:06:39","guid":{"rendered":"https:\/\/alminutonoticia.com\/noticias\/?p=800"},"modified":"2023-01-18T22:06:40","modified_gmt":"2023-01-18T22:06:40","slug":"actividades-de-verano-virtual-inician-este-lunes","status":"publish","type":"post","link":"https:\/\/alminutonoticia.com\/noticias\/actividades-de-verano-virtual-inician-este-lunes\/","title":{"rendered":"Actividades de verano virtual inician este lunes"},"content":{"rendered":"\n<p>Este lunes, 20 de enero inicia el Verano Virtual, un conjunto de actividades que realizar\u00e1 la Caja de Seguro Social (CSS), durante el periodo de vacaciones escolares, para toda la poblaci\u00f3n juvenil y los participantes del Servicio de Salud Amigable para Adolescentes de la instituci\u00f3n.<\/p>\n\n\n\n<p>\u00abLa Subdirecci\u00f3n Nacional de Atenci\u00f3n Primaria en Salud, llevar\u00e1 a cabo una serie de actividades con ni\u00f1os y j\u00f3venes, por medio de diversos talleres de forma l\u00fadica, para fortalecer estilos de vida saludable y habilidades para su diario vivir\u00bb, indic\u00f3 el Dr. Jos\u00e9 Leonardo Gonz\u00e1lez, jefe de dicho programa.<\/p>\n\n\n\n<p>Se han seleccionado temas solicitados por ellos, como \u201cFundamentos de ciberseguridad\u201d, \u201cLengua de se\u00f1as paname\u00f1as\u201d y \u201cPrimeros auxilios\u201d, talleres de coreograf\u00eda de bailes populares, teatro en salud, nutrici\u00f3n, recetas, charlas sobre acoso escolar, manejo de las emociones y servicios de salud amigables para j\u00f3venes, entre otros. Si deseas inscribirte, accede a la p\u00e1gina: http:\/\/vivesaludable.css.gob.pa\/verano-virtual-2023\/<\/p>\n\n\n\n<figure class=\"wp-block-image size-full\"><a href=\"https:\/\/alminutonoticia.com\/noticias\/wp-content\/uploads\/2023\/01\/WhatsApp-Image-2023-01-18-at-3.32.41-PM.jpeg\"><img fetchpriority=\"high\" decoding=\"async\" width=\"792\" height=\"532\" src=\"https:\/\/alminutonoticia.com\/noticias\/wp-content\/uploads\/2023\/01\/WhatsApp-Image-2023-01-18-at-3.32.41-PM.jpeg\" alt=\"\" class=\"wp-image-801\" title=\"\" srcset=\"https:\/\/alminutonoticia.com\/noticias\/wp-content\/uploads\/2023\/01\/WhatsApp-Image-2023-01-18-at-3.32.41-PM.jpeg 792w, https:\/\/alminutonoticia.com\/noticias\/wp-content\/uploads\/2023\/01\/WhatsApp-Image-2023-01-18-at-3.32.41-PM-300x202.jpeg 300w, https:\/\/alminutonoticia.com\/noticias\/wp-content\/uploads\/2023\/01\/WhatsApp-Image-2023-01-18-at-3.32.41-PM-768x516.jpeg 768w\" sizes=\"(max-width: 792px) 100vw, 792px\" \/><\/a><\/figure>\n\n\n\n<figure class=\"wp-block-image size-full\"><a href=\"https:\/\/alminutonoticia.com\/noticias\/wp-content\/uploads\/2023\/01\/WhatsApp-Image-2023-01-18-at-3.32.41-PM-1.jpeg\"><img decoding=\"async\" width=\"380\" height=\"369\" src=\"https:\/\/alminutonoticia.com\/noticias\/wp-content\/uploads\/2023\/01\/WhatsApp-Image-2023-01-18-at-3.32.41-PM-1.jpeg\" alt=\"\" class=\"wp-image-802\" title=\"\" srcset=\"https:\/\/alminutonoticia.com\/noticias\/wp-content\/uploads\/2023\/01\/WhatsApp-Image-2023-01-18-at-3.32.41-PM-1.jpeg 380w, https:\/\/alminutonoticia.com\/noticias\/wp-content\/uploads\/2023\/01\/WhatsApp-Image-2023-01-18-at-3.32.41-PM-1-300x291.jpeg 300w\" sizes=\"(max-width: 380px) 100vw, 380px\" \/><\/a><\/figure>\n","protected":false},"excerpt":{"rendered":"<p>Este lunes, 20 de enero inicia el Verano Virtual, un conjunto de actividades que realizar\u00e1 la Caja de Seguro Social (CSS), durante el periodo de vacaciones escolares, para toda la poblaci\u00f3n juvenil y los participantes del Servicio de Salud Amigable para Adolescentes de la instituci\u00f3n. \u00abLa Subdirecci\u00f3n Nacional de Atenci\u00f3n Primaria en Salud, llevar\u00e1 a [&hellip;]<\/p>\n","protected":false},"author":3,"featured_media":801,"comment_status":"open","ping_status":"open","sticky":false,"template":"","format":"standard","meta":{"footnotes":""},"categories":[36,45],"tags":[],"class_list":["post-800","post","type-post","status-publish","format-standard","has-post-thumbnail","hentry","category-nacionales","category-salud"],"_links":{"self":[{"href":"https:\/\/alminutonoticia.com\/noticias\/wp-json\/wp\/v2\/posts\/800","targetHints":{"allow":["GET"]}}],"collection":[{"href":"https:\/\/alminutonoticia.com\/noticias\/wp-json\/wp\/v2\/posts"}],"about":[{"href":"https:\/\/alminutonoticia.com\/noticias\/wp-json\/wp\/v2\/types\/post"}],"author":[{"embeddable":true,"href":"https:\/\/alminutonoticia.com\/noticias\/wp-json\/wp\/v2\/users\/3"}],"replies":[{"embeddable":true,"href":"https:\/\/alminutonoticia.com\/noticias\/wp-json\/wp\/v2\/comments?post=800"}],"version-history":[{"count":1,"href":"https:\/\/alminutonoticia.com\/noticias\/wp-json\/wp\/v2\/posts\/800\/revisions"}],"predecessor-version":[{"id":803,"href":"https:\/\/alminutonoticia.com\/noticias\/wp-json\/wp\/v2\/posts\/800\/revisions\/803"}],"wp:featuredmedia":[{"embeddable":true,"href":"https:\/\/alminutonoticia.com\/noticias\/wp-json\/wp\/v2\/media\/801"}],"wp:attachment":[{"href":"https:\/\/alminutonoticia.com\/noticias\/wp-json\/wp\/v2\/media?parent=800"}],"wp:term":[{"taxonomy":"category","embeddable":true,"href":"https:\/\/alminutonoticia.com\/noticias\/wp-json\/wp\/v2\/categories?post=800"},{"taxonomy":"post_tag","embeddable":true,"href":"https:\/\/alminutonoticia.com\/noticias\/wp-json\/wp\/v2\/tags?post=800"}],"curies":[{"name":"wp","href":"https:\/\/api.w.org\/{rel}","templated":true}]}}