{"id":7836,"date":"2024-01-22T03:14:35","date_gmt":"2024-01-22T03:14:35","guid":{"rendered":"https:\/\/alminutonoticia.com\/noticias\/?p=7836"},"modified":"2024-01-22T03:14:36","modified_gmt":"2024-01-22T03:14:36","slug":"muere-la-senadora-colombiana-piedad-cordoba","status":"publish","type":"post","link":"https:\/\/alminutonoticia.com\/noticias\/muere-la-senadora-colombiana-piedad-cordoba\/","title":{"rendered":"Muere la senadora colombiana Piedad C\u00f3rdoba"},"content":{"rendered":"\n<p>La Senadora de la Rep\u00fablica de Colombia por el partido de gobierno Pacto Hist\u00f3rico, Piedad C\u00f3rdoba muri\u00f3 a sus 69 a\u00f1os, a ra\u00edz de un infarto, as\u00ed conoci\u00f3 extraoficialmente Panorama Econ\u00f3mico Panam\u00e1, a trav\u00e9s de la red social X.<\/p>\n\n\n\n<p>Dicha noticia que corri\u00f3 como p\u00f3lvora en la red social fue confirmada por Gustavo Petro, presidente de Colombia, a trav\u00e9s de su cuenta, este s\u00e1bado, 20 de enero.<\/p>\n\n\n\n<p>De acuerdo al mandatario colombiano, \u00abPiedad C\u00f3rdoba fue una mujer golpeada por una \u00e9poca y una sociedad. Luch\u00f3 toda su vida madura por una sociedad m\u00e1s democr\u00e1tica. Su cuerpo y su mente no resistieron la presi\u00f3n de una sociedad anacr\u00f3nica, que aplaud\u00eda los ajustamientos de j\u00f3venes, que odiaba el di\u00e1logo y la paz, que odiaba a los negros, a los ind\u00edgenas y a los pobres, que la trataba como una criminal\u201d.<\/p>\n\n\n\n<p>\u201cComo Congresista la conoc\u00ed y como Senadora muri\u00f3. Una verdadera liberal ha muerto, agreg\u00f3 el presidente en su cuenta de la red social.<\/p>\n\n\n\n<p>En este sentido la cadena noticiosa CNN en espa\u00f1ol confirm\u00f3 que la Senadora C\u00f3rdoba fue atendida en la cl\u00ednica Libertadores de la ciudad de Medell\u00edn, en donde muri\u00f3, al parecer, de un infarto. C\u00f3rdoba, de 69 a\u00f1os, presentaba problemas de salud desde el a\u00f1o 2022.<\/p>\n\n\n\n<figure class=\"wp-block-image size-full\"><a href=\"https:\/\/alminutonoticia.com\/noticias\/wp-content\/uploads\/2024\/01\/piedad-cordoba.jpg\"><img fetchpriority=\"high\" decoding=\"async\" width=\"630\" height=\"400\" src=\"https:\/\/alminutonoticia.com\/noticias\/wp-content\/uploads\/2024\/01\/piedad-cordoba.jpg\" alt=\"\" class=\"wp-image-7837\" title=\"\" srcset=\"https:\/\/alminutonoticia.com\/noticias\/wp-content\/uploads\/2024\/01\/piedad-cordoba.jpg 630w, https:\/\/alminutonoticia.com\/noticias\/wp-content\/uploads\/2024\/01\/piedad-cordoba-300x190.jpg 300w\" sizes=\"(max-width: 630px) 100vw, 630px\" \/><\/a><\/figure>\n","protected":false},"excerpt":{"rendered":"<p>La Senadora de la Rep\u00fablica de Colombia por el partido de gobierno Pacto Hist\u00f3rico, Piedad C\u00f3rdoba muri\u00f3 a sus 69 a\u00f1os, a ra\u00edz de un infarto, as\u00ed conoci\u00f3 extraoficialmente Panorama Econ\u00f3mico Panam\u00e1, a trav\u00e9s de la red social X. Dicha noticia que corri\u00f3 como p\u00f3lvora en la red social fue confirmada por Gustavo Petro, presidente [&hellip;]<\/p>\n","protected":false},"author":3,"featured_media":7837,"comment_status":"open","ping_status":"open","sticky":false,"template":"","format":"standard","meta":{"footnotes":""},"categories":[39,37],"tags":[],"class_list":["post-7836","post","type-post","status-publish","format-standard","has-post-thumbnail","hentry","category-internacionales","category-politica"],"_links":{"self":[{"href":"https:\/\/alminutonoticia.com\/noticias\/wp-json\/wp\/v2\/posts\/7836","targetHints":{"allow":["GET"]}}],"collection":[{"href":"https:\/\/alminutonoticia.com\/noticias\/wp-json\/wp\/v2\/posts"}],"about":[{"href":"https:\/\/alminutonoticia.com\/noticias\/wp-json\/wp\/v2\/types\/post"}],"author":[{"embeddable":true,"href":"https:\/\/alminutonoticia.com\/noticias\/wp-json\/wp\/v2\/users\/3"}],"replies":[{"embeddable":true,"href":"https:\/\/alminutonoticia.com\/noticias\/wp-json\/wp\/v2\/comments?post=7836"}],"version-history":[{"count":1,"href":"https:\/\/alminutonoticia.com\/noticias\/wp-json\/wp\/v2\/posts\/7836\/revisions"}],"predecessor-version":[{"id":7838,"href":"https:\/\/alminutonoticia.com\/noticias\/wp-json\/wp\/v2\/posts\/7836\/revisions\/7838"}],"wp:featuredmedia":[{"embeddable":true,"href":"https:\/\/alminutonoticia.com\/noticias\/wp-json\/wp\/v2\/media\/7837"}],"wp:attachment":[{"href":"https:\/\/alminutonoticia.com\/noticias\/wp-json\/wp\/v2\/media?parent=7836"}],"wp:term":[{"taxonomy":"category","embeddable":true,"href":"https:\/\/alminutonoticia.com\/noticias\/wp-json\/wp\/v2\/categories?post=7836"},{"taxonomy":"post_tag","embeddable":true,"href":"https:\/\/alminutonoticia.com\/noticias\/wp-json\/wp\/v2\/tags?post=7836"}],"curies":[{"name":"wp","href":"https:\/\/api.w.org\/{rel}","templated":true}]}}