{"id":7749,"date":"2024-01-16T02:28:03","date_gmt":"2024-01-16T02:28:03","guid":{"rendered":"https:\/\/alminutonoticia.com\/noticias\/?p=7749"},"modified":"2024-01-16T02:28:04","modified_gmt":"2024-01-16T02:28:04","slug":"aeropuerto-internacional-de-tocumen-registra-record-al-procesar-17-8-millones-de-pasajeros-en-2023","status":"publish","type":"post","link":"https:\/\/alminutonoticia.com\/noticias\/aeropuerto-internacional-de-tocumen-registra-record-al-procesar-17-8-millones-de-pasajeros-en-2023\/","title":{"rendered":"Aeropuerto Internacional de Tocumen registra r\u00e9cord al procesar 17.8 millones de pasajeros en 2023"},"content":{"rendered":"\n<p>El Aeropuerto Internacional de Tocumen estableci\u00f3 un r\u00e9cord de movimiento pasajeros durante el a\u00f1o 2023 al procesar 17,825,465 millones de pasajeros, superando el m\u00e1ximo hist\u00f3rico de 16,582,601 pasajeros registrado en el a\u00f1o 2019.<\/p>\n\n\n\n<p>Raffoul Arab, Gerente General del Aeropuerto Internacional de Tocumen, dijo que, \u201cel desempe\u00f1o en el 2023 es resultado de la confianza de las aerol\u00edneas que han aumentado sus frecuencias y destinos, por el respaldo que les hemos dado y por las garant\u00edas de operaciones seguras y puntuales. Estos hechos, fortalecen la reputaci\u00f3n y relevancia de Panam\u00e1 como principal punto de tr\u00e1nsito y conectividad regional de pasajeros y de carga\u201d.<\/p>\n\n\n\n<p>Seg\u00fan los datos suministrados por el Departamento de Estad\u00edstica del Aeropuerto Internacional de Tocumen en el mes de diciembre de movilizaron en la terminal \u00e1rea 1,606,558 pasajeros. Los mercados con mayor movimiento regional a trav\u00e9s del hub de Panam\u00e1 en diciembre fueron, Suram\u00e9rica con el 44%, seguido de Norteam\u00e9rica con el 30%, del Caribe 11%, mientras que Centroam\u00e9rica aport\u00f3 el 11%, y los mercados europeos contribuyeron con una participaci\u00f3n del 4%.<\/p>\n\n\n\n<figure class=\"wp-block-image size-large\"><a href=\"https:\/\/alminutonoticia.com\/noticias\/wp-content\/uploads\/2024\/01\/WhatsApp-Image-2024-01-15-at-9.23.26-PM-1.jpeg\"><img fetchpriority=\"high\" decoding=\"async\" width=\"1024\" height=\"682\" src=\"https:\/\/alminutonoticia.com\/noticias\/wp-content\/uploads\/2024\/01\/WhatsApp-Image-2024-01-15-at-9.23.26-PM-1-1024x682.jpeg\" alt=\"\" class=\"wp-image-7750\" title=\"\" srcset=\"https:\/\/alminutonoticia.com\/noticias\/wp-content\/uploads\/2024\/01\/WhatsApp-Image-2024-01-15-at-9.23.26-PM-1-1024x682.jpeg 1024w, https:\/\/alminutonoticia.com\/noticias\/wp-content\/uploads\/2024\/01\/WhatsApp-Image-2024-01-15-at-9.23.26-PM-1-300x200.jpeg 300w, https:\/\/alminutonoticia.com\/noticias\/wp-content\/uploads\/2024\/01\/WhatsApp-Image-2024-01-15-at-9.23.26-PM-1-768x512.jpeg 768w, https:\/\/alminutonoticia.com\/noticias\/wp-content\/uploads\/2024\/01\/WhatsApp-Image-2024-01-15-at-9.23.26-PM-1-1536x1023.jpeg 1536w, https:\/\/alminutonoticia.com\/noticias\/wp-content\/uploads\/2024\/01\/WhatsApp-Image-2024-01-15-at-9.23.26-PM-1.jpeg 1600w\" sizes=\"(max-width: 1024px) 100vw, 1024px\" \/><\/a><\/figure>\n\n\n\n<p>Al cierre del a\u00f1o 2023 en el aeropuerto Internacional de Tocumen operan 31 aerol\u00edneas, 15 de carga y 16 de pasajeros.<\/p>\n\n\n\n<p>Destinos y mercados<\/p>\n\n\n\n<p>En cuanto a las conexiones internacionales, en el mes de diciembre Tocumen mantiene las rutas directas a 87 destinos, a trav\u00e9s de 16 aerol\u00edneas comerciales que ofrecen servicios a las principales ciudades de Am\u00e9rica y Europa.<\/p>\n\n\n\n<p>Los resultados indican que durante el a\u00f1o 2023 del total de pasajeros que usaron la terminal de Tocumen, el 71% fueron pasajeros de conexi\u00f3n. Adem\u00e1s, se gestionaron 143,034 operaciones de aeronaves.<\/p>\n\n\n\n<p>Entre las ciudades m\u00e1s visitadas a trav\u00e9s de Tocumen durante el a\u00f1o 2023 sobresalen Miami, Bogot\u00e1, Medell\u00edn, San Jos\u00e9, Punta Cana, Canc\u00fan, Orlando, Sao Paulo, Lima y Guayaquil, entre otras.<\/p>\n\n\n\n<p>Terminales regionales y carga<\/p>\n\n\n\n<p>En cuanto a la terminal de carga durante el 2023 se movilizaron 208,573 toneladas m\u00e9tricas. En el mes de diciembre se movilizaron 20,395 de toneladas de carga.<\/p>\n\n\n\n<p>Por su parte las terminales regionales Panam\u00e1 Pac\u00edfico, Enrique Malek, Scarlett Mart\u00ednez y Enrique A. Jim\u00e9nez, gestionadas por Tocumen, S.A registraron durante el 2023 un tr\u00e1fico de 744,219 pasajeros y 24,148 operaciones de aeronaves.<\/p>\n\n\n\n<p>Entre las terminales regionales Panam\u00e1 Pac\u00edfico registr\u00f3 el mayor movimiento con 39,313 pasajeros procesados. En tanto que la terminal dom\u00e9stica que opera en la Terminal 2 proces\u00f3 durante el 2023 un total de 201,068 pasajeros.<\/p>\n\n\n\n<figure class=\"wp-block-image size-large\"><a href=\"https:\/\/alminutonoticia.com\/noticias\/wp-content\/uploads\/2024\/01\/WhatsApp-Image-2024-01-15-at-9.23.26-PM.jpeg\"><img decoding=\"async\" width=\"1024\" height=\"768\" src=\"https:\/\/alminutonoticia.com\/noticias\/wp-content\/uploads\/2024\/01\/WhatsApp-Image-2024-01-15-at-9.23.26-PM-1024x768.jpeg\" alt=\"\" class=\"wp-image-7751\" title=\"\" srcset=\"https:\/\/alminutonoticia.com\/noticias\/wp-content\/uploads\/2024\/01\/WhatsApp-Image-2024-01-15-at-9.23.26-PM-1024x768.jpeg 1024w, https:\/\/alminutonoticia.com\/noticias\/wp-content\/uploads\/2024\/01\/WhatsApp-Image-2024-01-15-at-9.23.26-PM-300x225.jpeg 300w, https:\/\/alminutonoticia.com\/noticias\/wp-content\/uploads\/2024\/01\/WhatsApp-Image-2024-01-15-at-9.23.26-PM-768x576.jpeg 768w, https:\/\/alminutonoticia.com\/noticias\/wp-content\/uploads\/2024\/01\/WhatsApp-Image-2024-01-15-at-9.23.26-PM-1536x1152.jpeg 1536w, https:\/\/alminutonoticia.com\/noticias\/wp-content\/uploads\/2024\/01\/WhatsApp-Image-2024-01-15-at-9.23.26-PM.jpeg 1600w\" sizes=\"(max-width: 1024px) 100vw, 1024px\" \/><\/a><\/figure>\n\n\n\n<figure class=\"wp-block-image size-large\"><a href=\"https:\/\/alminutonoticia.com\/noticias\/wp-content\/uploads\/2024\/01\/WhatsApp-Image-2024-01-15-at-9.23.27-PM.jpeg\"><img decoding=\"async\" width=\"1024\" height=\"575\" src=\"https:\/\/alminutonoticia.com\/noticias\/wp-content\/uploads\/2024\/01\/WhatsApp-Image-2024-01-15-at-9.23.27-PM-1024x575.jpeg\" alt=\"\" class=\"wp-image-7752\" title=\"\" srcset=\"https:\/\/alminutonoticia.com\/noticias\/wp-content\/uploads\/2024\/01\/WhatsApp-Image-2024-01-15-at-9.23.27-PM-1024x575.jpeg 1024w, https:\/\/alminutonoticia.com\/noticias\/wp-content\/uploads\/2024\/01\/WhatsApp-Image-2024-01-15-at-9.23.27-PM-300x168.jpeg 300w, https:\/\/alminutonoticia.com\/noticias\/wp-content\/uploads\/2024\/01\/WhatsApp-Image-2024-01-15-at-9.23.27-PM-768x431.jpeg 768w, https:\/\/alminutonoticia.com\/noticias\/wp-content\/uploads\/2024\/01\/WhatsApp-Image-2024-01-15-at-9.23.27-PM-1536x862.jpeg 1536w, https:\/\/alminutonoticia.com\/noticias\/wp-content\/uploads\/2024\/01\/WhatsApp-Image-2024-01-15-at-9.23.27-PM.jpeg 1600w\" sizes=\"(max-width: 1024px) 100vw, 1024px\" \/><\/a><\/figure>\n","protected":false},"excerpt":{"rendered":"<p>El Aeropuerto Internacional de Tocumen estableci\u00f3 un r\u00e9cord de movimiento pasajeros durante el a\u00f1o 2023 al procesar 17,825,465 millones de pasajeros, superando el m\u00e1ximo hist\u00f3rico de 16,582,601 pasajeros registrado en el a\u00f1o 2019. Raffoul Arab, Gerente General del Aeropuerto Internacional de Tocumen, dijo que, \u201cel desempe\u00f1o en el 2023 es resultado de la confianza de [&hellip;]<\/p>\n","protected":false},"author":3,"featured_media":7752,"comment_status":"open","ping_status":"open","sticky":false,"template":"","format":"standard","meta":{"footnotes":""},"categories":[39,36],"tags":[],"class_list":["post-7749","post","type-post","status-publish","format-standard","has-post-thumbnail","hentry","category-internacionales","category-nacionales"],"_links":{"self":[{"href":"https:\/\/alminutonoticia.com\/noticias\/wp-json\/wp\/v2\/posts\/7749","targetHints":{"allow":["GET"]}}],"collection":[{"href":"https:\/\/alminutonoticia.com\/noticias\/wp-json\/wp\/v2\/posts"}],"about":[{"href":"https:\/\/alminutonoticia.com\/noticias\/wp-json\/wp\/v2\/types\/post"}],"author":[{"embeddable":true,"href":"https:\/\/alminutonoticia.com\/noticias\/wp-json\/wp\/v2\/users\/3"}],"replies":[{"embeddable":true,"href":"https:\/\/alminutonoticia.com\/noticias\/wp-json\/wp\/v2\/comments?post=7749"}],"version-history":[{"count":1,"href":"https:\/\/alminutonoticia.com\/noticias\/wp-json\/wp\/v2\/posts\/7749\/revisions"}],"predecessor-version":[{"id":7753,"href":"https:\/\/alminutonoticia.com\/noticias\/wp-json\/wp\/v2\/posts\/7749\/revisions\/7753"}],"wp:featuredmedia":[{"embeddable":true,"href":"https:\/\/alminutonoticia.com\/noticias\/wp-json\/wp\/v2\/media\/7752"}],"wp:attachment":[{"href":"https:\/\/alminutonoticia.com\/noticias\/wp-json\/wp\/v2\/media?parent=7749"}],"wp:term":[{"taxonomy":"category","embeddable":true,"href":"https:\/\/alminutonoticia.com\/noticias\/wp-json\/wp\/v2\/categories?post=7749"},{"taxonomy":"post_tag","embeddable":true,"href":"https:\/\/alminutonoticia.com\/noticias\/wp-json\/wp\/v2\/tags?post=7749"}],"curies":[{"name":"wp","href":"https:\/\/api.w.org\/{rel}","templated":true}]}}