{"id":771,"date":"2023-01-18T11:50:38","date_gmt":"2023-01-18T11:50:38","guid":{"rendered":"https:\/\/alminutonoticia.com\/noticias\/?p=771"},"modified":"2023-01-18T11:50:38","modified_gmt":"2023-01-18T11:50:38","slug":"muere-segundo-piloto-involucrado-en-accidente-aereo-en-bocas-del-toro","status":"publish","type":"post","link":"https:\/\/alminutonoticia.com\/noticias\/muere-segundo-piloto-involucrado-en-accidente-aereo-en-bocas-del-toro\/","title":{"rendered":"Muere segundo piloto involucrado en accidente a\u00e9reo en Bocas del Toro"},"content":{"rendered":"\n<p>Kevin Guerra, el segundo piloto que estuvo involucrado en un accidente a\u00e9reo ocurrido el pasado 6 de enero en Bocas del Toro, falleci\u00f3 la tarde de este martes en el hospital regional de David, provincia de Chiriqu\u00ed.<\/p>\n\n\n\n<p>El<strong>\u00a0piloto Kevin Guerra\u00a0<\/strong>se encontraba en \u00abestado delicado\u201d, desde que ocurri\u00f3 el accidente entre dos avionetas de fumigaci\u00f3n, en Finca 45, corregimiento de\u00a0<strong>Guabito.<\/strong><\/p>\n\n\n\n<p>El pasado 6 de enero de 2023, horas despu\u00e9s del fatal accidente, muri\u00f3 el primer piloto Mart\u00edn Bogantes.<\/p>\n\n\n\n<figure class=\"wp-block-image size-large\"><a href=\"https:\/\/alminutonoticia.com\/noticias\/wp-content\/uploads\/2023\/01\/4e3df927-aec9-4e1e-a781-ad1138892362_16-9-aspect-ratio_1200w_0.webp\"><img fetchpriority=\"high\" decoding=\"async\" width=\"1024\" height=\"576\" src=\"https:\/\/alminutonoticia.com\/noticias\/wp-content\/uploads\/2023\/01\/4e3df927-aec9-4e1e-a781-ad1138892362_16-9-aspect-ratio_1200w_0-1024x576.webp\" alt=\"\" class=\"wp-image-772\" title=\"\" srcset=\"https:\/\/alminutonoticia.com\/noticias\/wp-content\/uploads\/2023\/01\/4e3df927-aec9-4e1e-a781-ad1138892362_16-9-aspect-ratio_1200w_0-1024x576.webp 1024w, https:\/\/alminutonoticia.com\/noticias\/wp-content\/uploads\/2023\/01\/4e3df927-aec9-4e1e-a781-ad1138892362_16-9-aspect-ratio_1200w_0-300x169.webp 300w, https:\/\/alminutonoticia.com\/noticias\/wp-content\/uploads\/2023\/01\/4e3df927-aec9-4e1e-a781-ad1138892362_16-9-aspect-ratio_1200w_0-768x432.webp 768w, https:\/\/alminutonoticia.com\/noticias\/wp-content\/uploads\/2023\/01\/4e3df927-aec9-4e1e-a781-ad1138892362_16-9-aspect-ratio_1200w_0.webp 1200w\" sizes=\"(max-width: 1024px) 100vw, 1024px\" \/><\/a><\/figure>\n","protected":false},"excerpt":{"rendered":"<p>Kevin Guerra, el segundo piloto que estuvo involucrado en un accidente a\u00e9reo ocurrido el pasado 6 de enero en Bocas del Toro, falleci\u00f3 la tarde de este martes en el hospital regional de David, provincia de Chiriqu\u00ed. El\u00a0piloto Kevin Guerra\u00a0se encontraba en \u00abestado delicado\u201d, desde que ocurri\u00f3 el accidente entre dos avionetas de fumigaci\u00f3n, en [&hellip;]<\/p>\n","protected":false},"author":3,"featured_media":772,"comment_status":"open","ping_status":"open","sticky":false,"template":"","format":"standard","meta":{"footnotes":""},"categories":[36],"tags":[],"class_list":["post-771","post","type-post","status-publish","format-standard","has-post-thumbnail","hentry","category-nacionales"],"_links":{"self":[{"href":"https:\/\/alminutonoticia.com\/noticias\/wp-json\/wp\/v2\/posts\/771","targetHints":{"allow":["GET"]}}],"collection":[{"href":"https:\/\/alminutonoticia.com\/noticias\/wp-json\/wp\/v2\/posts"}],"about":[{"href":"https:\/\/alminutonoticia.com\/noticias\/wp-json\/wp\/v2\/types\/post"}],"author":[{"embeddable":true,"href":"https:\/\/alminutonoticia.com\/noticias\/wp-json\/wp\/v2\/users\/3"}],"replies":[{"embeddable":true,"href":"https:\/\/alminutonoticia.com\/noticias\/wp-json\/wp\/v2\/comments?post=771"}],"version-history":[{"count":1,"href":"https:\/\/alminutonoticia.com\/noticias\/wp-json\/wp\/v2\/posts\/771\/revisions"}],"predecessor-version":[{"id":773,"href":"https:\/\/alminutonoticia.com\/noticias\/wp-json\/wp\/v2\/posts\/771\/revisions\/773"}],"wp:featuredmedia":[{"embeddable":true,"href":"https:\/\/alminutonoticia.com\/noticias\/wp-json\/wp\/v2\/media\/772"}],"wp:attachment":[{"href":"https:\/\/alminutonoticia.com\/noticias\/wp-json\/wp\/v2\/media?parent=771"}],"wp:term":[{"taxonomy":"category","embeddable":true,"href":"https:\/\/alminutonoticia.com\/noticias\/wp-json\/wp\/v2\/categories?post=771"},{"taxonomy":"post_tag","embeddable":true,"href":"https:\/\/alminutonoticia.com\/noticias\/wp-json\/wp\/v2\/tags?post=771"}],"curies":[{"name":"wp","href":"https:\/\/api.w.org\/{rel}","templated":true}]}}