{"id":7687,"date":"2024-01-15T05:40:10","date_gmt":"2024-01-15T05:40:10","guid":{"rendered":"https:\/\/alminutonoticia.com\/noticias\/?p=7687"},"modified":"2024-01-15T05:40:10","modified_gmt":"2024-01-15T05:40:10","slug":"cortizo-participa-en-toma-de-posesion-de-presidente-de-guatemala","status":"publish","type":"post","link":"https:\/\/alminutonoticia.com\/noticias\/cortizo-participa-en-toma-de-posesion-de-presidente-de-guatemala\/","title":{"rendered":"Cortizo participa en toma de posesi\u00f3n de Presidente de Guatemala"},"content":{"rendered":"\n<p>El presidente de la Rep\u00fablica, Laurentino Cortizo Cohen viaj\u00f3 esta ma\u00f1ana a Ciudad de Guatemala para participar en la Ceremonia de Transmisi\u00f3n de Mando Presidencial de C\u00e9sar Bernardo Ar\u00e9valo de Le\u00f3n, como Presidente Constitucional de la Rep\u00fablica de Guatemala.<\/p>\n\n\n\n<p>El mandatario paname\u00f1o sostendr\u00e1, durante esta visita al pa\u00eds centroamericano, una reuni\u00f3n bilateral con el Presidente de la Rep\u00fablica de Paraguay, Santiago Pe\u00f1a.<\/p>\n\n\n\n<p>Acompa\u00f1an a Cortizo Cohen la ministra de Relaciones Exteriores de Panam\u00e1 Janaina Tewaney Mencomo y la primera dama de la Rep\u00fablica Yazm\u00edn Col\u00f3n de Cortizo.<\/p>\n\n\n\n<p>El presidente de la Rep\u00fablica regresa al pa\u00eds esta noche.<\/p>\n\n\n\n<figure class=\"wp-block-image size-full\"><a href=\"https:\/\/alminutonoticia.com\/noticias\/wp-content\/uploads\/2024\/01\/WhatsApp-Image-2024-01-14-at-12.22.46-PM-1024x672-1.jpeg\"><img fetchpriority=\"high\" decoding=\"async\" width=\"1024\" height=\"672\" src=\"https:\/\/alminutonoticia.com\/noticias\/wp-content\/uploads\/2024\/01\/WhatsApp-Image-2024-01-14-at-12.22.46-PM-1024x672-1.jpeg\" alt=\"\" class=\"wp-image-7688\" title=\"\" srcset=\"https:\/\/alminutonoticia.com\/noticias\/wp-content\/uploads\/2024\/01\/WhatsApp-Image-2024-01-14-at-12.22.46-PM-1024x672-1.jpeg 1024w, https:\/\/alminutonoticia.com\/noticias\/wp-content\/uploads\/2024\/01\/WhatsApp-Image-2024-01-14-at-12.22.46-PM-1024x672-1-300x197.jpeg 300w, https:\/\/alminutonoticia.com\/noticias\/wp-content\/uploads\/2024\/01\/WhatsApp-Image-2024-01-14-at-12.22.46-PM-1024x672-1-768x504.jpeg 768w\" sizes=\"(max-width: 1024px) 100vw, 1024px\" \/><\/a><\/figure>\n\n\n\n<figure class=\"wp-block-image size-full\"><a href=\"https:\/\/alminutonoticia.com\/noticias\/wp-content\/uploads\/2024\/01\/laurentino-cortizo-guatemala_0.jpg\"><img decoding=\"async\" width=\"630\" height=\"400\" src=\"https:\/\/alminutonoticia.com\/noticias\/wp-content\/uploads\/2024\/01\/laurentino-cortizo-guatemala_0.jpg\" alt=\"\" class=\"wp-image-7689\" title=\"\" srcset=\"https:\/\/alminutonoticia.com\/noticias\/wp-content\/uploads\/2024\/01\/laurentino-cortizo-guatemala_0.jpg 630w, https:\/\/alminutonoticia.com\/noticias\/wp-content\/uploads\/2024\/01\/laurentino-cortizo-guatemala_0-300x190.jpg 300w\" sizes=\"(max-width: 630px) 100vw, 630px\" \/><\/a><\/figure>\n","protected":false},"excerpt":{"rendered":"<p>El presidente de la Rep\u00fablica, Laurentino Cortizo Cohen viaj\u00f3 esta ma\u00f1ana a Ciudad de Guatemala para participar en la Ceremonia de Transmisi\u00f3n de Mando Presidencial de C\u00e9sar Bernardo Ar\u00e9valo de Le\u00f3n, como Presidente Constitucional de la Rep\u00fablica de Guatemala. El mandatario paname\u00f1o sostendr\u00e1, durante esta visita al pa\u00eds centroamericano, una reuni\u00f3n bilateral con el Presidente [&hellip;]<\/p>\n","protected":false},"author":3,"featured_media":7689,"comment_status":"open","ping_status":"open","sticky":false,"template":"","format":"standard","meta":{"footnotes":""},"categories":[39,36],"tags":[],"class_list":["post-7687","post","type-post","status-publish","format-standard","has-post-thumbnail","hentry","category-internacionales","category-nacionales"],"_links":{"self":[{"href":"https:\/\/alminutonoticia.com\/noticias\/wp-json\/wp\/v2\/posts\/7687","targetHints":{"allow":["GET"]}}],"collection":[{"href":"https:\/\/alminutonoticia.com\/noticias\/wp-json\/wp\/v2\/posts"}],"about":[{"href":"https:\/\/alminutonoticia.com\/noticias\/wp-json\/wp\/v2\/types\/post"}],"author":[{"embeddable":true,"href":"https:\/\/alminutonoticia.com\/noticias\/wp-json\/wp\/v2\/users\/3"}],"replies":[{"embeddable":true,"href":"https:\/\/alminutonoticia.com\/noticias\/wp-json\/wp\/v2\/comments?post=7687"}],"version-history":[{"count":1,"href":"https:\/\/alminutonoticia.com\/noticias\/wp-json\/wp\/v2\/posts\/7687\/revisions"}],"predecessor-version":[{"id":7690,"href":"https:\/\/alminutonoticia.com\/noticias\/wp-json\/wp\/v2\/posts\/7687\/revisions\/7690"}],"wp:featuredmedia":[{"embeddable":true,"href":"https:\/\/alminutonoticia.com\/noticias\/wp-json\/wp\/v2\/media\/7689"}],"wp:attachment":[{"href":"https:\/\/alminutonoticia.com\/noticias\/wp-json\/wp\/v2\/media?parent=7687"}],"wp:term":[{"taxonomy":"category","embeddable":true,"href":"https:\/\/alminutonoticia.com\/noticias\/wp-json\/wp\/v2\/categories?post=7687"},{"taxonomy":"post_tag","embeddable":true,"href":"https:\/\/alminutonoticia.com\/noticias\/wp-json\/wp\/v2\/tags?post=7687"}],"curies":[{"name":"wp","href":"https:\/\/api.w.org\/{rel}","templated":true}]}}