{"id":7525,"date":"2023-12-29T12:36:42","date_gmt":"2023-12-29T12:36:42","guid":{"rendered":"https:\/\/alminutonoticia.com\/noticias\/?p=7525"},"modified":"2023-12-29T12:36:42","modified_gmt":"2023-12-29T12:36:42","slug":"mop-avanza-con-labores-de-colocacion-de-capa-base-en-la-via-caimitillo-panama-norte","status":"publish","type":"post","link":"https:\/\/alminutonoticia.com\/noticias\/mop-avanza-con-labores-de-colocacion-de-capa-base-en-la-via-caimitillo-panama-norte\/","title":{"rendered":"MOP avanza con labores de colocaci\u00f3n de capa base en la v\u00eda Caimitillo \u2013 Panam\u00e1 Norte"},"content":{"rendered":"\n<p>El Ministerio de Obras P\u00fablicas contin\u00faa avanzando con los trabajos de colocaci\u00f3n de capa base en el tramo Caimitillo &#8211; v\u00eda Panam\u00e1 Norte para dar inicio en el pr\u00f3ximo mes de enero de 2024 con la fase de pavimentaci\u00f3n con hormig\u00f3n o concreto, inform\u00f3 el ingeniero Gilberto Marengo, director de la oficina de Proyectos Especiales de la instituci\u00f3n.<\/p>\n\n\n\n<p>Estos trabajos forman parte del proyecto de Rehabilitaci\u00f3n de Calles del distrito de Panam\u00e1 que abarca los corregimientos de Alcalde D\u00edaz, Caimitillo, Chilibre y Ernesto C\u00f3rdoba cuyo avance f\u00edsico global alcanza un 67.2%.<\/p>\n\n\n\n<p>La fase de pavimentaci\u00f3n que utilizar\u00e1 hormig\u00f3n o cemento portland fast track, iniciar\u00e1 en enero y tiene como objetivo brindar una mayor resistencia y durabilidad a la nueva v\u00eda, manifest\u00f3 el ingeniero Marengo.<\/p>\n\n\n\n<p>El proyecto inicia en San Lorenzo de La Cabima y se espera que el tramo final de esta carretera conecte con el corredor Panam\u00e1 Norte, para beneficiar a m\u00e1s de 174,000 habitantes de los corregimientos de Caimitillo, Chilibre, Alcalde D\u00edaz, y todos los usuarios que transitan el corredor Panam\u00e1 Norte en direcci\u00f3n a Col\u00f3n por la v\u00eda Trans\u00edstmica.<\/p>\n\n\n\n<figure class=\"wp-block-image size-full\"><a href=\"https:\/\/alminutonoticia.com\/noticias\/wp-content\/uploads\/2023\/12\/2-24-1.jpg\"><img fetchpriority=\"high\" decoding=\"async\" width=\"1024\" height=\"576\" src=\"https:\/\/alminutonoticia.com\/noticias\/wp-content\/uploads\/2023\/12\/2-24-1.jpg\" alt=\"\" class=\"wp-image-7528\" title=\"\" srcset=\"https:\/\/alminutonoticia.com\/noticias\/wp-content\/uploads\/2023\/12\/2-24-1.jpg 1024w, https:\/\/alminutonoticia.com\/noticias\/wp-content\/uploads\/2023\/12\/2-24-1-300x169.jpg 300w, https:\/\/alminutonoticia.com\/noticias\/wp-content\/uploads\/2023\/12\/2-24-1-768x432.jpg 768w\" sizes=\"(max-width: 1024px) 100vw, 1024px\" \/><\/a><\/figure>\n\n\n\n<figure class=\"wp-block-image size-full\"><a href=\"https:\/\/alminutonoticia.com\/noticias\/wp-content\/uploads\/2023\/12\/2-24.jpg\"><img decoding=\"async\" width=\"1024\" height=\"576\" src=\"https:\/\/alminutonoticia.com\/noticias\/wp-content\/uploads\/2023\/12\/2-24.jpg\" alt=\"\" class=\"wp-image-7526\" title=\"\" srcset=\"https:\/\/alminutonoticia.com\/noticias\/wp-content\/uploads\/2023\/12\/2-24.jpg 1024w, https:\/\/alminutonoticia.com\/noticias\/wp-content\/uploads\/2023\/12\/2-24-300x169.jpg 300w, https:\/\/alminutonoticia.com\/noticias\/wp-content\/uploads\/2023\/12\/2-24-768x432.jpg 768w\" sizes=\"(max-width: 1024px) 100vw, 1024px\" \/><\/a><\/figure>\n\n\n\n<figure class=\"wp-block-image size-full\"><a href=\"https:\/\/alminutonoticia.com\/noticias\/wp-content\/uploads\/2023\/12\/1-30.jpg\"><img decoding=\"async\" width=\"1024\" height=\"576\" src=\"https:\/\/alminutonoticia.com\/noticias\/wp-content\/uploads\/2023\/12\/1-30.jpg\" alt=\"\" class=\"wp-image-7527\" title=\"\" srcset=\"https:\/\/alminutonoticia.com\/noticias\/wp-content\/uploads\/2023\/12\/1-30.jpg 1024w, https:\/\/alminutonoticia.com\/noticias\/wp-content\/uploads\/2023\/12\/1-30-300x169.jpg 300w, https:\/\/alminutonoticia.com\/noticias\/wp-content\/uploads\/2023\/12\/1-30-768x432.jpg 768w\" sizes=\"(max-width: 1024px) 100vw, 1024px\" \/><\/a><\/figure>\n","protected":false},"excerpt":{"rendered":"<p>El Ministerio de Obras P\u00fablicas contin\u00faa avanzando con los trabajos de colocaci\u00f3n de capa base en el tramo Caimitillo &#8211; v\u00eda Panam\u00e1 Norte para dar inicio en el pr\u00f3ximo mes de enero de 2024 con la fase de pavimentaci\u00f3n con hormig\u00f3n o concreto, inform\u00f3 el ingeniero Gilberto Marengo, director de la oficina de Proyectos Especiales [&hellip;]<\/p>\n","protected":false},"author":3,"featured_media":7526,"comment_status":"open","ping_status":"open","sticky":false,"template":"","format":"standard","meta":{"footnotes":""},"categories":[36],"tags":[],"class_list":["post-7525","post","type-post","status-publish","format-standard","has-post-thumbnail","hentry","category-nacionales"],"_links":{"self":[{"href":"https:\/\/alminutonoticia.com\/noticias\/wp-json\/wp\/v2\/posts\/7525","targetHints":{"allow":["GET"]}}],"collection":[{"href":"https:\/\/alminutonoticia.com\/noticias\/wp-json\/wp\/v2\/posts"}],"about":[{"href":"https:\/\/alminutonoticia.com\/noticias\/wp-json\/wp\/v2\/types\/post"}],"author":[{"embeddable":true,"href":"https:\/\/alminutonoticia.com\/noticias\/wp-json\/wp\/v2\/users\/3"}],"replies":[{"embeddable":true,"href":"https:\/\/alminutonoticia.com\/noticias\/wp-json\/wp\/v2\/comments?post=7525"}],"version-history":[{"count":1,"href":"https:\/\/alminutonoticia.com\/noticias\/wp-json\/wp\/v2\/posts\/7525\/revisions"}],"predecessor-version":[{"id":7529,"href":"https:\/\/alminutonoticia.com\/noticias\/wp-json\/wp\/v2\/posts\/7525\/revisions\/7529"}],"wp:featuredmedia":[{"embeddable":true,"href":"https:\/\/alminutonoticia.com\/noticias\/wp-json\/wp\/v2\/media\/7526"}],"wp:attachment":[{"href":"https:\/\/alminutonoticia.com\/noticias\/wp-json\/wp\/v2\/media?parent=7525"}],"wp:term":[{"taxonomy":"category","embeddable":true,"href":"https:\/\/alminutonoticia.com\/noticias\/wp-json\/wp\/v2\/categories?post=7525"},{"taxonomy":"post_tag","embeddable":true,"href":"https:\/\/alminutonoticia.com\/noticias\/wp-json\/wp\/v2\/tags?post=7525"}],"curies":[{"name":"wp","href":"https:\/\/api.w.org\/{rel}","templated":true}]}}