{"id":7510,"date":"2023-12-29T11:39:44","date_gmt":"2023-12-29T11:39:44","guid":{"rendered":"https:\/\/alminutonoticia.com\/noticias\/?p=7510"},"modified":"2023-12-29T11:39:44","modified_gmt":"2023-12-29T11:39:44","slug":"reunion-de-coordinacion-para-el-voto-en-centros-penitenciarios","status":"publish","type":"post","link":"https:\/\/alminutonoticia.com\/noticias\/reunion-de-coordinacion-para-el-voto-en-centros-penitenciarios\/","title":{"rendered":"Reuni\u00f3n de coordinaci\u00f3n para el voto en centros penitenciarios"},"content":{"rendered":"\n<p>Con la finalidad de coordinar el voto de los privados de libertad para la Elecci\u00f3n General del 5 de mayo de 2024, el corresponsable de la Comisi\u00f3n de Identificaci\u00f3n Ciudadana del Plan General de Elecciones (PLAGEL), John Palm , y su equipo de trabajo se reunieron con representantes de la Defensor\u00eda del Pueblo y &nbsp;Polic\u00eda Nacional en el Control 1 del Complejo Penitenciario del \u00c1rea Este (La Joya, La Joyita y La Nueva Joya).<\/p>\n\n\n\n<p>En esta reuni\u00f3n se detall\u00f3 el cumplimiento de una serie de requisitos de seguridad que deben garantizarse en los centros de votaci\u00f3n para este proceso. Para poder emitir su voto, los reclusos deben tener su c\u00e9dula de identidad personal vigente y aparecer en el Padr\u00f3n Especial Final para privados de libertad.<\/p>\n\n\n\n<p>Se han habilitado 20 centros penales para que 21,415 privados de libertad puedan ejercer su derecho al voto solo para el cargo de presidente de la Rep\u00fablica.<\/p>\n\n\n\n<p>El pr\u00f3ximo 5 de mayo ser\u00e1n los cuartos comicios en los que se ejecuta el proceso de votaci\u00f3n en los centros penitenciarios del pa\u00eds.<\/p>\n\n\n\n<figure class=\"wp-block-image size-full\"><a href=\"https:\/\/alminutonoticia.com\/noticias\/wp-content\/uploads\/2023\/12\/IMG-20231227-WA0017.jpg\"><img fetchpriority=\"high\" decoding=\"async\" width=\"1024\" height=\"460\" src=\"https:\/\/alminutonoticia.com\/noticias\/wp-content\/uploads\/2023\/12\/IMG-20231227-WA0017.jpg\" alt=\"\" class=\"wp-image-7511\" title=\"\" srcset=\"https:\/\/alminutonoticia.com\/noticias\/wp-content\/uploads\/2023\/12\/IMG-20231227-WA0017.jpg 1024w, https:\/\/alminutonoticia.com\/noticias\/wp-content\/uploads\/2023\/12\/IMG-20231227-WA0017-300x135.jpg 300w, https:\/\/alminutonoticia.com\/noticias\/wp-content\/uploads\/2023\/12\/IMG-20231227-WA0017-768x345.jpg 768w\" sizes=\"(max-width: 1024px) 100vw, 1024px\" \/><\/a><\/figure>\n","protected":false},"excerpt":{"rendered":"<p>Con la finalidad de coordinar el voto de los privados de libertad para la Elecci\u00f3n General del 5 de mayo de 2024, el corresponsable de la Comisi\u00f3n de Identificaci\u00f3n Ciudadana del Plan General de Elecciones (PLAGEL), John Palm , y su equipo de trabajo se reunieron con representantes de la Defensor\u00eda del Pueblo y &nbsp;Polic\u00eda [&hellip;]<\/p>\n","protected":false},"author":3,"featured_media":7511,"comment_status":"open","ping_status":"open","sticky":false,"template":"","format":"standard","meta":{"footnotes":""},"categories":[36],"tags":[],"class_list":["post-7510","post","type-post","status-publish","format-standard","has-post-thumbnail","hentry","category-nacionales"],"_links":{"self":[{"href":"https:\/\/alminutonoticia.com\/noticias\/wp-json\/wp\/v2\/posts\/7510","targetHints":{"allow":["GET"]}}],"collection":[{"href":"https:\/\/alminutonoticia.com\/noticias\/wp-json\/wp\/v2\/posts"}],"about":[{"href":"https:\/\/alminutonoticia.com\/noticias\/wp-json\/wp\/v2\/types\/post"}],"author":[{"embeddable":true,"href":"https:\/\/alminutonoticia.com\/noticias\/wp-json\/wp\/v2\/users\/3"}],"replies":[{"embeddable":true,"href":"https:\/\/alminutonoticia.com\/noticias\/wp-json\/wp\/v2\/comments?post=7510"}],"version-history":[{"count":1,"href":"https:\/\/alminutonoticia.com\/noticias\/wp-json\/wp\/v2\/posts\/7510\/revisions"}],"predecessor-version":[{"id":7512,"href":"https:\/\/alminutonoticia.com\/noticias\/wp-json\/wp\/v2\/posts\/7510\/revisions\/7512"}],"wp:featuredmedia":[{"embeddable":true,"href":"https:\/\/alminutonoticia.com\/noticias\/wp-json\/wp\/v2\/media\/7511"}],"wp:attachment":[{"href":"https:\/\/alminutonoticia.com\/noticias\/wp-json\/wp\/v2\/media?parent=7510"}],"wp:term":[{"taxonomy":"category","embeddable":true,"href":"https:\/\/alminutonoticia.com\/noticias\/wp-json\/wp\/v2\/categories?post=7510"},{"taxonomy":"post_tag","embeddable":true,"href":"https:\/\/alminutonoticia.com\/noticias\/wp-json\/wp\/v2\/tags?post=7510"}],"curies":[{"name":"wp","href":"https:\/\/api.w.org\/{rel}","templated":true}]}}