{"id":7505,"date":"2023-12-26T11:48:59","date_gmt":"2023-12-26T11:48:59","guid":{"rendered":"https:\/\/alminutonoticia.com\/noticias\/?p=7505"},"modified":"2023-12-26T11:49:00","modified_gmt":"2023-12-26T11:49:00","slug":"etesa-rechaza-que-apagon-tenga-relacion-con-conexion-de-la-mina-al-sistema-nacional","status":"publish","type":"post","link":"https:\/\/alminutonoticia.com\/noticias\/etesa-rechaza-que-apagon-tenga-relacion-con-conexion-de-la-mina-al-sistema-nacional\/","title":{"rendered":"ETESA rechaza que apag\u00f3n tenga relaci\u00f3n con conexi\u00f3n de la Mina al sistema nacional"},"content":{"rendered":"\n<p>El Centro Nacional de Despacho de la Empresa de Transmisi\u00f3n El\u00e9ctrica, S.A. (ETESA) niega que los eventos ocurridos este 24 de diciembre, que produjeron una situaci\u00f3n de falta de energ\u00eda el\u00e9ctrica, obedezcan a una \u00absupuesta conexi\u00f3n\u00bb de la empresa Minera Panam\u00e1 al Sistema Interconectado Nacional<\/p>\n\n\n\n<p>A trav\u00e9s de un comunicado emitido la tarde de este lunes, 25 de diciembre, ETESA reitera que estos eventos fueron producto de una falla en el equipo del banco de capacitores de la subestaci\u00f3n Panam\u00e1 1, ubicada en el sector de Condado del Rey en la ciudad capital, que afect\u00f3 el suministro de energ\u00eda el\u00e9ctrica.<\/p>\n\n\n\n<p>Aclara la entidad que mediante acciones desarrolladas por personal de ETESA se logr\u00f3 normalizar el suministro energ\u00e9tico, el cual se encuentra ahora en el proceso de recabar la informaci\u00f3n relacionada con estos eventos, para conocer con precisi\u00f3n qu\u00e9 produjo esta situaci\u00f3n, en la Subestaci\u00f3n Panam\u00e1 1, y las repercusiones que tuvo este incidente.<\/p>\n\n\n\n<p><\/p>\n\n\n\n<figure class=\"wp-block-image size-full\"><a href=\"https:\/\/alminutonoticia.com\/noticias\/wp-content\/uploads\/2023\/12\/WhatsApp-Image-2023-12-25-at-3.43.17-PM-1024x1024-1.jpeg\"><img fetchpriority=\"high\" decoding=\"async\" width=\"1024\" height=\"1024\" src=\"https:\/\/alminutonoticia.com\/noticias\/wp-content\/uploads\/2023\/12\/WhatsApp-Image-2023-12-25-at-3.43.17-PM-1024x1024-1.jpeg\" alt=\"\" class=\"wp-image-7506\" title=\"\" srcset=\"https:\/\/alminutonoticia.com\/noticias\/wp-content\/uploads\/2023\/12\/WhatsApp-Image-2023-12-25-at-3.43.17-PM-1024x1024-1.jpeg 1024w, https:\/\/alminutonoticia.com\/noticias\/wp-content\/uploads\/2023\/12\/WhatsApp-Image-2023-12-25-at-3.43.17-PM-1024x1024-1-300x300.jpeg 300w, https:\/\/alminutonoticia.com\/noticias\/wp-content\/uploads\/2023\/12\/WhatsApp-Image-2023-12-25-at-3.43.17-PM-1024x1024-1-150x150.jpeg 150w, https:\/\/alminutonoticia.com\/noticias\/wp-content\/uploads\/2023\/12\/WhatsApp-Image-2023-12-25-at-3.43.17-PM-1024x1024-1-768x768.jpeg 768w\" sizes=\"(max-width: 1024px) 100vw, 1024px\" \/><\/a><\/figure>\n\n\n\n<figure class=\"wp-block-image size-full\"><a href=\"https:\/\/alminutonoticia.com\/noticias\/wp-content\/uploads\/2023\/12\/IMG_20220512_154329-690x450-1.jpg\"><img decoding=\"async\" width=\"690\" height=\"450\" src=\"https:\/\/alminutonoticia.com\/noticias\/wp-content\/uploads\/2023\/12\/IMG_20220512_154329-690x450-1.jpg\" alt=\"\" class=\"wp-image-7507\" title=\"\" srcset=\"https:\/\/alminutonoticia.com\/noticias\/wp-content\/uploads\/2023\/12\/IMG_20220512_154329-690x450-1.jpg 690w, https:\/\/alminutonoticia.com\/noticias\/wp-content\/uploads\/2023\/12\/IMG_20220512_154329-690x450-1-300x196.jpg 300w\" sizes=\"(max-width: 690px) 100vw, 690px\" \/><\/a><\/figure>\n","protected":false},"excerpt":{"rendered":"<p>El Centro Nacional de Despacho de la Empresa de Transmisi\u00f3n El\u00e9ctrica, S.A. (ETESA) niega que los eventos ocurridos este 24 de diciembre, que produjeron una situaci\u00f3n de falta de energ\u00eda el\u00e9ctrica, obedezcan a una \u00absupuesta conexi\u00f3n\u00bb de la empresa Minera Panam\u00e1 al Sistema Interconectado Nacional A trav\u00e9s de un comunicado emitido la tarde de este [&hellip;]<\/p>\n","protected":false},"author":3,"featured_media":7507,"comment_status":"open","ping_status":"open","sticky":false,"template":"","format":"standard","meta":{"footnotes":""},"categories":[36],"tags":[],"class_list":["post-7505","post","type-post","status-publish","format-standard","has-post-thumbnail","hentry","category-nacionales"],"_links":{"self":[{"href":"https:\/\/alminutonoticia.com\/noticias\/wp-json\/wp\/v2\/posts\/7505","targetHints":{"allow":["GET"]}}],"collection":[{"href":"https:\/\/alminutonoticia.com\/noticias\/wp-json\/wp\/v2\/posts"}],"about":[{"href":"https:\/\/alminutonoticia.com\/noticias\/wp-json\/wp\/v2\/types\/post"}],"author":[{"embeddable":true,"href":"https:\/\/alminutonoticia.com\/noticias\/wp-json\/wp\/v2\/users\/3"}],"replies":[{"embeddable":true,"href":"https:\/\/alminutonoticia.com\/noticias\/wp-json\/wp\/v2\/comments?post=7505"}],"version-history":[{"count":1,"href":"https:\/\/alminutonoticia.com\/noticias\/wp-json\/wp\/v2\/posts\/7505\/revisions"}],"predecessor-version":[{"id":7508,"href":"https:\/\/alminutonoticia.com\/noticias\/wp-json\/wp\/v2\/posts\/7505\/revisions\/7508"}],"wp:featuredmedia":[{"embeddable":true,"href":"https:\/\/alminutonoticia.com\/noticias\/wp-json\/wp\/v2\/media\/7507"}],"wp:attachment":[{"href":"https:\/\/alminutonoticia.com\/noticias\/wp-json\/wp\/v2\/media?parent=7505"}],"wp:term":[{"taxonomy":"category","embeddable":true,"href":"https:\/\/alminutonoticia.com\/noticias\/wp-json\/wp\/v2\/categories?post=7505"},{"taxonomy":"post_tag","embeddable":true,"href":"https:\/\/alminutonoticia.com\/noticias\/wp-json\/wp\/v2\/tags?post=7505"}],"curies":[{"name":"wp","href":"https:\/\/api.w.org\/{rel}","templated":true}]}}