{"id":7294,"date":"2023-12-11T10:19:30","date_gmt":"2023-12-11T10:19:30","guid":{"rendered":"https:\/\/alminutonoticia.com\/noticias\/?p=7294"},"modified":"2023-12-11T10:19:31","modified_gmt":"2023-12-11T10:19:31","slug":"cerca-de-200-procedimientos-oftalmologicos-por-mes-programa-hacer-policlinica-de-la-chorrera","status":"publish","type":"post","link":"https:\/\/alminutonoticia.com\/noticias\/cerca-de-200-procedimientos-oftalmologicos-por-mes-programa-hacer-policlinica-de-la-chorrera\/","title":{"rendered":"Cerca de 200 procedimientos oftalmol\u00f3gicos por mes programa hacer Policl\u00ednica de La Chorrera"},"content":{"rendered":"\n<p>Unos 200 procedimientos oftalmol\u00f3gicos por mes, prev\u00e9 realizar la Policl\u00ednica \u201cDr. Santiago Barraza\u201d, de&nbsp; La Chorrera, tras la puesta en marcha del Plan de Optimizaci\u00f3n de Cirug\u00edas Oftalmol\u00f3gicas, que beneficiar\u00e1 a cerca de mil personas que esperan una intervenci\u00f3n.<\/p>\n\n\n\n<p>La Dra. Marcela De Le\u00f3n, subespecialistas en glaucoma y coordinadora de Oftalmolog\u00eda de la instalaci\u00f3n, indic\u00f3 que la estrategia consiste&nbsp; en doblar la cantidad de cirug\u00edas hasta alcanzar un aproximado de 50 por semana.<\/p>\n\n\n\n<p>Destac\u00f3 que el sal\u00f3n de operaciones cuenta&nbsp; con una lista de pacientes en espera, a quienes se les estar\u00e1 llamado en el orden correspondiente. Igualmente, se est\u00e1 haciendo una clasificaci\u00f3n para darles prioridad a los&nbsp; pacientes que est\u00e1n ciegos a causa de las cataratas.<\/p>\n\n\n\n<p>\u201cSorprendido y agradecido\u201d, est\u00e1 Juan Mart\u00ednez, procedente\u00a0 del distrito de Arraij\u00e1n, quien fue operado por pterigion. \u201cMe siento un poco sorprendido, porque pensamos que tendr\u00edamos que esperar, pero sent\u00ed que me llamaron pronto. Agradezco\u00a0 mucho por eso\u201d, exclam\u00f3 Mart\u00ednez, un poco antes de entrar al sal\u00f3n de operaciones.<\/p>\n\n\n\n<div class=\"wp-block-columns is-layout-flex wp-container-core-columns-is-layout-28f84493 wp-block-columns-is-layout-flex\">\n<div class=\"wp-block-column is-layout-flow wp-block-column-is-layout-flow\">\n<figure class=\"wp-block-image size-full\"><a href=\"https:\/\/alminutonoticia.com\/noticias\/wp-content\/uploads\/2023\/12\/WhatsApp-Image-2023-12-09-at-10.46.15-AM.jpeg\"><img fetchpriority=\"high\" decoding=\"async\" width=\"768\" height=\"432\" src=\"https:\/\/alminutonoticia.com\/noticias\/wp-content\/uploads\/2023\/12\/WhatsApp-Image-2023-12-09-at-10.46.15-AM.jpeg\" alt=\"\" class=\"wp-image-7296\" title=\"\" srcset=\"https:\/\/alminutonoticia.com\/noticias\/wp-content\/uploads\/2023\/12\/WhatsApp-Image-2023-12-09-at-10.46.15-AM.jpeg 768w, https:\/\/alminutonoticia.com\/noticias\/wp-content\/uploads\/2023\/12\/WhatsApp-Image-2023-12-09-at-10.46.15-AM-300x169.jpeg 300w\" sizes=\"(max-width: 768px) 100vw, 768px\" \/><\/a><\/figure>\n<\/div>\n\n\n\n<div class=\"wp-block-column is-layout-flow wp-block-column-is-layout-flow\">\n<figure class=\"wp-block-image size-full\"><a href=\"https:\/\/alminutonoticia.com\/noticias\/wp-content\/uploads\/2023\/12\/WhatsApp-Image-2023-12-09-at-10.46.14-AM-1.jpeg\"><img decoding=\"async\" width=\"768\" height=\"432\" src=\"https:\/\/alminutonoticia.com\/noticias\/wp-content\/uploads\/2023\/12\/WhatsApp-Image-2023-12-09-at-10.46.14-AM-1.jpeg\" alt=\"\" class=\"wp-image-7297\" title=\"\" srcset=\"https:\/\/alminutonoticia.com\/noticias\/wp-content\/uploads\/2023\/12\/WhatsApp-Image-2023-12-09-at-10.46.14-AM-1.jpeg 768w, https:\/\/alminutonoticia.com\/noticias\/wp-content\/uploads\/2023\/12\/WhatsApp-Image-2023-12-09-at-10.46.14-AM-1-300x169.jpeg 300w\" sizes=\"(max-width: 768px) 100vw, 768px\" \/><\/a><\/figure>\n<\/div>\n<\/div>\n\n\n\n<p>De igual forma, David Mattews, con el mismo diagn\u00f3stico y residente en La Chorrera, dijo que se trata de&nbsp;una \u201cgran oportunidad\u201d para los pacientes con problemas en la vista. \u201cMe sent\u00ed muy contento cuando me llamaron, quiero darle las gracias a la Caja de Seguro Social por atendernos como es debido, nunca nos abandona\u201d, se\u00f1al\u00f3.<\/p>\n\n\n\n<p>En tanto que el Dr. Roberto Soto, director m\u00e9dico de la policl\u00ednica, manifest\u00f3 que actualmente hay cerca de mil pacientes en espera de cirug\u00edas oftalmol\u00f3gicas&nbsp; y que con la implementaci\u00f3n de este plan de optimizaci\u00f3n, se busca incrementar la cantidad de operaciones oftalmol\u00f3gicas&nbsp;a 200 por mes.<\/p>\n\n\n\n<p>Los pacientes con problemas oftalmol\u00f3gicos deben presentar una referencia m\u00e9dica para solicitar su cita con Oftalmolog\u00eda para evaluaci\u00f3n y diagn\u00f3stico de la enfermedad.<\/p>\n\n\n\n<figure class=\"wp-block-image size-full\"><a href=\"https:\/\/alminutonoticia.com\/noticias\/wp-content\/uploads\/2023\/12\/WhatsApp-Image-2023-12-09-at-10.46.15-AM-1.jpeg\"><img decoding=\"async\" width=\"768\" height=\"432\" src=\"https:\/\/alminutonoticia.com\/noticias\/wp-content\/uploads\/2023\/12\/WhatsApp-Image-2023-12-09-at-10.46.15-AM-1.jpeg\" alt=\"\" class=\"wp-image-7295\" title=\"\" srcset=\"https:\/\/alminutonoticia.com\/noticias\/wp-content\/uploads\/2023\/12\/WhatsApp-Image-2023-12-09-at-10.46.15-AM-1.jpeg 768w, https:\/\/alminutonoticia.com\/noticias\/wp-content\/uploads\/2023\/12\/WhatsApp-Image-2023-12-09-at-10.46.15-AM-1-300x169.jpeg 300w\" sizes=\"(max-width: 768px) 100vw, 768px\" \/><\/a><\/figure>\n\n\n\n<figure class=\"wp-block-image size-full\"><a href=\"https:\/\/alminutonoticia.com\/noticias\/wp-content\/uploads\/2023\/12\/WhatsApp-Image-2023-12-09-at-10.46.14-AM.jpeg\"><img loading=\"lazy\" decoding=\"async\" width=\"768\" height=\"432\" src=\"https:\/\/alminutonoticia.com\/noticias\/wp-content\/uploads\/2023\/12\/WhatsApp-Image-2023-12-09-at-10.46.14-AM.jpeg\" alt=\"\" class=\"wp-image-7298\" title=\"\" srcset=\"https:\/\/alminutonoticia.com\/noticias\/wp-content\/uploads\/2023\/12\/WhatsApp-Image-2023-12-09-at-10.46.14-AM.jpeg 768w, https:\/\/alminutonoticia.com\/noticias\/wp-content\/uploads\/2023\/12\/WhatsApp-Image-2023-12-09-at-10.46.14-AM-300x169.jpeg 300w\" sizes=\"(max-width: 768px) 100vw, 768px\" \/><\/a><\/figure>\n","protected":false},"excerpt":{"rendered":"<p>Unos 200 procedimientos oftalmol\u00f3gicos por mes, prev\u00e9 realizar la Policl\u00ednica \u201cDr. Santiago Barraza\u201d, de&nbsp; La Chorrera, tras la puesta en marcha del Plan de Optimizaci\u00f3n de Cirug\u00edas Oftalmol\u00f3gicas, que beneficiar\u00e1 a cerca de mil personas que esperan una intervenci\u00f3n. La Dra. Marcela De Le\u00f3n, subespecialistas en glaucoma y coordinadora de Oftalmolog\u00eda de la instalaci\u00f3n, indic\u00f3 [&hellip;]<\/p>\n","protected":false},"author":3,"featured_media":7298,"comment_status":"open","ping_status":"open","sticky":false,"template":"","format":"standard","meta":{"footnotes":""},"categories":[36,45],"tags":[],"class_list":["post-7294","post","type-post","status-publish","format-standard","has-post-thumbnail","hentry","category-nacionales","category-salud"],"_links":{"self":[{"href":"https:\/\/alminutonoticia.com\/noticias\/wp-json\/wp\/v2\/posts\/7294","targetHints":{"allow":["GET"]}}],"collection":[{"href":"https:\/\/alminutonoticia.com\/noticias\/wp-json\/wp\/v2\/posts"}],"about":[{"href":"https:\/\/alminutonoticia.com\/noticias\/wp-json\/wp\/v2\/types\/post"}],"author":[{"embeddable":true,"href":"https:\/\/alminutonoticia.com\/noticias\/wp-json\/wp\/v2\/users\/3"}],"replies":[{"embeddable":true,"href":"https:\/\/alminutonoticia.com\/noticias\/wp-json\/wp\/v2\/comments?post=7294"}],"version-history":[{"count":1,"href":"https:\/\/alminutonoticia.com\/noticias\/wp-json\/wp\/v2\/posts\/7294\/revisions"}],"predecessor-version":[{"id":7299,"href":"https:\/\/alminutonoticia.com\/noticias\/wp-json\/wp\/v2\/posts\/7294\/revisions\/7299"}],"wp:featuredmedia":[{"embeddable":true,"href":"https:\/\/alminutonoticia.com\/noticias\/wp-json\/wp\/v2\/media\/7298"}],"wp:attachment":[{"href":"https:\/\/alminutonoticia.com\/noticias\/wp-json\/wp\/v2\/media?parent=7294"}],"wp:term":[{"taxonomy":"category","embeddable":true,"href":"https:\/\/alminutonoticia.com\/noticias\/wp-json\/wp\/v2\/categories?post=7294"},{"taxonomy":"post_tag","embeddable":true,"href":"https:\/\/alminutonoticia.com\/noticias\/wp-json\/wp\/v2\/tags?post=7294"}],"curies":[{"name":"wp","href":"https:\/\/api.w.org\/{rel}","templated":true}]}}