{"id":7285,"date":"2023-12-06T10:23:43","date_gmt":"2023-12-06T10:23:43","guid":{"rendered":"https:\/\/alminutonoticia.com\/noticias\/?p=7285"},"modified":"2023-12-06T10:23:43","modified_gmt":"2023-12-06T10:23:43","slug":"inicia-primera-reunion-interinstitucional-para-implementar-fallo-de-la-csj","status":"publish","type":"post","link":"https:\/\/alminutonoticia.com\/noticias\/inicia-primera-reunion-interinstitucional-para-implementar-fallo-de-la-csj\/","title":{"rendered":"Inicia primera reuni\u00f3n interinstitucional para implementar fallo de la CSJ"},"content":{"rendered":"\n<p>El ministro de Comercio e Industrias, Jorge Rivera Staff encabez\u00f3 este martes la primera reuni\u00f3n interinstitucional, convocada para evaluar los pr\u00f3ximos pasos de cara a la implementaci\u00f3n del fallo de la Corte Suprema de Justicia (CSJ) contra la Ley 406 del contrato de concesi\u00f3n entre el Estado y la empresa Minera Panam\u00e1.<\/p>\n\n\n\n<p>En el encuentro estuvieron presentes la ministra de Trabajo y Desarrollo Laboral (MITRADEL), Doris Zapata; el ministro de Ambiente (MiAmbiente) Milciades Concepci\u00f3n, el ministro de Seguridad P\u00fablica, Juan Manuel Pino, y sus equipos t\u00e9cnicos, los cuales estar\u00e1n a cargo de la coordinaci\u00f3n por parte del Gobierno Nacional.<\/p>\n\n\n\n<p>Como parte de la reuni\u00f3n se analiz\u00f3 la informaci\u00f3n que est\u00e1 disponible por parte de las instituciones, a fin de presentarle recomendaciones al presidente de la Rep\u00fablica, Laurentino Cortizo Cohen, quien una vez supo del fallo, dijo que se ordenar\u00eda un cierre ordenado y seguro de la mina.<\/p>\n\n\n\n<p>El pasado 2 de diciembre, el fallo de la CSJ que declara la inconstitucionalidad de la Ley 406 fue publicado en la Gaceta Oficial. El Ministerio de Comercio e Industrias, recibi\u00f3 formalmente notificaci\u00f3n del fallo de la Corte Suprema de Justicia, el lunes 4 de diciembre.<\/p>\n\n\n\n<figure class=\"wp-block-image size-full\"><a href=\"https:\/\/alminutonoticia.com\/noticias\/wp-content\/uploads\/2023\/12\/WhatsApp-Image-2023-12-05-at-4.58.09-PM-1024x682-1.jpeg\"><img fetchpriority=\"high\" decoding=\"async\" width=\"1024\" height=\"682\" src=\"https:\/\/alminutonoticia.com\/noticias\/wp-content\/uploads\/2023\/12\/WhatsApp-Image-2023-12-05-at-4.58.09-PM-1024x682-1.jpeg\" alt=\"\" class=\"wp-image-7286\" title=\"\" srcset=\"https:\/\/alminutonoticia.com\/noticias\/wp-content\/uploads\/2023\/12\/WhatsApp-Image-2023-12-05-at-4.58.09-PM-1024x682-1.jpeg 1024w, https:\/\/alminutonoticia.com\/noticias\/wp-content\/uploads\/2023\/12\/WhatsApp-Image-2023-12-05-at-4.58.09-PM-1024x682-1-300x200.jpeg 300w, https:\/\/alminutonoticia.com\/noticias\/wp-content\/uploads\/2023\/12\/WhatsApp-Image-2023-12-05-at-4.58.09-PM-1024x682-1-768x512.jpeg 768w\" sizes=\"(max-width: 1024px) 100vw, 1024px\" \/><\/a><\/figure>\n","protected":false},"excerpt":{"rendered":"<p>El ministro de Comercio e Industrias, Jorge Rivera Staff encabez\u00f3 este martes la primera reuni\u00f3n interinstitucional, convocada para evaluar los pr\u00f3ximos pasos de cara a la implementaci\u00f3n del fallo de la Corte Suprema de Justicia (CSJ) contra la Ley 406 del contrato de concesi\u00f3n entre el Estado y la empresa Minera Panam\u00e1. En el encuentro [&hellip;]<\/p>\n","protected":false},"author":3,"featured_media":7286,"comment_status":"open","ping_status":"open","sticky":false,"template":"","format":"standard","meta":{"footnotes":""},"categories":[42,38,36],"tags":[],"class_list":["post-7285","post","type-post","status-publish","format-standard","has-post-thumbnail","hentry","category-ambiente","category-economia","category-nacionales"],"_links":{"self":[{"href":"https:\/\/alminutonoticia.com\/noticias\/wp-json\/wp\/v2\/posts\/7285","targetHints":{"allow":["GET"]}}],"collection":[{"href":"https:\/\/alminutonoticia.com\/noticias\/wp-json\/wp\/v2\/posts"}],"about":[{"href":"https:\/\/alminutonoticia.com\/noticias\/wp-json\/wp\/v2\/types\/post"}],"author":[{"embeddable":true,"href":"https:\/\/alminutonoticia.com\/noticias\/wp-json\/wp\/v2\/users\/3"}],"replies":[{"embeddable":true,"href":"https:\/\/alminutonoticia.com\/noticias\/wp-json\/wp\/v2\/comments?post=7285"}],"version-history":[{"count":1,"href":"https:\/\/alminutonoticia.com\/noticias\/wp-json\/wp\/v2\/posts\/7285\/revisions"}],"predecessor-version":[{"id":7287,"href":"https:\/\/alminutonoticia.com\/noticias\/wp-json\/wp\/v2\/posts\/7285\/revisions\/7287"}],"wp:featuredmedia":[{"embeddable":true,"href":"https:\/\/alminutonoticia.com\/noticias\/wp-json\/wp\/v2\/media\/7286"}],"wp:attachment":[{"href":"https:\/\/alminutonoticia.com\/noticias\/wp-json\/wp\/v2\/media?parent=7285"}],"wp:term":[{"taxonomy":"category","embeddable":true,"href":"https:\/\/alminutonoticia.com\/noticias\/wp-json\/wp\/v2\/categories?post=7285"},{"taxonomy":"post_tag","embeddable":true,"href":"https:\/\/alminutonoticia.com\/noticias\/wp-json\/wp\/v2\/tags?post=7285"}],"curies":[{"name":"wp","href":"https:\/\/api.w.org\/{rel}","templated":true}]}}