{"id":7277,"date":"2023-12-06T10:19:35","date_gmt":"2023-12-06T10:19:35","guid":{"rendered":"https:\/\/alminutonoticia.com\/noticias\/?p=7277"},"modified":"2023-12-06T10:19:36","modified_gmt":"2023-12-06T10:19:36","slug":"cable-wireless-panama-s-a-declara-dividendos-por-mas-de-40-millones","status":"publish","type":"post","link":"https:\/\/alminutonoticia.com\/noticias\/cable-wireless-panama-s-a-declara-dividendos-por-mas-de-40-millones\/","title":{"rendered":"Cable &amp; Wireless Panam\u00e1, S.A. declara dividendos por m\u00e1s de 40 millones"},"content":{"rendered":"\n<p>&nbsp;La Junta Directiva de Cable &amp; Wireless Panam\u00e1, S.A, (CWP)declar\u00f3 dividendos por&nbsp;<strong>B\/. 40,816,326.53<\/strong>&nbsp;correspondientes a ganancias acumuladas durante el ejercicio fiscal 2023&nbsp;y utilidades estimadas para el a\u00f1o fiscal 2024.<\/p>\n\n\n\n<p><strong>Betzalel Kenigsztein, Presidente Ejecutivo y Gerente General de Cable &amp; Wireless Panam\u00e1<\/strong>, dijo:&nbsp;<em>\u201cAnte un entorno que presenta retos muy importantes para el pa\u00eds y nuestro negocio, hemos trabajado incansablemente junto a nuestros colaboradores para hacer entrega de un monto importante de utilidades a nuestros accionistas y seguir contribuyendo con la econom\u00eda del pa\u00eds.\u201d<\/em><\/p>\n\n\n\n<p><strong>Conforme a la estructura accionaria de Cable &amp; Wireless Panam\u00e1, S.A., los dividendos de B\/.40,816,326.53 se distribuyen de la siguiente manera:<\/strong><\/p>\n\n\n\n<p>\u2022&nbsp;&nbsp;&nbsp;&nbsp; B\/. 20,000,000.00 Clase A \u2013 Gobierno de la Rep\u00fablica de Panam\u00e1, por su participaci\u00f3n accionaria del 49%&nbsp;&nbsp;&nbsp;&nbsp;&nbsp;<\/p>\n\n\n\n<p>\u2022&nbsp;&nbsp;&nbsp;&nbsp; B\/. 20,000,000.00 Clase B \u2013 Cala Holdings Limited. Por su participaci\u00f3n accionaria del 49%&nbsp;&nbsp;&nbsp;&nbsp;&nbsp;&nbsp;&nbsp;&nbsp;&nbsp;&nbsp;&nbsp;&nbsp;&nbsp;&nbsp;&nbsp;&nbsp;&nbsp;&nbsp;<\/p>\n\n\n\n<p>\u2022\u00a0\u00a0\u00a0\u00a0\u00a0 B\/. 816,326.53 Clase C \u2013 Banco General (Fiduciario), por su participaci\u00f3n accionaria del 2%, cuyos beneficiarios son los colaboradores activos de la empresa con contrato por tiempo indefinido y los que se hubiesen jubilado a partir del 29 de mayo de 1997.<\/p>\n\n\n\n<figure class=\"wp-block-image size-full\"><a href=\"https:\/\/alminutonoticia.com\/noticias\/wp-content\/uploads\/2023\/12\/foto-oficina-satelite-transistmica-2_101-5580356_20231205132914.jpg\"><img fetchpriority=\"high\" decoding=\"async\" width=\"855\" height=\"550\" src=\"https:\/\/alminutonoticia.com\/noticias\/wp-content\/uploads\/2023\/12\/foto-oficina-satelite-transistmica-2_101-5580356_20231205132914.jpg\" alt=\"\" class=\"wp-image-7278\" title=\"\" srcset=\"https:\/\/alminutonoticia.com\/noticias\/wp-content\/uploads\/2023\/12\/foto-oficina-satelite-transistmica-2_101-5580356_20231205132914.jpg 855w, https:\/\/alminutonoticia.com\/noticias\/wp-content\/uploads\/2023\/12\/foto-oficina-satelite-transistmica-2_101-5580356_20231205132914-300x193.jpg 300w, https:\/\/alminutonoticia.com\/noticias\/wp-content\/uploads\/2023\/12\/foto-oficina-satelite-transistmica-2_101-5580356_20231205132914-768x494.jpg 768w\" sizes=\"(max-width: 855px) 100vw, 855px\" \/><\/a><\/figure>\n","protected":false},"excerpt":{"rendered":"<p>&nbsp;La Junta Directiva de Cable &amp; Wireless Panam\u00e1, S.A, (CWP)declar\u00f3 dividendos por&nbsp;B\/. 40,816,326.53&nbsp;correspondientes a ganancias acumuladas durante el ejercicio fiscal 2023&nbsp;y utilidades estimadas para el a\u00f1o fiscal 2024. Betzalel Kenigsztein, Presidente Ejecutivo y Gerente General de Cable &amp; Wireless Panam\u00e1, dijo:&nbsp;\u201cAnte un entorno que presenta retos muy importantes para el pa\u00eds y nuestro negocio, hemos [&hellip;]<\/p>\n","protected":false},"author":3,"featured_media":7278,"comment_status":"open","ping_status":"open","sticky":false,"template":"","format":"standard","meta":{"footnotes":""},"categories":[36],"tags":[],"class_list":["post-7277","post","type-post","status-publish","format-standard","has-post-thumbnail","hentry","category-nacionales"],"_links":{"self":[{"href":"https:\/\/alminutonoticia.com\/noticias\/wp-json\/wp\/v2\/posts\/7277","targetHints":{"allow":["GET"]}}],"collection":[{"href":"https:\/\/alminutonoticia.com\/noticias\/wp-json\/wp\/v2\/posts"}],"about":[{"href":"https:\/\/alminutonoticia.com\/noticias\/wp-json\/wp\/v2\/types\/post"}],"author":[{"embeddable":true,"href":"https:\/\/alminutonoticia.com\/noticias\/wp-json\/wp\/v2\/users\/3"}],"replies":[{"embeddable":true,"href":"https:\/\/alminutonoticia.com\/noticias\/wp-json\/wp\/v2\/comments?post=7277"}],"version-history":[{"count":1,"href":"https:\/\/alminutonoticia.com\/noticias\/wp-json\/wp\/v2\/posts\/7277\/revisions"}],"predecessor-version":[{"id":7279,"href":"https:\/\/alminutonoticia.com\/noticias\/wp-json\/wp\/v2\/posts\/7277\/revisions\/7279"}],"wp:featuredmedia":[{"embeddable":true,"href":"https:\/\/alminutonoticia.com\/noticias\/wp-json\/wp\/v2\/media\/7278"}],"wp:attachment":[{"href":"https:\/\/alminutonoticia.com\/noticias\/wp-json\/wp\/v2\/media?parent=7277"}],"wp:term":[{"taxonomy":"category","embeddable":true,"href":"https:\/\/alminutonoticia.com\/noticias\/wp-json\/wp\/v2\/categories?post=7277"},{"taxonomy":"post_tag","embeddable":true,"href":"https:\/\/alminutonoticia.com\/noticias\/wp-json\/wp\/v2\/tags?post=7277"}],"curies":[{"name":"wp","href":"https:\/\/api.w.org\/{rel}","templated":true}]}}