{"id":720,"date":"2023-01-12T09:53:51","date_gmt":"2023-01-12T09:53:51","guid":{"rendered":"https:\/\/alminutonoticia.com\/noticias\/?p=720"},"modified":"2023-01-12T09:53:51","modified_gmt":"2023-01-12T09:53:51","slug":"primer-informe-del-plagel-del-2023","status":"publish","type":"post","link":"https:\/\/alminutonoticia.com\/noticias\/primer-informe-del-plagel-del-2023\/","title":{"rendered":"Primer informe del PLAGEL del 2023"},"content":{"rendered":"\n<p>La explicaci\u00f3n est\u00e1 basada en el cambio de residencia electoral que culmin\u00f3 el 5 del presente mes y en la cantidad de firmas que recopilaron los precandidatos a distintos puestos de elecci\u00f3n popular por libre postulaci\u00f3n hasta las 11:59 p.m. del martes 10 de enero de 2023.<\/p>\n\n\n\n<p>El director del Plan General de Elecciones (PLAGEL 2022-2024), magistrado Eduardo Vald\u00e9s Escoffery, estuvo presente en la conferencia de prensa, en la que se brindaron los detalles a los comunicadores sociales.<\/p>\n\n\n\n<p>A la conferencia tambi\u00e9n asistieron los magistrados Alfredo Junc\u00e1 Wendehake, presidente del TE; Luis A. Guerra M., segundo vicepresidente; los directores nacionales; equipos de trabajo, asesores y voceros de la instituci\u00f3n.<\/p>\n\n\n\n<p>El PLAGEL consiste en desarrollar de forma planificada los eventos contenidos en el calendario electoral para asegurar la transparencia de cada fase de este proceso,&nbsp; que se inicia dos a\u00f1os antes de cada torneo electoral de manera coordinada entre las 34 comisiones de trabajo, las seis subcomisiones y las direcciones regionales en todo el pa\u00eds.<\/p>\n\n\n\n<figure class=\"wp-block-image size-full\"><a href=\"https:\/\/alminutonoticia.com\/noticias\/wp-content\/uploads\/2023\/01\/0A8A9589-800x518-1.webp\"><img fetchpriority=\"high\" decoding=\"async\" width=\"800\" height=\"518\" src=\"https:\/\/alminutonoticia.com\/noticias\/wp-content\/uploads\/2023\/01\/0A8A9589-800x518-1.webp\" alt=\"\" class=\"wp-image-721\" title=\"\" srcset=\"https:\/\/alminutonoticia.com\/noticias\/wp-content\/uploads\/2023\/01\/0A8A9589-800x518-1.webp 800w, https:\/\/alminutonoticia.com\/noticias\/wp-content\/uploads\/2023\/01\/0A8A9589-800x518-1-300x194.webp 300w, https:\/\/alminutonoticia.com\/noticias\/wp-content\/uploads\/2023\/01\/0A8A9589-800x518-1-768x497.webp 768w\" sizes=\"(max-width: 800px) 100vw, 800px\" \/><\/a><\/figure>\n\n\n\n<figure class=\"wp-block-image size-large\"><a href=\"https:\/\/alminutonoticia.com\/noticias\/wp-content\/uploads\/2023\/01\/0A8A9558-scaled-1.webp\"><img decoding=\"async\" width=\"1024\" height=\"683\" src=\"https:\/\/alminutonoticia.com\/noticias\/wp-content\/uploads\/2023\/01\/0A8A9558-scaled-1-1024x683.webp\" alt=\"\" class=\"wp-image-722\" title=\"\" srcset=\"https:\/\/alminutonoticia.com\/noticias\/wp-content\/uploads\/2023\/01\/0A8A9558-scaled-1-1024x683.webp 1024w, https:\/\/alminutonoticia.com\/noticias\/wp-content\/uploads\/2023\/01\/0A8A9558-scaled-1-300x200.webp 300w, https:\/\/alminutonoticia.com\/noticias\/wp-content\/uploads\/2023\/01\/0A8A9558-scaled-1-768x512.webp 768w, https:\/\/alminutonoticia.com\/noticias\/wp-content\/uploads\/2023\/01\/0A8A9558-scaled-1-1536x1024.webp 1536w, https:\/\/alminutonoticia.com\/noticias\/wp-content\/uploads\/2023\/01\/0A8A9558-scaled-1-2048x1366.webp 2048w\" sizes=\"(max-width: 1024px) 100vw, 1024px\" \/><\/a><\/figure>\n","protected":false},"excerpt":{"rendered":"<p>La explicaci\u00f3n est\u00e1 basada en el cambio de residencia electoral que culmin\u00f3 el 5 del presente mes y en la cantidad de firmas que recopilaron los precandidatos a distintos puestos de elecci\u00f3n popular por libre postulaci\u00f3n hasta las 11:59 p.m. del martes 10 de enero de 2023. El director del Plan General de Elecciones (PLAGEL [&hellip;]<\/p>\n","protected":false},"author":3,"featured_media":722,"comment_status":"open","ping_status":"open","sticky":false,"template":"","format":"standard","meta":{"footnotes":""},"categories":[36,37],"tags":[],"class_list":["post-720","post","type-post","status-publish","format-standard","has-post-thumbnail","hentry","category-nacionales","category-politica"],"_links":{"self":[{"href":"https:\/\/alminutonoticia.com\/noticias\/wp-json\/wp\/v2\/posts\/720","targetHints":{"allow":["GET"]}}],"collection":[{"href":"https:\/\/alminutonoticia.com\/noticias\/wp-json\/wp\/v2\/posts"}],"about":[{"href":"https:\/\/alminutonoticia.com\/noticias\/wp-json\/wp\/v2\/types\/post"}],"author":[{"embeddable":true,"href":"https:\/\/alminutonoticia.com\/noticias\/wp-json\/wp\/v2\/users\/3"}],"replies":[{"embeddable":true,"href":"https:\/\/alminutonoticia.com\/noticias\/wp-json\/wp\/v2\/comments?post=720"}],"version-history":[{"count":1,"href":"https:\/\/alminutonoticia.com\/noticias\/wp-json\/wp\/v2\/posts\/720\/revisions"}],"predecessor-version":[{"id":723,"href":"https:\/\/alminutonoticia.com\/noticias\/wp-json\/wp\/v2\/posts\/720\/revisions\/723"}],"wp:featuredmedia":[{"embeddable":true,"href":"https:\/\/alminutonoticia.com\/noticias\/wp-json\/wp\/v2\/media\/722"}],"wp:attachment":[{"href":"https:\/\/alminutonoticia.com\/noticias\/wp-json\/wp\/v2\/media?parent=720"}],"wp:term":[{"taxonomy":"category","embeddable":true,"href":"https:\/\/alminutonoticia.com\/noticias\/wp-json\/wp\/v2\/categories?post=720"},{"taxonomy":"post_tag","embeddable":true,"href":"https:\/\/alminutonoticia.com\/noticias\/wp-json\/wp\/v2\/tags?post=720"}],"curies":[{"name":"wp","href":"https:\/\/api.w.org\/{rel}","templated":true}]}}