{"id":7117,"date":"2023-11-29T01:06:35","date_gmt":"2023-11-29T01:06:35","guid":{"rendered":"https:\/\/alminutonoticia.com\/noticias\/?p=7117"},"modified":"2023-11-29T01:06:36","modified_gmt":"2023-11-29T01:06:36","slug":"organizacion-indigena-coonapip-celebra-fallo-de-inconstitucionalidad-de-la-corte-suprema-de-justicia-sobre-contrato-minero","status":"publish","type":"post","link":"https:\/\/alminutonoticia.com\/noticias\/organizacion-indigena-coonapip-celebra-fallo-de-inconstitucionalidad-de-la-corte-suprema-de-justicia-sobre-contrato-minero\/","title":{"rendered":"Organizaci\u00f3n ind\u00edgena COONAPIP celebra fallo de Inconstitucionalidad de la Corte Suprema de Justicia sobre contrato minero"},"content":{"rendered":"\n<p>En un comunicado, las autoridades tradicionales de la Coordinadora Nacional de Pueblos Ind\u00edgenas de Panam\u00e1 (COONAPIP), expresan su benepl\u00e1cito por el fallo emitido por el pleno de la Corte Suprema de Justicia sobre el controvertido contrato minero.<\/p>\n\n\n\n<p>\u201cLos siete pueblos ind\u00edgenas y los 12 congresos y consejos territoriales que conformamos COONAPIP celebramos, junto a todo el pueblo paname\u00f1o, este hist\u00f3rico fallo de inconstitucionalidad de la Ley N\u00b0 406 emitido hoy por la Corte Suprema de Justicia que establec\u00eda un enclave minero en el territorio de la Rep\u00fablica de Panam\u00e1 por m\u00e1s de 20 a\u00f1os\u201d, sostiene el comunicado.<\/p>\n\n\n\n<p>El pronunciamiento reconoce que ha sido una lucha de todos los paname\u00f1os, donde los pueblos ind\u00edgenas, desde distintos territorios, han sido activos protagonistas, empe\u00f1ando su fuerza, sangre, sudor y l\u00e1grimas hasta lograr esta victoria colectiva, \u201cque nos encamina hacia la defensa de nuestra madre tierra, bosques, quebradas, r\u00edos o fuentes de agua, lugares sagrados y seres que en ella habitan y conviven con todos nosotros\u201d.<\/p>\n\n\n\n<figure class=\"wp-block-image size-large\"><a href=\"https:\/\/alminutonoticia.com\/noticias\/wp-content\/uploads\/2023\/11\/WhatsApp-Image-2023-11-28-at-2.34.00-PM.jpeg\"><img fetchpriority=\"high\" decoding=\"async\" width=\"1024\" height=\"768\" src=\"https:\/\/alminutonoticia.com\/noticias\/wp-content\/uploads\/2023\/11\/WhatsApp-Image-2023-11-28-at-2.34.00-PM-1024x768.jpeg\" alt=\"\" class=\"wp-image-7118\" title=\"\" srcset=\"https:\/\/alminutonoticia.com\/noticias\/wp-content\/uploads\/2023\/11\/WhatsApp-Image-2023-11-28-at-2.34.00-PM-1024x768.jpeg 1024w, https:\/\/alminutonoticia.com\/noticias\/wp-content\/uploads\/2023\/11\/WhatsApp-Image-2023-11-28-at-2.34.00-PM-300x225.jpeg 300w, https:\/\/alminutonoticia.com\/noticias\/wp-content\/uploads\/2023\/11\/WhatsApp-Image-2023-11-28-at-2.34.00-PM-768x576.jpeg 768w, https:\/\/alminutonoticia.com\/noticias\/wp-content\/uploads\/2023\/11\/WhatsApp-Image-2023-11-28-at-2.34.00-PM-1536x1152.jpeg 1536w, https:\/\/alminutonoticia.com\/noticias\/wp-content\/uploads\/2023\/11\/WhatsApp-Image-2023-11-28-at-2.34.00-PM.jpeg 1600w\" sizes=\"(max-width: 1024px) 100vw, 1024px\" \/><\/a><\/figure>\n\n\n\n<p>En este comunicado la COONAPIP solicita a los representantes y responsables del gobierno que se informe de manera oportuna, amplia y transparente a todo el pueblo paname\u00f1o, y en especial a todos los pueblos ind\u00edgenas en Panam\u00e1, sobre la hoja de ruta que como estado paname\u00f1o \u201cdebamos seguir a partir de ahora para garantizar un pa\u00eds libre de miner\u00eda met\u00e1lica\u201d.<\/p>\n\n\n\n<p>Las autoridades tradicionales destacan que como pueblos ind\u00edgenas de Panam\u00e1 tienen el derecho de participar activamente en esta iniciativa trascendental de otro futuro posible.<\/p>\n\n\n\n<p>\u201cLos pueblos ind\u00edgenas de Panam\u00e1 honramos a los m\u00e1rtires de esta gesta nacional del siglo XXI: los docentes Iv\u00e1n Rodrigo Mendoza, Abdiel D\u00edaz Ch\u00e1vez y Tom\u00e1s Milton Cede\u00f1o, y mantenemos el compromiso de ofrendar igualmente nuestras vidas por la defensa de nuestra madre tierra, nuestra autodeterminaci\u00f3n y seguridad territorial, y seguiremos luchando por generaciones hasta que todo esto sea posible\u201d, concluye el comunicado de la COONAPIP.<\/p>\n\n\n\n<figure class=\"wp-block-image size-large\"><a href=\"https:\/\/alminutonoticia.com\/noticias\/wp-content\/uploads\/2023\/11\/WhatsApp-Image-2023-11-28-at-2.34.02-PM.jpeg\"><img decoding=\"async\" width=\"1024\" height=\"768\" src=\"https:\/\/alminutonoticia.com\/noticias\/wp-content\/uploads\/2023\/11\/WhatsApp-Image-2023-11-28-at-2.34.02-PM-1024x768.jpeg\" alt=\"\" class=\"wp-image-7119\" title=\"\" srcset=\"https:\/\/alminutonoticia.com\/noticias\/wp-content\/uploads\/2023\/11\/WhatsApp-Image-2023-11-28-at-2.34.02-PM-1024x768.jpeg 1024w, https:\/\/alminutonoticia.com\/noticias\/wp-content\/uploads\/2023\/11\/WhatsApp-Image-2023-11-28-at-2.34.02-PM-300x225.jpeg 300w, https:\/\/alminutonoticia.com\/noticias\/wp-content\/uploads\/2023\/11\/WhatsApp-Image-2023-11-28-at-2.34.02-PM-768x576.jpeg 768w, https:\/\/alminutonoticia.com\/noticias\/wp-content\/uploads\/2023\/11\/WhatsApp-Image-2023-11-28-at-2.34.02-PM.jpeg 1040w\" sizes=\"(max-width: 1024px) 100vw, 1024px\" \/><\/a><\/figure>\n\n\n\n<p><\/p>\n\n\n\n<figure class=\"wp-block-image size-large\"><a href=\"https:\/\/alminutonoticia.com\/noticias\/wp-content\/uploads\/2023\/11\/WhatsApp-Image-2023-11-28-at-2.34.01-PM.jpeg\"><img decoding=\"async\" width=\"1024\" height=\"768\" src=\"https:\/\/alminutonoticia.com\/noticias\/wp-content\/uploads\/2023\/11\/WhatsApp-Image-2023-11-28-at-2.34.01-PM-1024x768.jpeg\" alt=\"\" class=\"wp-image-7120\" title=\"\" srcset=\"https:\/\/alminutonoticia.com\/noticias\/wp-content\/uploads\/2023\/11\/WhatsApp-Image-2023-11-28-at-2.34.01-PM-1024x768.jpeg 1024w, https:\/\/alminutonoticia.com\/noticias\/wp-content\/uploads\/2023\/11\/WhatsApp-Image-2023-11-28-at-2.34.01-PM-300x225.jpeg 300w, https:\/\/alminutonoticia.com\/noticias\/wp-content\/uploads\/2023\/11\/WhatsApp-Image-2023-11-28-at-2.34.01-PM-768x576.jpeg 768w, https:\/\/alminutonoticia.com\/noticias\/wp-content\/uploads\/2023\/11\/WhatsApp-Image-2023-11-28-at-2.34.01-PM-1536x1152.jpeg 1536w, https:\/\/alminutonoticia.com\/noticias\/wp-content\/uploads\/2023\/11\/WhatsApp-Image-2023-11-28-at-2.34.01-PM.jpeg 1600w\" sizes=\"(max-width: 1024px) 100vw, 1024px\" \/><\/a><\/figure>\n","protected":false},"excerpt":{"rendered":"<p>En un comunicado, las autoridades tradicionales de la Coordinadora Nacional de Pueblos Ind\u00edgenas de Panam\u00e1 (COONAPIP), expresan su benepl\u00e1cito por el fallo emitido por el pleno de la Corte Suprema de Justicia sobre el controvertido contrato minero. \u201cLos siete pueblos ind\u00edgenas y los 12 congresos y consejos territoriales que conformamos COONAPIP celebramos, junto a todo [&hellip;]<\/p>\n","protected":false},"author":3,"featured_media":7120,"comment_status":"open","ping_status":"open","sticky":false,"template":"","format":"standard","meta":{"footnotes":""},"categories":[42,36],"tags":[],"class_list":["post-7117","post","type-post","status-publish","format-standard","has-post-thumbnail","hentry","category-ambiente","category-nacionales"],"_links":{"self":[{"href":"https:\/\/alminutonoticia.com\/noticias\/wp-json\/wp\/v2\/posts\/7117","targetHints":{"allow":["GET"]}}],"collection":[{"href":"https:\/\/alminutonoticia.com\/noticias\/wp-json\/wp\/v2\/posts"}],"about":[{"href":"https:\/\/alminutonoticia.com\/noticias\/wp-json\/wp\/v2\/types\/post"}],"author":[{"embeddable":true,"href":"https:\/\/alminutonoticia.com\/noticias\/wp-json\/wp\/v2\/users\/3"}],"replies":[{"embeddable":true,"href":"https:\/\/alminutonoticia.com\/noticias\/wp-json\/wp\/v2\/comments?post=7117"}],"version-history":[{"count":1,"href":"https:\/\/alminutonoticia.com\/noticias\/wp-json\/wp\/v2\/posts\/7117\/revisions"}],"predecessor-version":[{"id":7121,"href":"https:\/\/alminutonoticia.com\/noticias\/wp-json\/wp\/v2\/posts\/7117\/revisions\/7121"}],"wp:featuredmedia":[{"embeddable":true,"href":"https:\/\/alminutonoticia.com\/noticias\/wp-json\/wp\/v2\/media\/7120"}],"wp:attachment":[{"href":"https:\/\/alminutonoticia.com\/noticias\/wp-json\/wp\/v2\/media?parent=7117"}],"wp:term":[{"taxonomy":"category","embeddable":true,"href":"https:\/\/alminutonoticia.com\/noticias\/wp-json\/wp\/v2\/categories?post=7117"},{"taxonomy":"post_tag","embeddable":true,"href":"https:\/\/alminutonoticia.com\/noticias\/wp-json\/wp\/v2\/tags?post=7117"}],"curies":[{"name":"wp","href":"https:\/\/api.w.org\/{rel}","templated":true}]}}