{"id":7106,"date":"2023-11-29T00:56:19","date_gmt":"2023-11-29T00:56:19","guid":{"rendered":"https:\/\/alminutonoticia.com\/noticias\/?p=7106"},"modified":"2023-11-29T00:56:20","modified_gmt":"2023-11-29T00:56:20","slug":"gobernacion-de-panama-rinde-honores-a-la-bandera-nacional-en-los-202-anos-de-independencia-de-espana","status":"publish","type":"post","link":"https:\/\/alminutonoticia.com\/noticias\/gobernacion-de-panama-rinde-honores-a-la-bandera-nacional-en-los-202-anos-de-independencia-de-espana\/","title":{"rendered":"Gobernaci\u00f3n de Panam\u00e1 rinde honores a la bandera nacional en los 202 a\u00f1os de Independencia de Espa\u00f1a"},"content":{"rendered":"\n<p>En el marco de los 202 a\u00f1os de Independencia de Panam\u00e1 de Espa\u00f1a, la Gobernaci\u00f3n de la provincia de Panam\u00e1 realiz\u00f3 este 28 de noviembre el acto de doblez del pabell\u00f3n nacional del Cerro Anc\u00f3n y cremaci\u00f3n de banderas en desuso, con lo que se rindi\u00f3 honores a este s\u00edmbolo de la Naci\u00f3n.<\/p>\n\n\n\n<p>La solemne ceremonia, en la que participaron el ministro de Gobierno, Roger Tejada, y la gobernadora, Carla Garc\u00eda, dio inicio con la lectura de una alocuci\u00f3n sobre el significado del pabell\u00f3n nacional, por el director de la Comisi\u00f3n Nacional de los S\u00edmbolos de la Naci\u00f3n, Vladimir Berr\u00edo-Lemm.<\/p>\n\n\n\n<figure class=\"wp-block-image size-full\"><a href=\"https:\/\/alminutonoticia.com\/noticias\/wp-content\/uploads\/2023\/11\/WhatsApp-Image-2023-11-28-at-11.15.42-AM-1.jpeg\"><img fetchpriority=\"high\" decoding=\"async\" width=\"1024\" height=\"683\" src=\"https:\/\/alminutonoticia.com\/noticias\/wp-content\/uploads\/2023\/11\/WhatsApp-Image-2023-11-28-at-11.15.42-AM-1.jpeg\" alt=\"\" class=\"wp-image-7111\" title=\"\" srcset=\"https:\/\/alminutonoticia.com\/noticias\/wp-content\/uploads\/2023\/11\/WhatsApp-Image-2023-11-28-at-11.15.42-AM-1.jpeg 1024w, https:\/\/alminutonoticia.com\/noticias\/wp-content\/uploads\/2023\/11\/WhatsApp-Image-2023-11-28-at-11.15.42-AM-1-300x200.jpeg 300w, https:\/\/alminutonoticia.com\/noticias\/wp-content\/uploads\/2023\/11\/WhatsApp-Image-2023-11-28-at-11.15.42-AM-1-768x512.jpeg 768w\" sizes=\"(max-width: 1024px) 100vw, 1024px\" \/><\/a><\/figure>\n\n\n\n<p>La ceremonia inici\u00f3 con el doblez de la bandera del Cerro Anc\u00f3n, a cargo de miembros del Servicio de Protecci\u00f3n Institucional, como homenaje al pabell\u00f3n que desde el 1 de octubre de 1979 ondea en el punto m\u00e1s alto de la ciudad capital, como testigo de las gestas patri\u00f3ticas que permitieron recuperar la soberan\u00eda en la antigua Zona del Canal\u00a0 y contin\u00fao\u00a0el juramento a la bandera, a cargo de la presidenta local de la Asociaci\u00f3n de Muchachas Gu\u00edas, Beatriz Stein de Amadasi.<\/p>\n\n\n\n<div class=\"wp-block-columns is-layout-flex wp-container-core-columns-is-layout-28f84493 wp-block-columns-is-layout-flex\">\n<div class=\"wp-block-column is-layout-flow wp-block-column-is-layout-flow\">\n<figure class=\"wp-block-image size-full\"><a href=\"https:\/\/alminutonoticia.com\/noticias\/wp-content\/uploads\/2023\/11\/WhatsApp-Image-2023-11-28-at-11.15.42-AM.jpeg\"><img decoding=\"async\" width=\"1024\" height=\"683\" src=\"https:\/\/alminutonoticia.com\/noticias\/wp-content\/uploads\/2023\/11\/WhatsApp-Image-2023-11-28-at-11.15.42-AM.jpeg\" alt=\"\" class=\"wp-image-7108\" title=\"\" srcset=\"https:\/\/alminutonoticia.com\/noticias\/wp-content\/uploads\/2023\/11\/WhatsApp-Image-2023-11-28-at-11.15.42-AM.jpeg 1024w, https:\/\/alminutonoticia.com\/noticias\/wp-content\/uploads\/2023\/11\/WhatsApp-Image-2023-11-28-at-11.15.42-AM-300x200.jpeg 300w, https:\/\/alminutonoticia.com\/noticias\/wp-content\/uploads\/2023\/11\/WhatsApp-Image-2023-11-28-at-11.15.42-AM-768x512.jpeg 768w\" sizes=\"(max-width: 1024px) 100vw, 1024px\" \/><\/a><\/figure>\n<\/div>\n\n\n\n<div class=\"wp-block-column is-layout-flow wp-block-column-is-layout-flow\">\n<figure class=\"wp-block-image size-full\"><a href=\"https:\/\/alminutonoticia.com\/noticias\/wp-content\/uploads\/2023\/11\/WhatsApp-Image-2023-11-28-at-11.15.41-AM-1-1.jpeg\"><img decoding=\"async\" width=\"1024\" height=\"683\" src=\"https:\/\/alminutonoticia.com\/noticias\/wp-content\/uploads\/2023\/11\/WhatsApp-Image-2023-11-28-at-11.15.41-AM-1-1.jpeg\" alt=\"\" class=\"wp-image-7109\" title=\"\" srcset=\"https:\/\/alminutonoticia.com\/noticias\/wp-content\/uploads\/2023\/11\/WhatsApp-Image-2023-11-28-at-11.15.41-AM-1-1.jpeg 1024w, https:\/\/alminutonoticia.com\/noticias\/wp-content\/uploads\/2023\/11\/WhatsApp-Image-2023-11-28-at-11.15.41-AM-1-1-300x200.jpeg 300w, https:\/\/alminutonoticia.com\/noticias\/wp-content\/uploads\/2023\/11\/WhatsApp-Image-2023-11-28-at-11.15.41-AM-1-1-768x512.jpeg 768w\" sizes=\"(max-width: 1024px) 100vw, 1024px\" \/><\/a><\/figure>\n<\/div>\n<\/div>\n\n\n\n<p>El pabell\u00f3n fue entregado por los miembros del SPI al ministro de Asuntos del Canal de Panam\u00e1, Aristides Royo, y a la gobernadora Garc\u00eda.<\/p>\n\n\n\n<p>\u201cHoy, en esta ceremonia tradicional, renovamos nuestro compromiso y trabajo arduo. Con optimismo, miramos hacia adelante, enfocados en el servicio a la Patria, impulsando el progreso y construyendo un mejor Panam\u00e1 para todos\u201d, afirm\u00f3 la Gobernadora.&nbsp;&nbsp;A\u00f1adi\u00f3 que en este momento, de decisiones trascendentales para el futuro del&nbsp; pa\u00eds, siendo esta una oportunidad de transformar los desaf\u00edos en cimientos de un futuro s\u00f3lido y prometedor.<\/p>\n\n\n\n<p>No perdamos de vista nuestros valores fundamentales como: la humildad, consulta,&nbsp; tolerancia,&nbsp; justicia y el servicio a quienes m\u00e1s lo necesitan\u201d, precis\u00f3.<\/p>\n\n\n\n<p>Otro punto de la ceremonia fue la cremaci\u00f3n de banderas en desuso, como acto de renovaci\u00f3n ante los retos que enfrenta el pa\u00eds, en la cual participaron invitados especiales, funcionarios y miembros de la Junta T\u00e9cnica.<\/p>\n\n\n\n<figure class=\"wp-block-image size-full\"><a href=\"https:\/\/alminutonoticia.com\/noticias\/wp-content\/uploads\/2023\/11\/WhatsApp-Image-2023-11-28-at-11.15.41-AM.jpeg\"><img loading=\"lazy\" decoding=\"async\" width=\"1024\" height=\"683\" src=\"https:\/\/alminutonoticia.com\/noticias\/wp-content\/uploads\/2023\/11\/WhatsApp-Image-2023-11-28-at-11.15.41-AM.jpeg\" alt=\"\" class=\"wp-image-7110\" title=\"\" srcset=\"https:\/\/alminutonoticia.com\/noticias\/wp-content\/uploads\/2023\/11\/WhatsApp-Image-2023-11-28-at-11.15.41-AM.jpeg 1024w, https:\/\/alminutonoticia.com\/noticias\/wp-content\/uploads\/2023\/11\/WhatsApp-Image-2023-11-28-at-11.15.41-AM-300x200.jpeg 300w, https:\/\/alminutonoticia.com\/noticias\/wp-content\/uploads\/2023\/11\/WhatsApp-Image-2023-11-28-at-11.15.41-AM-768x512.jpeg 768w\" sizes=\"(max-width: 1024px) 100vw, 1024px\" \/><\/a><\/figure>\n\n\n\n<p>Finalmente, el acto concluy\u00f3 con la firma del Acta por parte de la gobernadora Garc\u00eda y la interpretaci\u00f3n de las notas del Himno Nacional, por la Banda Republicana.<\/p>\n\n\n\n<p>En el acto, celebrado en los predios de Amador, tambi\u00e9n participaron autoridades del Gobierno Nacional, adem\u00e1s de invitados especiales.<\/p>\n\n\n\n<figure class=\"wp-block-image size-full\"><a href=\"https:\/\/alminutonoticia.com\/noticias\/wp-content\/uploads\/2023\/11\/WhatsApp-Image-2023-11-28-at-11.15.42-AM-2.jpeg\"><img loading=\"lazy\" decoding=\"async\" width=\"1024\" height=\"683\" src=\"https:\/\/alminutonoticia.com\/noticias\/wp-content\/uploads\/2023\/11\/WhatsApp-Image-2023-11-28-at-11.15.42-AM-2.jpeg\" alt=\"\" class=\"wp-image-7112\" title=\"\" srcset=\"https:\/\/alminutonoticia.com\/noticias\/wp-content\/uploads\/2023\/11\/WhatsApp-Image-2023-11-28-at-11.15.42-AM-2.jpeg 1024w, https:\/\/alminutonoticia.com\/noticias\/wp-content\/uploads\/2023\/11\/WhatsApp-Image-2023-11-28-at-11.15.42-AM-2-300x200.jpeg 300w, https:\/\/alminutonoticia.com\/noticias\/wp-content\/uploads\/2023\/11\/WhatsApp-Image-2023-11-28-at-11.15.42-AM-2-768x512.jpeg 768w\" sizes=\"(max-width: 1024px) 100vw, 1024px\" \/><\/a><\/figure>\n","protected":false},"excerpt":{"rendered":"<p>En el marco de los 202 a\u00f1os de Independencia de Panam\u00e1 de Espa\u00f1a, la Gobernaci\u00f3n de la provincia de Panam\u00e1 realiz\u00f3 este 28 de noviembre el acto de doblez del pabell\u00f3n nacional del Cerro Anc\u00f3n y cremaci\u00f3n de banderas en desuso, con lo que se rindi\u00f3 honores a este s\u00edmbolo de la Naci\u00f3n. La solemne [&hellip;]<\/p>\n","protected":false},"author":3,"featured_media":7112,"comment_status":"open","ping_status":"open","sticky":false,"template":"","format":"standard","meta":{"footnotes":""},"categories":[36],"tags":[],"class_list":["post-7106","post","type-post","status-publish","format-standard","has-post-thumbnail","hentry","category-nacionales"],"_links":{"self":[{"href":"https:\/\/alminutonoticia.com\/noticias\/wp-json\/wp\/v2\/posts\/7106","targetHints":{"allow":["GET"]}}],"collection":[{"href":"https:\/\/alminutonoticia.com\/noticias\/wp-json\/wp\/v2\/posts"}],"about":[{"href":"https:\/\/alminutonoticia.com\/noticias\/wp-json\/wp\/v2\/types\/post"}],"author":[{"embeddable":true,"href":"https:\/\/alminutonoticia.com\/noticias\/wp-json\/wp\/v2\/users\/3"}],"replies":[{"embeddable":true,"href":"https:\/\/alminutonoticia.com\/noticias\/wp-json\/wp\/v2\/comments?post=7106"}],"version-history":[{"count":1,"href":"https:\/\/alminutonoticia.com\/noticias\/wp-json\/wp\/v2\/posts\/7106\/revisions"}],"predecessor-version":[{"id":7113,"href":"https:\/\/alminutonoticia.com\/noticias\/wp-json\/wp\/v2\/posts\/7106\/revisions\/7113"}],"wp:featuredmedia":[{"embeddable":true,"href":"https:\/\/alminutonoticia.com\/noticias\/wp-json\/wp\/v2\/media\/7112"}],"wp:attachment":[{"href":"https:\/\/alminutonoticia.com\/noticias\/wp-json\/wp\/v2\/media?parent=7106"}],"wp:term":[{"taxonomy":"category","embeddable":true,"href":"https:\/\/alminutonoticia.com\/noticias\/wp-json\/wp\/v2\/categories?post=7106"},{"taxonomy":"post_tag","embeddable":true,"href":"https:\/\/alminutonoticia.com\/noticias\/wp-json\/wp\/v2\/tags?post=7106"}],"curies":[{"name":"wp","href":"https:\/\/api.w.org\/{rel}","templated":true}]}}