{"id":6889,"date":"2023-11-21T01:57:59","date_gmt":"2023-11-21T01:57:59","guid":{"rendered":"https:\/\/alminutonoticia.com\/noticias\/?p=6889"},"modified":"2023-11-21T01:58:00","modified_gmt":"2023-11-21T01:58:00","slug":"noche-cinematografica-en-el-canal-de-panama-denominada-despierta-mama","status":"publish","type":"post","link":"https:\/\/alminutonoticia.com\/noticias\/noche-cinematografica-en-el-canal-de-panama-denominada-despierta-mama\/","title":{"rendered":"Noche cinematogr\u00e1fica en el Canal de Panam\u00e1 denominada \u00abDespierta Mam\u00e1\u00bb"},"content":{"rendered":"\n<p>En d\u00edas pasados, el Canal de Panam\u00e1 se convirti\u00f3 en el epicentro de una velada cargada de emociones durante la Avant Premiere de la tan esperada pel\u00edcula&nbsp;<em>\u00abDespierta Mam\u00e1\u00bb<\/em>. Entre los presentes se encontraban no solo amantes del cine, sino tambi\u00e9n figuras prominentes de la industria del entretenimiento y l\u00edderes empresariales quienes se reunieron con entusiasmo para ser los primeros en sumergirse en la conmovedora historia dirigida magistralmente por Arianne Benedetti.&nbsp;<\/p>\n\n\n\n<p><em>\u00abDespierta Mam\u00e1\u00bb\u00a0<\/em>sumerge al espectador en la traves\u00eda de Ali, quien, inmersa en una batalla con la vida tras la devastadora separaci\u00f3n de su esposo, busca escapar del dolor. Ali toma la decisi\u00f3n de abandonarlo todo y mudarse a un peque\u00f1o pueblo en las monta\u00f1as, en compa\u00f1\u00eda de su peque\u00f1a hija Sof\u00eda. Despu\u00e9s de semanas sumida en la misteriosa atm\u00f3sfera del lugar, Ali sufre un terrible accidente y al despertar en el hospital recibe la noticia que su hijita ha desaparecido. Mientras la polic\u00eda persigue m\u00faltiples pistas y posibles culpables, desesperada, Ali emprende una incansable b\u00fasqueda para encontrar a su peque\u00f1a antes de que sea demasiado tarde.\u00a0<\/p>\n\n\n\n<p>La directora y productora\u00a0<strong>Arianne Benedetti<\/strong>, reconocida por dirigir \u201c<em>M\u00e1s que hermanos\u201d<\/em>\u00a0y por producciones como \u201c<em>Escuadr\u00f3n Suicida de Warner Brothers<\/em>\u201d maestra en la creaci\u00f3n de historias emotivas y aclamada por su habilidad para plasmar la complejidad de las relaciones humanas en la pantalla grande, expres\u00f3 su pasi\u00f3n por el proyecto\u00a0<em>\u00abDespierta Mam\u00e1 es una historia de segundas oportunidades y segundos golpes. Cada vez que la leo, lloro. Esta pel\u00edcula lograr\u00e1 sacar l\u00e1grimas de infinita tristeza, pero tambi\u00e9n transmitir\u00e1 un profundo sentimiento de bienestar y armon\u00eda. Les recordar\u00e9 que la vida siempre puede ser peor o mejor, dependiendo de tu enfoque\u00bb.<\/em>\u00a0<\/p>\n\n\n\n<figure class=\"wp-block-image size-full\"><a href=\"https:\/\/alminutonoticia.com\/noticias\/wp-content\/uploads\/2023\/11\/IMG-20231120-WA0129-1024x682-1.jpg\"><img fetchpriority=\"high\" decoding=\"async\" width=\"1024\" height=\"682\" src=\"https:\/\/alminutonoticia.com\/noticias\/wp-content\/uploads\/2023\/11\/IMG-20231120-WA0129-1024x682-1.jpg\" alt=\"\" class=\"wp-image-6890\" title=\"\" srcset=\"https:\/\/alminutonoticia.com\/noticias\/wp-content\/uploads\/2023\/11\/IMG-20231120-WA0129-1024x682-1.jpg 1024w, https:\/\/alminutonoticia.com\/noticias\/wp-content\/uploads\/2023\/11\/IMG-20231120-WA0129-1024x682-1-300x200.jpg 300w, https:\/\/alminutonoticia.com\/noticias\/wp-content\/uploads\/2023\/11\/IMG-20231120-WA0129-1024x682-1-768x512.jpg 768w\" sizes=\"(max-width: 1024px) 100vw, 1024px\" \/><\/a><\/figure>\n","protected":false},"excerpt":{"rendered":"<p>En d\u00edas pasados, el Canal de Panam\u00e1 se convirti\u00f3 en el epicentro de una velada cargada de emociones durante la Avant Premiere de la tan esperada pel\u00edcula&nbsp;\u00abDespierta Mam\u00e1\u00bb. Entre los presentes se encontraban no solo amantes del cine, sino tambi\u00e9n figuras prominentes de la industria del entretenimiento y l\u00edderes empresariales quienes se reunieron con entusiasmo [&hellip;]<\/p>\n","protected":false},"author":3,"featured_media":6890,"comment_status":"open","ping_status":"open","sticky":false,"template":"","format":"standard","meta":{"footnotes":""},"categories":[36],"tags":[],"class_list":["post-6889","post","type-post","status-publish","format-standard","has-post-thumbnail","hentry","category-nacionales"],"_links":{"self":[{"href":"https:\/\/alminutonoticia.com\/noticias\/wp-json\/wp\/v2\/posts\/6889","targetHints":{"allow":["GET"]}}],"collection":[{"href":"https:\/\/alminutonoticia.com\/noticias\/wp-json\/wp\/v2\/posts"}],"about":[{"href":"https:\/\/alminutonoticia.com\/noticias\/wp-json\/wp\/v2\/types\/post"}],"author":[{"embeddable":true,"href":"https:\/\/alminutonoticia.com\/noticias\/wp-json\/wp\/v2\/users\/3"}],"replies":[{"embeddable":true,"href":"https:\/\/alminutonoticia.com\/noticias\/wp-json\/wp\/v2\/comments?post=6889"}],"version-history":[{"count":1,"href":"https:\/\/alminutonoticia.com\/noticias\/wp-json\/wp\/v2\/posts\/6889\/revisions"}],"predecessor-version":[{"id":6891,"href":"https:\/\/alminutonoticia.com\/noticias\/wp-json\/wp\/v2\/posts\/6889\/revisions\/6891"}],"wp:featuredmedia":[{"embeddable":true,"href":"https:\/\/alminutonoticia.com\/noticias\/wp-json\/wp\/v2\/media\/6890"}],"wp:attachment":[{"href":"https:\/\/alminutonoticia.com\/noticias\/wp-json\/wp\/v2\/media?parent=6889"}],"wp:term":[{"taxonomy":"category","embeddable":true,"href":"https:\/\/alminutonoticia.com\/noticias\/wp-json\/wp\/v2\/categories?post=6889"},{"taxonomy":"post_tag","embeddable":true,"href":"https:\/\/alminutonoticia.com\/noticias\/wp-json\/wp\/v2\/tags?post=6889"}],"curies":[{"name":"wp","href":"https:\/\/api.w.org\/{rel}","templated":true}]}}