{"id":6871,"date":"2023-11-17T09:26:50","date_gmt":"2023-11-17T09:26:50","guid":{"rendered":"https:\/\/alminutonoticia.com\/noticias\/?p=6871"},"modified":"2023-11-17T09:26:51","modified_gmt":"2023-11-17T09:26:51","slug":"corte-suprema-ventilara-demandas-contra-ley-minera-el-24-de-noviembre","status":"publish","type":"post","link":"https:\/\/alminutonoticia.com\/noticias\/corte-suprema-ventilara-demandas-contra-ley-minera-el-24-de-noviembre\/","title":{"rendered":"Corte Suprema ventilar\u00e1 demandas contra ley minera el 24 de noviembre"},"content":{"rendered":"\n<p>El secretario general de la Corte Suprema de Justicia de la Rep\u00fablica de Panam\u00e1, Manuel Jos\u00e9 Calv\u00f3, anunci\u00f3 que el pr\u00f3ximo viernes 24 de noviembre, el pleno se reunir\u00e1 para analizar las demandas presentadas en contra de la Ley 406 de contrato minero para la emisi\u00f3n del fallo sobre la inconstitucionalidad.<\/p>\n\n\n\n<p>De acuerdo al secretario general de la Corte Suprema de Justicia, este \u00f3rgano dar\u00e1 prioridad a las causas planteadas sobre la constitucionalidad o no de la Ley 406 del 20 de octubre, y as\u00ed lo ha asumido trabajando de forma permanente en el an\u00e1lisis constitucional y convencional, con la dedicaci\u00f3n, seriedad y acuciosidad que las demandas planteadas requieren.<\/p>\n\n\n\n<p>\u00abEn esta sesi\u00f3n, del pleno los magistrados acordaron que, al vencerse los d\u00edas 22 y 23 de noviembre, los t\u00e9rminos de alegatos en dos de las causas en tr\u00e1mite convocar para el d\u00eda 24 de noviembre del a\u00f1o en curso a una reuni\u00f3n plenaria en sesi\u00f3n permanente hasta emitir su decisi\u00f3n en el menor tiempo posible\u00bb., recalc\u00f3 el secretario general de la Corte Suprema.<\/p>\n\n\n\n<figure class=\"wp-block-image size-full\"><a href=\"https:\/\/alminutonoticia.com\/noticias\/wp-content\/uploads\/2023\/11\/35RuvVYqnLAM4-OP.jpg\"><img fetchpriority=\"high\" decoding=\"async\" width=\"480\" height=\"320\" src=\"https:\/\/alminutonoticia.com\/noticias\/wp-content\/uploads\/2023\/11\/35RuvVYqnLAM4-OP.jpg\" alt=\"\" class=\"wp-image-6872\" title=\"\" srcset=\"https:\/\/alminutonoticia.com\/noticias\/wp-content\/uploads\/2023\/11\/35RuvVYqnLAM4-OP.jpg 480w, https:\/\/alminutonoticia.com\/noticias\/wp-content\/uploads\/2023\/11\/35RuvVYqnLAM4-OP-300x200.jpg 300w\" sizes=\"(max-width: 480px) 100vw, 480px\" \/><\/a><\/figure>\n","protected":false},"excerpt":{"rendered":"<p>El secretario general de la Corte Suprema de Justicia de la Rep\u00fablica de Panam\u00e1, Manuel Jos\u00e9 Calv\u00f3, anunci\u00f3 que el pr\u00f3ximo viernes 24 de noviembre, el pleno se reunir\u00e1 para analizar las demandas presentadas en contra de la Ley 406 de contrato minero para la emisi\u00f3n del fallo sobre la inconstitucionalidad. De acuerdo al secretario [&hellip;]<\/p>\n","protected":false},"author":3,"featured_media":6872,"comment_status":"open","ping_status":"open","sticky":false,"template":"","format":"standard","meta":{"footnotes":""},"categories":[42,38,36],"tags":[],"class_list":["post-6871","post","type-post","status-publish","format-standard","has-post-thumbnail","hentry","category-ambiente","category-economia","category-nacionales"],"_links":{"self":[{"href":"https:\/\/alminutonoticia.com\/noticias\/wp-json\/wp\/v2\/posts\/6871","targetHints":{"allow":["GET"]}}],"collection":[{"href":"https:\/\/alminutonoticia.com\/noticias\/wp-json\/wp\/v2\/posts"}],"about":[{"href":"https:\/\/alminutonoticia.com\/noticias\/wp-json\/wp\/v2\/types\/post"}],"author":[{"embeddable":true,"href":"https:\/\/alminutonoticia.com\/noticias\/wp-json\/wp\/v2\/users\/3"}],"replies":[{"embeddable":true,"href":"https:\/\/alminutonoticia.com\/noticias\/wp-json\/wp\/v2\/comments?post=6871"}],"version-history":[{"count":1,"href":"https:\/\/alminutonoticia.com\/noticias\/wp-json\/wp\/v2\/posts\/6871\/revisions"}],"predecessor-version":[{"id":6873,"href":"https:\/\/alminutonoticia.com\/noticias\/wp-json\/wp\/v2\/posts\/6871\/revisions\/6873"}],"wp:featuredmedia":[{"embeddable":true,"href":"https:\/\/alminutonoticia.com\/noticias\/wp-json\/wp\/v2\/media\/6872"}],"wp:attachment":[{"href":"https:\/\/alminutonoticia.com\/noticias\/wp-json\/wp\/v2\/media?parent=6871"}],"wp:term":[{"taxonomy":"category","embeddable":true,"href":"https:\/\/alminutonoticia.com\/noticias\/wp-json\/wp\/v2\/categories?post=6871"},{"taxonomy":"post_tag","embeddable":true,"href":"https:\/\/alminutonoticia.com\/noticias\/wp-json\/wp\/v2\/tags?post=6871"}],"curies":[{"name":"wp","href":"https:\/\/api.w.org\/{rel}","templated":true}]}}