{"id":6858,"date":"2023-11-17T09:15:17","date_gmt":"2023-11-17T09:15:17","guid":{"rendered":"https:\/\/alminutonoticia.com\/noticias\/?p=6858"},"modified":"2023-11-17T09:15:18","modified_gmt":"2023-11-17T09:15:18","slug":"pomtur-panama-solicita-libre-circulacion-para-continuar-con-la-promocion-del-turismo-local","status":"publish","type":"post","link":"https:\/\/alminutonoticia.com\/noticias\/pomtur-panama-solicita-libre-circulacion-para-continuar-con-la-promocion-del-turismo-local\/","title":{"rendered":"POMTUR Panam\u00e1 solicita libre circulaci\u00f3n para continuar con la promoci\u00f3n del Turismo local"},"content":{"rendered":"\n<p>Ante los cierres de calles y protestas que se han desarrollado en las \u00faltimas semanas, PROMTUR Panam\u00e1 se suma al llamado de toda la industria tur\u00edstica local, en torno a la necesidad urgente de encontrar una soluci\u00f3n pac\u00edfica y consensuada, que garantice la libre circulaci\u00f3n en todo el territorio nacional.<\/p>\n\n\n\n<p>Plenamente conscientes y emp\u00e1ticos ante la situaci\u00f3n que atraviesa nuestro pa\u00eds, destacamos la importancia de preservar el derecho de cada persona a manifestarse, asociarse y expresarse pac\u00edficamente; derechos genuinos que tenemos todos como ciudadanos. Nuestro llamado es a rechazar la violencia, el vandalismo y los cierres de v\u00edas que impiden el libre tr\u00e1nsito.<\/p>\n\n\n\n<p>Es evidente que la situaci\u00f3n que vive Panam\u00e1 desde hace m\u00e1s de 20 d\u00edas ha tenido un impacto significativo en diversos sectores de nuestra industria, afectando la inversi\u00f3n y las metas que nos hab\u00edamos planteado para el a\u00f1o 2023, incluyendo indicadores claves como la llegada de viajeros internacionales que esper\u00e1bamos para el \u00faltimo trimestre del a\u00f1o y su consecuente impacto econ\u00f3mico.&nbsp;<\/p>\n\n\n\n<p>El turismo es un catalizador del crecimiento sostenible, al que todos aspiramos. Es una industria con una transversalidad \u00fanica que genera progreso y empleo a trav\u00e9s de toda la cadena de valor, desde hoteles, transportistas, gu\u00edas tur\u00edsticos, artesanos, restaurantes y centros comerciales de la ciudad y el interior del pa\u00eds.<\/p>\n\n\n\n<p>Conscientes de la importancia de esta industria para todos los paname\u00f1os,&nbsp;como Organizaci\u00f3n de Mercadeo del Destino, hemos tomado medidas proactivas para mitigar el efecto negativo de esta coyuntura y dar seguimiento a la estrategia de promoci\u00f3n y mercadeo internacional con el fin de proteger&nbsp;la temporada alta 2024 (enero, febrero, marzo).<\/p>\n\n\n\n<p>Entre estas medidas se contemplan acciones para estimular la demanda a trav\u00e9s de alianzas estrat\u00e9gicas con aerol\u00edneas y operadores globales de turismo, as\u00ed como un impulso de la campa\u00f1a de mercadeo digital, a trav\u00e9s de inversi\u00f3n en medios pagados para aumentar la presencia de Panam\u00e1 en mercados clave, a partir de diciembre. No obstante, estos esfuerzos est\u00e1n en riesgo, si no se logra pronto la conciliaci\u00f3n necesaria para asegurar la paz social y el libre tr\u00e1nsito en todo el territorio nacional.&nbsp;<\/p>\n\n\n\n<p>En PROMTUR Panam\u00e1 tenemos el objetivo de promover internacionalmente a nuestro pa\u00eds, como un destino aut\u00e9ntico y vibrante, estimular la llegada de turistas e incrementar el aporte econ\u00f3mico de esta industria y de esta forma contribuir al desarrollo social sostenible de nuestra naci\u00f3n.<\/p>\n\n\n\n<p>La reapertura total y permanente de las v\u00edas es esencial para restablecer la normalidad de todas las actividades tur\u00edsticas, as\u00ed como la de otros sectores de vital importancia para el pa\u00eds. Como Organizaci\u00f3n de Mercadeo del Destino ratificamos nuestro compromiso de seguir impulsando el desarrollo del turismo en beneficio de todos los paname\u00f1os.<\/p>\n\n\n\n<figure class=\"wp-block-image size-full\"><a href=\"https:\/\/alminutonoticia.com\/noticias\/wp-content\/uploads\/2023\/11\/35.jpg\"><img fetchpriority=\"high\" decoding=\"async\" width=\"669\" height=\"446\" src=\"https:\/\/alminutonoticia.com\/noticias\/wp-content\/uploads\/2023\/11\/35.jpg\" alt=\"\" class=\"wp-image-6859\" title=\"\" srcset=\"https:\/\/alminutonoticia.com\/noticias\/wp-content\/uploads\/2023\/11\/35.jpg 669w, https:\/\/alminutonoticia.com\/noticias\/wp-content\/uploads\/2023\/11\/35-300x200.jpg 300w\" sizes=\"(max-width: 669px) 100vw, 669px\" \/><\/a><\/figure>\n","protected":false},"excerpt":{"rendered":"<p>Ante los cierres de calles y protestas que se han desarrollado en las \u00faltimas semanas, PROMTUR Panam\u00e1 se suma al llamado de toda la industria tur\u00edstica local, en torno a la necesidad urgente de encontrar una soluci\u00f3n pac\u00edfica y consensuada, que garantice la libre circulaci\u00f3n en todo el territorio nacional. Plenamente conscientes y emp\u00e1ticos ante [&hellip;]<\/p>\n","protected":false},"author":3,"featured_media":6859,"comment_status":"open","ping_status":"open","sticky":false,"template":"","format":"standard","meta":{"footnotes":""},"categories":[38,36],"tags":[],"class_list":["post-6858","post","type-post","status-publish","format-standard","has-post-thumbnail","hentry","category-economia","category-nacionales"],"_links":{"self":[{"href":"https:\/\/alminutonoticia.com\/noticias\/wp-json\/wp\/v2\/posts\/6858","targetHints":{"allow":["GET"]}}],"collection":[{"href":"https:\/\/alminutonoticia.com\/noticias\/wp-json\/wp\/v2\/posts"}],"about":[{"href":"https:\/\/alminutonoticia.com\/noticias\/wp-json\/wp\/v2\/types\/post"}],"author":[{"embeddable":true,"href":"https:\/\/alminutonoticia.com\/noticias\/wp-json\/wp\/v2\/users\/3"}],"replies":[{"embeddable":true,"href":"https:\/\/alminutonoticia.com\/noticias\/wp-json\/wp\/v2\/comments?post=6858"}],"version-history":[{"count":1,"href":"https:\/\/alminutonoticia.com\/noticias\/wp-json\/wp\/v2\/posts\/6858\/revisions"}],"predecessor-version":[{"id":6860,"href":"https:\/\/alminutonoticia.com\/noticias\/wp-json\/wp\/v2\/posts\/6858\/revisions\/6860"}],"wp:featuredmedia":[{"embeddable":true,"href":"https:\/\/alminutonoticia.com\/noticias\/wp-json\/wp\/v2\/media\/6859"}],"wp:attachment":[{"href":"https:\/\/alminutonoticia.com\/noticias\/wp-json\/wp\/v2\/media?parent=6858"}],"wp:term":[{"taxonomy":"category","embeddable":true,"href":"https:\/\/alminutonoticia.com\/noticias\/wp-json\/wp\/v2\/categories?post=6858"},{"taxonomy":"post_tag","embeddable":true,"href":"https:\/\/alminutonoticia.com\/noticias\/wp-json\/wp\/v2\/tags?post=6858"}],"curies":[{"name":"wp","href":"https:\/\/api.w.org\/{rel}","templated":true}]}}