{"id":6853,"date":"2023-11-17T09:12:14","date_gmt":"2023-11-17T09:12:14","guid":{"rendered":"https:\/\/alminutonoticia.com\/noticias\/?p=6853"},"modified":"2023-11-17T09:12:14","modified_gmt":"2023-11-17T09:12:14","slug":"panama-paralizado-por-los-cierres-de-calles","status":"publish","type":"post","link":"https:\/\/alminutonoticia.com\/noticias\/panama-paralizado-por-los-cierres-de-calles\/","title":{"rendered":"Panam\u00e1 paralizado por los cierres de calles"},"content":{"rendered":"\n<p>Grupos opuestos al contrato minero como obreros de la construcci\u00f3n, docentes e ind\u00edgenas se tomaron las principales v\u00edas de la ciudad capital y la Carretera Panamericana hasta Chiriqu\u00ed paralizando la econom\u00eda nacional estremecida por los cierres de calles por casi un mes sin la intervenci\u00f3n de la fuerza p\u00fablica para restablecer el orden p\u00fablico.<\/p>\n\n\n\n<p>Lo que los opositores a la miner\u00eda denominaron \u201ccierre total las 24 horas\u201d el jueves 16 de noviembre se registra desde tempranas horas de la ma\u00f1ana afectando a miles de trabajadores que tuvieron que buscar v\u00edas alternas para llegar a sus centros de trabajo en la ciudad capital.<\/p>\n\n\n\n<p>Los miembros del SUNTRACS y docentes bloquearon las principales arterias viales como lo son: Ricardo J. Alfaro, Centenario, Trans\u00edstmica, Villa Zaita, V\u00eda Espa\u00f1a, Avenida Balboa, Corredor Norte y Sur y la Autopista hacia Arraij\u00e1n, entre otras.<\/p>\n\n\n\n<p>La C\u00e1mara de Comercio, Industrias y Agricultura de Panam\u00e1 (CCIAP), principal gremio empresarial del pa\u00eds, exigi\u00f3 al gobierno la reapertura de las calles, hacer cumplir la Constituci\u00f3n Nacional y restablecer el orden p\u00fablico, tras 24 d\u00edas de protestas consecutivas.<\/p>\n\n\n\n<p>Tambi\u00e9n se efectuaron cierres de v\u00edas a lo lago de la Carretera Panamericana hacia el interior del pa\u00eds en La Pesa de La Chorrera, Cocl\u00e9, Veraguas y en Chiriqu\u00ed en el puente sobre el rio David, entre otros puntos.<\/p>\n\n\n\n<p>La movilidad hacia el Aeropuerto Internacional de Tocumen por los corredor Norte y Sur y otras v\u00edas de acceso es nula, por lo que algunos viajeros optaron por utilizar el Metro hacia la terminal a\u00e9rea.<\/p>\n\n\n\n<p>El Consejo Nacional de la Empresa Privada (CoNEP) estima p\u00e9rdidas econ\u00f3micas por m\u00e1s de 1,700 millones de d\u00f3lares por los grupos antimineros que exigen la derogaci\u00f3n de la Ley 406.<\/p>\n\n\n\n<figure class=\"wp-block-image size-full\"><a href=\"https:\/\/alminutonoticia.com\/noticias\/wp-content\/uploads\/2023\/11\/images-3.jpg\"><img fetchpriority=\"high\" decoding=\"async\" width=\"316\" height=\"159\" src=\"https:\/\/alminutonoticia.com\/noticias\/wp-content\/uploads\/2023\/11\/images-3.jpg\" alt=\"\" class=\"wp-image-6854\" title=\"\" srcset=\"https:\/\/alminutonoticia.com\/noticias\/wp-content\/uploads\/2023\/11\/images-3.jpg 316w, https:\/\/alminutonoticia.com\/noticias\/wp-content\/uploads\/2023\/11\/images-3-300x151.jpg 300w\" sizes=\"(max-width: 316px) 100vw, 316px\" \/><\/a><\/figure>\n\n\n\n<figure class=\"wp-block-image size-full is-resized\"><a href=\"https:\/\/alminutonoticia.com\/noticias\/wp-content\/uploads\/2023\/11\/images-2.jpg\"><img decoding=\"async\" width=\"300\" height=\"168\" src=\"https:\/\/alminutonoticia.com\/noticias\/wp-content\/uploads\/2023\/11\/images-2.jpg\" alt=\"\" class=\"wp-image-6855\" style=\"width:840px;height:auto\" title=\"\"><\/a><\/figure>\n\n\n\n<figure class=\"wp-block-image size-full\"><a href=\"https:\/\/alminutonoticia.com\/noticias\/wp-content\/uploads\/2023\/11\/Web-PMN-Cierre-de-calles-en-Panama-continuan-y-Anadepo-rompe-acuerdo-con-el-gobierno.webp\"><img decoding=\"async\" width=\"600\" height=\"400\" src=\"https:\/\/alminutonoticia.com\/noticias\/wp-content\/uploads\/2023\/11\/Web-PMN-Cierre-de-calles-en-Panama-continuan-y-Anadepo-rompe-acuerdo-con-el-gobierno.webp\" alt=\"\" class=\"wp-image-6856\" title=\"\" srcset=\"https:\/\/alminutonoticia.com\/noticias\/wp-content\/uploads\/2023\/11\/Web-PMN-Cierre-de-calles-en-Panama-continuan-y-Anadepo-rompe-acuerdo-con-el-gobierno.webp 600w, https:\/\/alminutonoticia.com\/noticias\/wp-content\/uploads\/2023\/11\/Web-PMN-Cierre-de-calles-en-Panama-continuan-y-Anadepo-rompe-acuerdo-con-el-gobierno-300x200.webp 300w\" sizes=\"(max-width: 600px) 100vw, 600px\" \/><\/a><\/figure>\n","protected":false},"excerpt":{"rendered":"<p>Grupos opuestos al contrato minero como obreros de la construcci\u00f3n, docentes e ind\u00edgenas se tomaron las principales v\u00edas de la ciudad capital y la Carretera Panamericana hasta Chiriqu\u00ed paralizando la econom\u00eda nacional estremecida por los cierres de calles por casi un mes sin la intervenci\u00f3n de la fuerza p\u00fablica para restablecer el orden p\u00fablico. Lo [&hellip;]<\/p>\n","protected":false},"author":3,"featured_media":6856,"comment_status":"open","ping_status":"open","sticky":false,"template":"","format":"standard","meta":{"footnotes":""},"categories":[36],"tags":[],"class_list":["post-6853","post","type-post","status-publish","format-standard","has-post-thumbnail","hentry","category-nacionales"],"_links":{"self":[{"href":"https:\/\/alminutonoticia.com\/noticias\/wp-json\/wp\/v2\/posts\/6853","targetHints":{"allow":["GET"]}}],"collection":[{"href":"https:\/\/alminutonoticia.com\/noticias\/wp-json\/wp\/v2\/posts"}],"about":[{"href":"https:\/\/alminutonoticia.com\/noticias\/wp-json\/wp\/v2\/types\/post"}],"author":[{"embeddable":true,"href":"https:\/\/alminutonoticia.com\/noticias\/wp-json\/wp\/v2\/users\/3"}],"replies":[{"embeddable":true,"href":"https:\/\/alminutonoticia.com\/noticias\/wp-json\/wp\/v2\/comments?post=6853"}],"version-history":[{"count":1,"href":"https:\/\/alminutonoticia.com\/noticias\/wp-json\/wp\/v2\/posts\/6853\/revisions"}],"predecessor-version":[{"id":6857,"href":"https:\/\/alminutonoticia.com\/noticias\/wp-json\/wp\/v2\/posts\/6853\/revisions\/6857"}],"wp:featuredmedia":[{"embeddable":true,"href":"https:\/\/alminutonoticia.com\/noticias\/wp-json\/wp\/v2\/media\/6856"}],"wp:attachment":[{"href":"https:\/\/alminutonoticia.com\/noticias\/wp-json\/wp\/v2\/media?parent=6853"}],"wp:term":[{"taxonomy":"category","embeddable":true,"href":"https:\/\/alminutonoticia.com\/noticias\/wp-json\/wp\/v2\/categories?post=6853"},{"taxonomy":"post_tag","embeddable":true,"href":"https:\/\/alminutonoticia.com\/noticias\/wp-json\/wp\/v2\/tags?post=6853"}],"curies":[{"name":"wp","href":"https:\/\/api.w.org\/{rel}","templated":true}]}}