{"id":6842,"date":"2023-11-17T09:04:49","date_gmt":"2023-11-17T09:04:49","guid":{"rendered":"https:\/\/alminutonoticia.com\/noticias\/?p=6842"},"modified":"2023-11-17T09:04:50","modified_gmt":"2023-11-17T09:04:50","slug":"verifican-uso-del-voto-electronico","status":"publish","type":"post","link":"https:\/\/alminutonoticia.com\/noticias\/verifican-uso-del-voto-electronico\/","title":{"rendered":"Verifican uso del voto electr\u00f3nico"},"content":{"rendered":"\n<p>El director del Plan General de Elecciones&nbsp;(PLAGEL) y magistrado primer vicepresidente del Tribunal Electoral (TE), Eduardo Vald\u00e9s Escoffery, y su equipo de trabajo verificaron el uso del m\u00f3dulo inform\u00e1tico desarrollado para la implementaci\u00f3n del voto electr\u00f3nico.<\/p>\n\n\n\n<p>El programa se ubicar\u00e1 como plan piloto en 20 mesas de votaci\u00f3n en el Centro de Convenciones ATLAPA, el 5 de mayo de 2024. Esta ser\u00e1 la tercera vez que se utiliza como proyecto piloto en una elecci\u00f3n general.&nbsp;<\/p>\n\n\n\n<p>En el 2014 se instalaron 10 mesas con este sistema en el Colegio Jos\u00e9 Antonio Rem\u00f3n Cantera. Mientras que en el 2019,&nbsp;las 10 mesas se ubicaron en ATLAPA al dejar de usar este colegio como centro de votaci\u00f3n.<\/p>\n\n\n\n<p>Este sistema es presencial, sencillo y f\u00e1cil de aplicar para los electores. Los resultados se dan con rapidez, en comparaci\u00f3n con la votaci\u00f3n con papeletas.&nbsp;<\/p>\n\n\n\n<p>Tambi\u00e9n revisaron el funcionamiento y la preparaci\u00f3n de los equipos tecnol\u00f3gicos, ya que en los pr\u00f3ximos d\u00edas se iniciar\u00e1n los simulacros de votaci\u00f3n electr\u00f3nica con los colaboradores del TE, a fin de validar el funcionamiento correcto del sistema y de las actividades relacionadas con la emisi\u00f3n del voto.<\/p>\n\n\n\n<figure class=\"wp-block-image size-large\"><a href=\"https:\/\/alminutonoticia.com\/noticias\/wp-content\/uploads\/2023\/11\/foto-1.jpg\"><img fetchpriority=\"high\" decoding=\"async\" width=\"1024\" height=\"768\" src=\"https:\/\/alminutonoticia.com\/noticias\/wp-content\/uploads\/2023\/11\/foto-1-1024x768.jpg\" alt=\"\" class=\"wp-image-6843\" title=\"\" srcset=\"https:\/\/alminutonoticia.com\/noticias\/wp-content\/uploads\/2023\/11\/foto-1-1024x768.jpg 1024w, https:\/\/alminutonoticia.com\/noticias\/wp-content\/uploads\/2023\/11\/foto-1-300x225.jpg 300w, https:\/\/alminutonoticia.com\/noticias\/wp-content\/uploads\/2023\/11\/foto-1-768x576.jpg 768w, https:\/\/alminutonoticia.com\/noticias\/wp-content\/uploads\/2023\/11\/foto-1-1536x1152.jpg 1536w, https:\/\/alminutonoticia.com\/noticias\/wp-content\/uploads\/2023\/11\/foto-1.jpg 1600w\" sizes=\"(max-width: 1024px) 100vw, 1024px\" \/><\/a><\/figure>\n","protected":false},"excerpt":{"rendered":"<p>El director del Plan General de Elecciones&nbsp;(PLAGEL) y magistrado primer vicepresidente del Tribunal Electoral (TE), Eduardo Vald\u00e9s Escoffery, y su equipo de trabajo verificaron el uso del m\u00f3dulo inform\u00e1tico desarrollado para la implementaci\u00f3n del voto electr\u00f3nico. El programa se ubicar\u00e1 como plan piloto en 20 mesas de votaci\u00f3n en el Centro de Convenciones ATLAPA, el [&hellip;]<\/p>\n","protected":false},"author":3,"featured_media":6843,"comment_status":"open","ping_status":"open","sticky":false,"template":"","format":"standard","meta":{"footnotes":""},"categories":[36,37],"tags":[],"class_list":["post-6842","post","type-post","status-publish","format-standard","has-post-thumbnail","hentry","category-nacionales","category-politica"],"_links":{"self":[{"href":"https:\/\/alminutonoticia.com\/noticias\/wp-json\/wp\/v2\/posts\/6842","targetHints":{"allow":["GET"]}}],"collection":[{"href":"https:\/\/alminutonoticia.com\/noticias\/wp-json\/wp\/v2\/posts"}],"about":[{"href":"https:\/\/alminutonoticia.com\/noticias\/wp-json\/wp\/v2\/types\/post"}],"author":[{"embeddable":true,"href":"https:\/\/alminutonoticia.com\/noticias\/wp-json\/wp\/v2\/users\/3"}],"replies":[{"embeddable":true,"href":"https:\/\/alminutonoticia.com\/noticias\/wp-json\/wp\/v2\/comments?post=6842"}],"version-history":[{"count":1,"href":"https:\/\/alminutonoticia.com\/noticias\/wp-json\/wp\/v2\/posts\/6842\/revisions"}],"predecessor-version":[{"id":6844,"href":"https:\/\/alminutonoticia.com\/noticias\/wp-json\/wp\/v2\/posts\/6842\/revisions\/6844"}],"wp:featuredmedia":[{"embeddable":true,"href":"https:\/\/alminutonoticia.com\/noticias\/wp-json\/wp\/v2\/media\/6843"}],"wp:attachment":[{"href":"https:\/\/alminutonoticia.com\/noticias\/wp-json\/wp\/v2\/media?parent=6842"}],"wp:term":[{"taxonomy":"category","embeddable":true,"href":"https:\/\/alminutonoticia.com\/noticias\/wp-json\/wp\/v2\/categories?post=6842"},{"taxonomy":"post_tag","embeddable":true,"href":"https:\/\/alminutonoticia.com\/noticias\/wp-json\/wp\/v2\/tags?post=6842"}],"curies":[{"name":"wp","href":"https:\/\/api.w.org\/{rel}","templated":true}]}}