{"id":6828,"date":"2023-11-17T08:56:55","date_gmt":"2023-11-17T08:56:55","guid":{"rendered":"https:\/\/alminutonoticia.com\/noticias\/?p=6828"},"modified":"2023-11-17T08:56:55","modified_gmt":"2023-11-17T08:56:55","slug":"uci-envia-comunicado-de-confirmacion-olimpica-a-fepaci-y-al-cop","status":"publish","type":"post","link":"https:\/\/alminutonoticia.com\/noticias\/uci-envia-comunicado-de-confirmacion-olimpica-a-fepaci-y-al-cop\/","title":{"rendered":"UCI env\u00eda comunicado de Confirmaci\u00f3n Ol\u00edmpica a FEPACI y al COP"},"content":{"rendered":"\n<p>Este 15 de noviembre la Uni\u00f3n Ciclista Internacional confirm\u00f3 los pa\u00edses que entraron a los Juegos Ol\u00edmpicos de Par\u00eds 2024 por Ranking Mundial, en la sumativa de puntos UCI obtenidos durante la temporada 2023.<\/p>\n\n\n\n<p>Peter Van den Avele, Director de Ruta de la UCI, comunic\u00f3 al Presidente de la Federaci\u00f3n Paname\u00f1a de Ciclismo, Vicente Carretero, el Cupo logrado por la selecci\u00f3n paname\u00f1a y el Proyecto Pa\u00eds Panam\u00e1 es Cultura y Valores Continental, convirti\u00e9ndose en la \u00fanica selecci\u00f3n deportiva de Panam\u00e1 en lograr clasificar a estos juegos ol\u00edmpicos, gracias al esfuerzo de todos ciclistas \u00c9lite que sumaron los puntos necesarios para permitir a los del istmo estar presentes en tierras francesas.<\/p>\n\n\n\n<p>La Ruta Ol\u00edmpica se caracteriza por su longitud, 273 km en categor\u00eda masculina y 158 km en la femenina, su perfil accidentado, la ascensi\u00f3n final a Montmartre y por su naturaleza t\u00e9cnica, con calles de pav\u00e9s y zonas estrellas que los ciclistas deber\u00e1n negociar en el tramo final antes de volver a Trocad\u00e9ro.<\/p>\n\n\n\n<p>La ruta masculina se dar\u00e1 el d\u00eda 5 de agosto, por lo cual la selecci\u00f3n paname\u00f1a le tocar\u00e1 desarrollar un plan competitivo de 8 meses y definir cu\u00e1l de los canaleros ser\u00e1 el que est\u00e9 presente en el banderazo de Par\u00eds.<\/p>\n\n\n\n<p>\u201cHaremos los posible de que todos los compa\u00f1eros puedan estar en Par\u00eds, y que hagan un calendario desafiante, todos aportaron en esta clasificaci\u00f3n, uno nos va a representar, pero como buenos compa\u00f1eros y orgullosos del Tricolor, lo m\u00e1s valiosos es que Panam\u00e1 est\u00e9 presente, estamos agradecidos con Don Vicente Carretero y Rali Store, el 80% de este logro es gracias a ellos, de igual manera con Pandeportes, que en estos 4 a\u00f1os nos han respaldado\u201d agrego Yelko G\u00f3mez, jefe de filas de la Selecci\u00f3n\u00a0Nacional.<\/p>\n\n\n\n<figure class=\"wp-block-image size-large\"><a href=\"https:\/\/alminutonoticia.com\/noticias\/wp-content\/uploads\/2023\/11\/Seleccion-Nacional-Elite-2024-01-scaled.jpg\"><img fetchpriority=\"high\" decoding=\"async\" width=\"1024\" height=\"819\" src=\"https:\/\/alminutonoticia.com\/noticias\/wp-content\/uploads\/2023\/11\/Seleccion-Nacional-Elite-2024-01-1024x819.jpg\" alt=\"\" class=\"wp-image-6830\" title=\"\" srcset=\"https:\/\/alminutonoticia.com\/noticias\/wp-content\/uploads\/2023\/11\/Seleccion-Nacional-Elite-2024-01-1024x819.jpg 1024w, https:\/\/alminutonoticia.com\/noticias\/wp-content\/uploads\/2023\/11\/Seleccion-Nacional-Elite-2024-01-300x240.jpg 300w, https:\/\/alminutonoticia.com\/noticias\/wp-content\/uploads\/2023\/11\/Seleccion-Nacional-Elite-2024-01-768x614.jpg 768w, https:\/\/alminutonoticia.com\/noticias\/wp-content\/uploads\/2023\/11\/Seleccion-Nacional-Elite-2024-01-1536x1229.jpg 1536w, https:\/\/alminutonoticia.com\/noticias\/wp-content\/uploads\/2023\/11\/Seleccion-Nacional-Elite-2024-01-2048x1638.jpg 2048w\" sizes=\"(max-width: 1024px) 100vw, 1024px\" \/><\/a><\/figure>\n\n\n\n<figure class=\"wp-block-image size-large\"><a href=\"https:\/\/alminutonoticia.com\/noticias\/wp-content\/uploads\/2023\/11\/PCV-Completo-World-Team-B.jpg\"><img decoding=\"async\" width=\"1024\" height=\"709\" src=\"https:\/\/alminutonoticia.com\/noticias\/wp-content\/uploads\/2023\/11\/PCV-Completo-World-Team-B-1024x709.jpg\" alt=\"\" class=\"wp-image-6829\" title=\"\" srcset=\"https:\/\/alminutonoticia.com\/noticias\/wp-content\/uploads\/2023\/11\/PCV-Completo-World-Team-B-1024x709.jpg 1024w, https:\/\/alminutonoticia.com\/noticias\/wp-content\/uploads\/2023\/11\/PCV-Completo-World-Team-B-300x208.jpg 300w, https:\/\/alminutonoticia.com\/noticias\/wp-content\/uploads\/2023\/11\/PCV-Completo-World-Team-B-768x532.jpg 768w, https:\/\/alminutonoticia.com\/noticias\/wp-content\/uploads\/2023\/11\/PCV-Completo-World-Team-B-1536x1063.jpg 1536w, https:\/\/alminutonoticia.com\/noticias\/wp-content\/uploads\/2023\/11\/PCV-Completo-World-Team-B-2048x1418.jpg 2048w\" sizes=\"(max-width: 1024px) 100vw, 1024px\" \/><\/a><\/figure>\n","protected":false},"excerpt":{"rendered":"<p>Este 15 de noviembre la Uni\u00f3n Ciclista Internacional confirm\u00f3 los pa\u00edses que entraron a los Juegos Ol\u00edmpicos de Par\u00eds 2024 por Ranking Mundial, en la sumativa de puntos UCI obtenidos durante la temporada 2023. Peter Van den Avele, Director de Ruta de la UCI, comunic\u00f3 al Presidente de la Federaci\u00f3n Paname\u00f1a de Ciclismo, Vicente Carretero, [&hellip;]<\/p>\n","protected":false},"author":3,"featured_media":6829,"comment_status":"open","ping_status":"open","sticky":false,"template":"","format":"standard","meta":{"footnotes":""},"categories":[40,36],"tags":[],"class_list":["post-6828","post","type-post","status-publish","format-standard","has-post-thumbnail","hentry","category-deportes","category-nacionales"],"_links":{"self":[{"href":"https:\/\/alminutonoticia.com\/noticias\/wp-json\/wp\/v2\/posts\/6828","targetHints":{"allow":["GET"]}}],"collection":[{"href":"https:\/\/alminutonoticia.com\/noticias\/wp-json\/wp\/v2\/posts"}],"about":[{"href":"https:\/\/alminutonoticia.com\/noticias\/wp-json\/wp\/v2\/types\/post"}],"author":[{"embeddable":true,"href":"https:\/\/alminutonoticia.com\/noticias\/wp-json\/wp\/v2\/users\/3"}],"replies":[{"embeddable":true,"href":"https:\/\/alminutonoticia.com\/noticias\/wp-json\/wp\/v2\/comments?post=6828"}],"version-history":[{"count":1,"href":"https:\/\/alminutonoticia.com\/noticias\/wp-json\/wp\/v2\/posts\/6828\/revisions"}],"predecessor-version":[{"id":6831,"href":"https:\/\/alminutonoticia.com\/noticias\/wp-json\/wp\/v2\/posts\/6828\/revisions\/6831"}],"wp:featuredmedia":[{"embeddable":true,"href":"https:\/\/alminutonoticia.com\/noticias\/wp-json\/wp\/v2\/media\/6829"}],"wp:attachment":[{"href":"https:\/\/alminutonoticia.com\/noticias\/wp-json\/wp\/v2\/media?parent=6828"}],"wp:term":[{"taxonomy":"category","embeddable":true,"href":"https:\/\/alminutonoticia.com\/noticias\/wp-json\/wp\/v2\/categories?post=6828"},{"taxonomy":"post_tag","embeddable":true,"href":"https:\/\/alminutonoticia.com\/noticias\/wp-json\/wp\/v2\/tags?post=6828"}],"curies":[{"name":"wp","href":"https:\/\/api.w.org\/{rel}","templated":true}]}}