{"id":6819,"date":"2023-11-17T08:51:17","date_gmt":"2023-11-17T08:51:17","guid":{"rendered":"https:\/\/alminutonoticia.com\/noticias\/?p=6819"},"modified":"2023-11-17T08:51:18","modified_gmt":"2023-11-17T08:51:18","slug":"la-fundacion-diabeteslatam-hace-su-lanzamiento-oficial","status":"publish","type":"post","link":"https:\/\/alminutonoticia.com\/noticias\/la-fundacion-diabeteslatam-hace-su-lanzamiento-oficial\/","title":{"rendered":"La fundaci\u00f3n DiabetesLATAM hace su lanzamiento oficial"},"content":{"rendered":"\n<p><strong>El <\/strong><strong>14 de noviembre, <\/strong><strong>d\u00eda mundial de la diabetes<\/strong><\/p>\n\n\n\n<p><strong><em>El lanzamiento de DiabetesLATAM se celebrar\u00e1 con una cena denominada Noche Azul, el martes 14 de noviembre, d\u00eda mundial de la diabetes. <\/em><\/strong><\/p>\n\n\n\n<p><br>En el marco de una celebraci\u00f3n tan importante como el d\u00eda mundial de la Diabetes, se hace formal el lanzamiento de la Fundaci\u00f3n <strong>DiabetesLATAM <\/strong>en un evento muy significativo denominado Noche Azul, por ser ese color el que representa la lucha contra la condici\u00f3n y una mejor calidad de vida para las personas con diabetes. <strong>\u00a0<\/strong><\/p>\n\n\n\n<p>Con el fin de llenar un vac\u00edo de informaci\u00f3n muy grande, la organizaci\u00f3n sin fines de lucro, <strong>DiabetesLATAM busca proveer educaci\u00f3n y apoyo a las personas con diabetes tipo 1 en Panam\u00e1 y Am\u00e9rica Latina. <\/strong>Se estima que solo en Panam\u00e1 existen alrededor de 1,755 personas con diabetes tipo 1 de las cuales 600 son ni\u00f1os, sin embargo, estas estad\u00edsticas son solo estimados ya que uno de los retos que tenemos en el pa\u00eds es la falta de datos confiables.<\/p>\n\n\n\n<p>Esta condici\u00f3n autoinmune causa la destrucci\u00f3n de las c\u00e9lulas en el p\u00e1ncreas que producen insulina, lo que conlleva que las personas que la padecen se deban medir por lo menos 7 veces al d\u00eda el az\u00facar y requieran inyectarse insulina a diario tambi\u00e9n.&nbsp;&nbsp;<\/p>\n\n\n\n<p>DiabetesLATAM nace y est\u00e1 basada en Panam\u00e1, sin embargo, est\u00e1 dirigida a personas de toda Am\u00e9rica Latina. Tal y como menciona su directora ejecutiva Pilar G\u00f3mez \u201c<em>Hay una gran necesidad de informaci\u00f3n, educaci\u00f3n y apoyo veraz y oportuno en nuestro idioma sobre las realidades de la Diabetes Tipo 1 y su cuido\u201d. \u00a8La Diabetes es una condici\u00f3n cr\u00f3nica que requiere atenci\u00f3n, medicamentos e insumos permanentes, que mientras sea bien atendida puede sobrellevarse sin mayores complicaciones, pero para ello, es clave la formaci\u00f3n de pacientes y cuidadores principalmente\u00a8.<\/em><\/p>\n\n\n\n<p>La fundaci\u00f3n tiene 1,200 miembros inscritos de los cuales el 58% tienen diabetes tipo 1, el 27% son madres de ni\u00f1os y j\u00f3venes con diabetes tipo 1, y el 5% son profesionales de la salud. El 61% de los miembros viven en Ciudad de Panam\u00e1 y el resto en 14 pa\u00edses del mundo, los principales, despu\u00e9s de Panam\u00e1 son Colombia, M\u00e9xico y Venezuela.<\/p>\n\n\n\n<p>La Fundaci\u00f3n en este momento ofrece 5 diferentes programas virtuales y dos presenciales en los que se le provee a la persona con diabetes tipo 1 y a su familia los conocimientos, habilidades y aptitudes que se requieren para estar preparados para tomar hasta 180 decisiones diarias con respecto al cuidado de la condici\u00f3n. Despu\u00e9s del acceso a la insulina, la educaci\u00f3n es el elemento m\u00e1s importante para vivir bien con diabetes.<\/p>\n\n\n\n<p>Los programas son en su mayor\u00eda ejecutados con el apoyo de m\u00e1s de 50 voluntarios y las donaciones de Clubes C\u00edvicos, ONG\u2019s internacionales y la empresa privada. En los 3 a\u00f1os que lleva la fundaci\u00f3n se han realizado campamentos educativos para ni\u00f1os y j\u00f3venes, adem\u00e1s de la atenci\u00f3n a aproximadamente 800 personas con diabetes y 300 cuidadores. En adici\u00f3n, se han entregado m\u00e1s de $800,000 en donaciones de insumos y medicamentos tales como:<\/p>\n\n\n\n<ul class=\"wp-block-list\">\n<li>1,200 viales de insulina<\/li>\n\n\n\n<li>200 gluc\u00f3metros<\/li>\n\n\n\n<li>146,200 tiras reactivas, entre otros<\/li>\n<\/ul>\n\n\n\n<p>\u00a1Hoy Panam\u00e1 gana con esta apuesta por una mejor calidad de vida de las personas con Diabetes Tipo1!<\/p>\n\n\n\n<figure class=\"wp-block-image size-large\"><a href=\"https:\/\/alminutonoticia.com\/noticias\/wp-content\/uploads\/2023\/11\/WhatsApp-Image-2023-11-16-at-11.43.12-AM-1.jpeg\"><img fetchpriority=\"high\" decoding=\"async\" width=\"682\" height=\"1024\" src=\"https:\/\/alminutonoticia.com\/noticias\/wp-content\/uploads\/2023\/11\/WhatsApp-Image-2023-11-16-at-11.43.12-AM-1-682x1024.jpeg\" alt=\"\" class=\"wp-image-6820\" title=\"\" srcset=\"https:\/\/alminutonoticia.com\/noticias\/wp-content\/uploads\/2023\/11\/WhatsApp-Image-2023-11-16-at-11.43.12-AM-1-682x1024.jpeg 682w, https:\/\/alminutonoticia.com\/noticias\/wp-content\/uploads\/2023\/11\/WhatsApp-Image-2023-11-16-at-11.43.12-AM-1-200x300.jpeg 200w, https:\/\/alminutonoticia.com\/noticias\/wp-content\/uploads\/2023\/11\/WhatsApp-Image-2023-11-16-at-11.43.12-AM-1-768x1153.jpeg 768w, https:\/\/alminutonoticia.com\/noticias\/wp-content\/uploads\/2023\/11\/WhatsApp-Image-2023-11-16-at-11.43.12-AM-1-1023x1536.jpeg 1023w, https:\/\/alminutonoticia.com\/noticias\/wp-content\/uploads\/2023\/11\/WhatsApp-Image-2023-11-16-at-11.43.12-AM-1.jpeg 1066w\" sizes=\"(max-width: 682px) 100vw, 682px\" \/><\/a><\/figure>\n\n\n\n<figure class=\"wp-block-image size-large\"><a href=\"https:\/\/alminutonoticia.com\/noticias\/wp-content\/uploads\/2023\/11\/WhatsApp-Image-2023-11-16-at-11.43.12-AM.jpeg\"><img decoding=\"async\" width=\"575\" height=\"1024\" src=\"https:\/\/alminutonoticia.com\/noticias\/wp-content\/uploads\/2023\/11\/WhatsApp-Image-2023-11-16-at-11.43.12-AM-575x1024.jpeg\" alt=\"\" class=\"wp-image-6821\" title=\"\" srcset=\"https:\/\/alminutonoticia.com\/noticias\/wp-content\/uploads\/2023\/11\/WhatsApp-Image-2023-11-16-at-11.43.12-AM-575x1024.jpeg 575w, https:\/\/alminutonoticia.com\/noticias\/wp-content\/uploads\/2023\/11\/WhatsApp-Image-2023-11-16-at-11.43.12-AM-169x300.jpeg 169w, https:\/\/alminutonoticia.com\/noticias\/wp-content\/uploads\/2023\/11\/WhatsApp-Image-2023-11-16-at-11.43.12-AM-768x1367.jpeg 768w, https:\/\/alminutonoticia.com\/noticias\/wp-content\/uploads\/2023\/11\/WhatsApp-Image-2023-11-16-at-11.43.12-AM-863x1536.jpeg 863w, https:\/\/alminutonoticia.com\/noticias\/wp-content\/uploads\/2023\/11\/WhatsApp-Image-2023-11-16-at-11.43.12-AM.jpeg 899w\" sizes=\"(max-width: 575px) 100vw, 575px\" \/><\/a><\/figure>\n\n\n\n<figure class=\"wp-block-image size-large\"><a href=\"https:\/\/alminutonoticia.com\/noticias\/wp-content\/uploads\/2023\/11\/WhatsApp-Image-2023-11-16-at-11.43.11-AM.jpeg\"><img decoding=\"async\" width=\"1024\" height=\"682\" src=\"https:\/\/alminutonoticia.com\/noticias\/wp-content\/uploads\/2023\/11\/WhatsApp-Image-2023-11-16-at-11.43.11-AM-1024x682.jpeg\" alt=\"\" class=\"wp-image-6822\" title=\"\" srcset=\"https:\/\/alminutonoticia.com\/noticias\/wp-content\/uploads\/2023\/11\/WhatsApp-Image-2023-11-16-at-11.43.11-AM-1024x682.jpeg 1024w, https:\/\/alminutonoticia.com\/noticias\/wp-content\/uploads\/2023\/11\/WhatsApp-Image-2023-11-16-at-11.43.11-AM-300x200.jpeg 300w, https:\/\/alminutonoticia.com\/noticias\/wp-content\/uploads\/2023\/11\/WhatsApp-Image-2023-11-16-at-11.43.11-AM-768x512.jpeg 768w, https:\/\/alminutonoticia.com\/noticias\/wp-content\/uploads\/2023\/11\/WhatsApp-Image-2023-11-16-at-11.43.11-AM-1536x1023.jpeg 1536w, https:\/\/alminutonoticia.com\/noticias\/wp-content\/uploads\/2023\/11\/WhatsApp-Image-2023-11-16-at-11.43.11-AM.jpeg 1600w\" sizes=\"(max-width: 1024px) 100vw, 1024px\" \/><\/a><\/figure>\n","protected":false},"excerpt":{"rendered":"<p>El 14 de noviembre, d\u00eda mundial de la diabetes El lanzamiento de DiabetesLATAM se celebrar\u00e1 con una cena denominada Noche Azul, el martes 14 de noviembre, d\u00eda mundial de la diabetes. En el marco de una celebraci\u00f3n tan importante como el d\u00eda mundial de la Diabetes, se hace formal el lanzamiento de la Fundaci\u00f3n DiabetesLATAM [&hellip;]<\/p>\n","protected":false},"author":3,"featured_media":6822,"comment_status":"open","ping_status":"open","sticky":false,"template":"","format":"standard","meta":{"footnotes":""},"categories":[36,45],"tags":[],"class_list":["post-6819","post","type-post","status-publish","format-standard","has-post-thumbnail","hentry","category-nacionales","category-salud"],"_links":{"self":[{"href":"https:\/\/alminutonoticia.com\/noticias\/wp-json\/wp\/v2\/posts\/6819","targetHints":{"allow":["GET"]}}],"collection":[{"href":"https:\/\/alminutonoticia.com\/noticias\/wp-json\/wp\/v2\/posts"}],"about":[{"href":"https:\/\/alminutonoticia.com\/noticias\/wp-json\/wp\/v2\/types\/post"}],"author":[{"embeddable":true,"href":"https:\/\/alminutonoticia.com\/noticias\/wp-json\/wp\/v2\/users\/3"}],"replies":[{"embeddable":true,"href":"https:\/\/alminutonoticia.com\/noticias\/wp-json\/wp\/v2\/comments?post=6819"}],"version-history":[{"count":1,"href":"https:\/\/alminutonoticia.com\/noticias\/wp-json\/wp\/v2\/posts\/6819\/revisions"}],"predecessor-version":[{"id":6823,"href":"https:\/\/alminutonoticia.com\/noticias\/wp-json\/wp\/v2\/posts\/6819\/revisions\/6823"}],"wp:featuredmedia":[{"embeddable":true,"href":"https:\/\/alminutonoticia.com\/noticias\/wp-json\/wp\/v2\/media\/6822"}],"wp:attachment":[{"href":"https:\/\/alminutonoticia.com\/noticias\/wp-json\/wp\/v2\/media?parent=6819"}],"wp:term":[{"taxonomy":"category","embeddable":true,"href":"https:\/\/alminutonoticia.com\/noticias\/wp-json\/wp\/v2\/categories?post=6819"},{"taxonomy":"post_tag","embeddable":true,"href":"https:\/\/alminutonoticia.com\/noticias\/wp-json\/wp\/v2\/tags?post=6819"}],"curies":[{"name":"wp","href":"https:\/\/api.w.org\/{rel}","templated":true}]}}