{"id":6807,"date":"2023-11-15T11:18:14","date_gmt":"2023-11-15T11:18:14","guid":{"rendered":"https:\/\/alminutonoticia.com\/noticias\/?p=6807"},"modified":"2023-11-15T11:18:15","modified_gmt":"2023-11-15T11:18:15","slug":"ministerio-publico-presentara-recurso-de-apelacion-en-blue-apple-confirma-caraballo","status":"publish","type":"post","link":"https:\/\/alminutonoticia.com\/noticias\/ministerio-publico-presentara-recurso-de-apelacion-en-blue-apple-confirma-caraballo\/","title":{"rendered":"Ministerio P\u00fablico presentar\u00e1 recurso de apelaci\u00f3n en Blue Apple, confirma Caraballo"},"content":{"rendered":"\n<p>El procurador general de la naci\u00f3n, Javier Caraballo, en horas de la tarde de este martes, 14 de noviembre se pronunci\u00f3 acerca de la reci\u00e9n sentencia a 23 imputados por el caso Blue Apple, emitida por&nbsp;el Juzgado Segundo Liquidador de Causas Penales del Primer Circuito Judicial de Panam\u00e1.<\/p>\n\n\n\n<p>El jefe de la Procuradur\u00eda General de la Naci\u00f3n expres\u00f3 que donde el recurso de apelaci\u00f3n para algunas personas implicadas que fueron absueltas<strong>.<\/strong><em>&nbsp;\u00abEstamos bastante satisfechos con la condena, no obstante, estamos analizando respecto a las absoluciones que las pruebas en su contra son contundentes\u00bb<\/em>.<\/p>\n\n\n\n<p>En este sentido, el fiscal Aurelio V\u00e1squez, quien represent\u00f3 al Ministerio P\u00fablico en el juicio indic\u00f3 que&nbsp;dicho asunto ser\u00e1 estudiado por los fiscales anticorrupci\u00f3n.<\/p>\n\n\n\n<p>\u00abA pesar de estar satisfecho con la sentencia, el equipo de la Procuradur\u00eda General de la Naci\u00f3n eval\u00faa ese recurso de apelaci\u00f3n de la sentencia de absoluci\u00f3n de personas dictada por la jueza segunda Liquidadora de Causas Penales, Baloisa Marqu\u00ednez, va a ser valorado por el grupo de fiscales Anticorrupci\u00f3n del Ministerio P\u00fablico \u201cporque se trata de una sentencia de 237 p\u00e1ginas\u201d, a\u00f1adi\u00f3<\/p>\n\n\n\n<p>Cabe destacar que la investigaci\u00f3n del caso Blue Apple dio inicio el 30 de octubre de 2017 y la misma se refiere a la sociedad an\u00f3nima \u201cBlue Apple\u201d que, presuntamente,<strong>\u00a0<\/strong>fue creada con el prop\u00f3sito de recibir dinero de coimas y sobornos provenientes de contratos con el Estado paname\u00f1o.<\/p>\n\n\n\n<figure class=\"wp-block-image size-full\"><a href=\"https:\/\/alminutonoticia.com\/noticias\/wp-content\/uploads\/2023\/11\/casita-porras-ministerio-publico-panama.jpg\"><img fetchpriority=\"high\" decoding=\"async\" width=\"1015\" height=\"693\" src=\"https:\/\/alminutonoticia.com\/noticias\/wp-content\/uploads\/2023\/11\/casita-porras-ministerio-publico-panama.jpg\" alt=\"\" class=\"wp-image-6808\" title=\"\" srcset=\"https:\/\/alminutonoticia.com\/noticias\/wp-content\/uploads\/2023\/11\/casita-porras-ministerio-publico-panama.jpg 1015w, https:\/\/alminutonoticia.com\/noticias\/wp-content\/uploads\/2023\/11\/casita-porras-ministerio-publico-panama-300x205.jpg 300w, https:\/\/alminutonoticia.com\/noticias\/wp-content\/uploads\/2023\/11\/casita-porras-ministerio-publico-panama-768x524.jpg 768w\" sizes=\"(max-width: 1015px) 100vw, 1015px\" \/><\/a><\/figure>\n","protected":false},"excerpt":{"rendered":"<p>El procurador general de la naci\u00f3n, Javier Caraballo, en horas de la tarde de este martes, 14 de noviembre se pronunci\u00f3 acerca de la reci\u00e9n sentencia a 23 imputados por el caso Blue Apple, emitida por&nbsp;el Juzgado Segundo Liquidador de Causas Penales del Primer Circuito Judicial de Panam\u00e1. El jefe de la Procuradur\u00eda General de [&hellip;]<\/p>\n","protected":false},"author":3,"featured_media":6808,"comment_status":"open","ping_status":"open","sticky":false,"template":"","format":"standard","meta":{"footnotes":""},"categories":[36],"tags":[],"class_list":["post-6807","post","type-post","status-publish","format-standard","has-post-thumbnail","hentry","category-nacionales"],"_links":{"self":[{"href":"https:\/\/alminutonoticia.com\/noticias\/wp-json\/wp\/v2\/posts\/6807","targetHints":{"allow":["GET"]}}],"collection":[{"href":"https:\/\/alminutonoticia.com\/noticias\/wp-json\/wp\/v2\/posts"}],"about":[{"href":"https:\/\/alminutonoticia.com\/noticias\/wp-json\/wp\/v2\/types\/post"}],"author":[{"embeddable":true,"href":"https:\/\/alminutonoticia.com\/noticias\/wp-json\/wp\/v2\/users\/3"}],"replies":[{"embeddable":true,"href":"https:\/\/alminutonoticia.com\/noticias\/wp-json\/wp\/v2\/comments?post=6807"}],"version-history":[{"count":1,"href":"https:\/\/alminutonoticia.com\/noticias\/wp-json\/wp\/v2\/posts\/6807\/revisions"}],"predecessor-version":[{"id":6809,"href":"https:\/\/alminutonoticia.com\/noticias\/wp-json\/wp\/v2\/posts\/6807\/revisions\/6809"}],"wp:featuredmedia":[{"embeddable":true,"href":"https:\/\/alminutonoticia.com\/noticias\/wp-json\/wp\/v2\/media\/6808"}],"wp:attachment":[{"href":"https:\/\/alminutonoticia.com\/noticias\/wp-json\/wp\/v2\/media?parent=6807"}],"wp:term":[{"taxonomy":"category","embeddable":true,"href":"https:\/\/alminutonoticia.com\/noticias\/wp-json\/wp\/v2\/categories?post=6807"},{"taxonomy":"post_tag","embeddable":true,"href":"https:\/\/alminutonoticia.com\/noticias\/wp-json\/wp\/v2\/tags?post=6807"}],"curies":[{"name":"wp","href":"https:\/\/api.w.org\/{rel}","templated":true}]}}