{"id":6795,"date":"2023-11-15T11:05:35","date_gmt":"2023-11-15T11:05:35","guid":{"rendered":"https:\/\/alminutonoticia.com\/noticias\/?p=6795"},"modified":"2023-11-15T11:05:39","modified_gmt":"2023-11-15T11:05:39","slug":"pacientes-oncologicos-de-chiriqui-podran-recuperar-citas-perdidas","status":"publish","type":"post","link":"https:\/\/alminutonoticia.com\/noticias\/pacientes-oncologicos-de-chiriqui-podran-recuperar-citas-perdidas\/","title":{"rendered":"Pacientes oncol\u00f3gicos de Chiriqu\u00ed podr\u00e1n recuperar citas perdidas\u00a0"},"content":{"rendered":"\n<p>Para reagendar las citas de pacientes oncol\u00f3gicos que no pudieron recibir sus tratamientos por los cierres de v\u00edas, la Caja de Seguro Social en Chiriqu\u00ed coordina un plan de recuperaci\u00f3n con el Instituto Oncol\u00f3gico Nacional (ION), inform\u00f3 el director m\u00e9dico institucional de la CSS en esa provincia, Dr. Jos\u00e9 Daniel Salda\u00f1a.<\/p>\n\n\n\n<p>\u201cEstamos haciendo la apertura, el diagn\u00f3stico de aquellos pacientes que por alguna causa no pudieron acudir al Oncol\u00f3gico a sus citas o tratamientos, para reagendarlas. Ya negociamos con el doctor Carlos Alcedo, director del Oncol\u00f3gico Panam\u00e1\u201d, precis\u00f3 el Dr. Salda\u00f1a.<\/p>\n\n\n\n<p>Subray\u00f3 que cada paciente que retrasa su tratamiento, tiene un riesgo, y por ello, se buscan mecanismos para ayudarles a acudir a sus citas.<\/p>\n\n\n\n<p>Salda\u00f1a precis\u00f3 que entre 10 y 12 pacientes de Volc\u00e1n y Puerto Armuelles que no pudieron acudir a sus citas, desde el 23 de octubre, por lo dif\u00edcil de la situaci\u00f3n actual, ser\u00e1n los primeros en esta estrategia.<\/p>\n\n\n\n<p>\u201cDesesperaci\u00f3n\u201d muestran los pacientes que han perdido sus citas, entre ellos, los de Oncolog\u00eda, afirm\u00f3 el presidente del Comit\u00e9 de Protecci\u00f3n al Paciente y Familiares.<\/p>\n\n\n\n<p>Detall\u00f3 que se coordina para que los pacientes recuperen las citas perdidas y para que aquellos que deben acudir en los pr\u00f3ximos d\u00edas, lo hagan a tiempo.<\/p>\n\n\n\n<p>Esta estrategia se realiza en conjunto con los ministerios de Seguridad y Salud, el Centro Oncol\u00f3gico y la Caja de Seguro Social.<\/p>\n\n\n\n<p><\/p>\n\n\n\n<figure class=\"wp-block-image size-full is-resized\"><a href=\"https:\/\/alminutonoticia.com\/noticias\/wp-content\/uploads\/2023\/11\/WhatsApp-Image-2023-11-14-at-2.08.17-PM-1.jpeg\"><img fetchpriority=\"high\" decoding=\"async\" width=\"768\" height=\"431\" src=\"https:\/\/alminutonoticia.com\/noticias\/wp-content\/uploads\/2023\/11\/WhatsApp-Image-2023-11-14-at-2.08.17-PM-1.jpeg\" alt=\"\" class=\"wp-image-6796\" style=\"width:840px;height:auto\" title=\"\" srcset=\"https:\/\/alminutonoticia.com\/noticias\/wp-content\/uploads\/2023\/11\/WhatsApp-Image-2023-11-14-at-2.08.17-PM-1.jpeg 768w, https:\/\/alminutonoticia.com\/noticias\/wp-content\/uploads\/2023\/11\/WhatsApp-Image-2023-11-14-at-2.08.17-PM-1-300x168.jpeg 300w\" sizes=\"(max-width: 768px) 100vw, 768px\" \/><\/a><\/figure>\n\n\n\n\n\n<figure class=\"wp-block-image size-full\"><a href=\"https:\/\/alminutonoticia.com\/noticias\/wp-content\/uploads\/2023\/11\/WhatsApp-Image-2023-11-14-at-2.08.17-PM.jpeg\"><img decoding=\"async\" width=\"768\" height=\"432\" src=\"https:\/\/alminutonoticia.com\/noticias\/wp-content\/uploads\/2023\/11\/WhatsApp-Image-2023-11-14-at-2.08.17-PM.jpeg\" alt=\"\" class=\"wp-image-6797\" title=\"\" srcset=\"https:\/\/alminutonoticia.com\/noticias\/wp-content\/uploads\/2023\/11\/WhatsApp-Image-2023-11-14-at-2.08.17-PM.jpeg 768w, https:\/\/alminutonoticia.com\/noticias\/wp-content\/uploads\/2023\/11\/WhatsApp-Image-2023-11-14-at-2.08.17-PM-300x169.jpeg 300w\" sizes=\"(max-width: 768px) 100vw, 768px\" \/><\/a><\/figure>\n","protected":false},"excerpt":{"rendered":"<p>Para reagendar las citas de pacientes oncol\u00f3gicos que no pudieron recibir sus tratamientos por los cierres de v\u00edas, la Caja de Seguro Social en Chiriqu\u00ed coordina un plan de recuperaci\u00f3n con el Instituto Oncol\u00f3gico Nacional (ION), inform\u00f3 el director m\u00e9dico institucional de la CSS en esa provincia, Dr. Jos\u00e9 Daniel Salda\u00f1a. \u201cEstamos haciendo la apertura, [&hellip;]<\/p>\n","protected":false},"author":3,"featured_media":6797,"comment_status":"open","ping_status":"open","sticky":false,"template":"","format":"standard","meta":{"footnotes":""},"categories":[36,45],"tags":[],"class_list":["post-6795","post","type-post","status-publish","format-standard","has-post-thumbnail","hentry","category-nacionales","category-salud"],"_links":{"self":[{"href":"https:\/\/alminutonoticia.com\/noticias\/wp-json\/wp\/v2\/posts\/6795","targetHints":{"allow":["GET"]}}],"collection":[{"href":"https:\/\/alminutonoticia.com\/noticias\/wp-json\/wp\/v2\/posts"}],"about":[{"href":"https:\/\/alminutonoticia.com\/noticias\/wp-json\/wp\/v2\/types\/post"}],"author":[{"embeddable":true,"href":"https:\/\/alminutonoticia.com\/noticias\/wp-json\/wp\/v2\/users\/3"}],"replies":[{"embeddable":true,"href":"https:\/\/alminutonoticia.com\/noticias\/wp-json\/wp\/v2\/comments?post=6795"}],"version-history":[{"count":1,"href":"https:\/\/alminutonoticia.com\/noticias\/wp-json\/wp\/v2\/posts\/6795\/revisions"}],"predecessor-version":[{"id":6798,"href":"https:\/\/alminutonoticia.com\/noticias\/wp-json\/wp\/v2\/posts\/6795\/revisions\/6798"}],"wp:featuredmedia":[{"embeddable":true,"href":"https:\/\/alminutonoticia.com\/noticias\/wp-json\/wp\/v2\/media\/6797"}],"wp:attachment":[{"href":"https:\/\/alminutonoticia.com\/noticias\/wp-json\/wp\/v2\/media?parent=6795"}],"wp:term":[{"taxonomy":"category","embeddable":true,"href":"https:\/\/alminutonoticia.com\/noticias\/wp-json\/wp\/v2\/categories?post=6795"},{"taxonomy":"post_tag","embeddable":true,"href":"https:\/\/alminutonoticia.com\/noticias\/wp-json\/wp\/v2\/tags?post=6795"}],"curies":[{"name":"wp","href":"https:\/\/api.w.org\/{rel}","templated":true}]}}