{"id":6788,"date":"2023-11-15T10:56:49","date_gmt":"2023-11-15T10:56:49","guid":{"rendered":"https:\/\/alminutonoticia.com\/noticias\/?p=6788"},"modified":"2023-11-15T10:56:50","modified_gmt":"2023-11-15T10:56:50","slug":"conapro-atiende-a-11-familias-afectadas-por-incendio-en-guna-yala","status":"publish","type":"post","link":"https:\/\/alminutonoticia.com\/noticias\/conapro-atiende-a-11-familias-afectadas-por-incendio-en-guna-yala\/","title":{"rendered":"Conapro atiende a 11 familias afectadas por incendio en Guna Yala"},"content":{"rendered":"\n<p>Once familias ind\u00edgenas, que perdieron en totalidad sus casas y enseres en la comarca Guna Yala, recibieron atenci\u00f3n por parte de la Direcci\u00f3n Nacional de Coordinaci\u00f3n de Proyectos y Asuntos Comunitarios (Conapro) del Ministerio de Vivienda y Ordenamiento Territorial (Miviot).<\/p>\n\n\n\n<p>Un equipo de t\u00e9cnicos, encabezado por la directora general de Conapro, Vielka Montenegro, se traslad\u00f3 a la localidad comarcal Isla Naranjo Chico, en el corregimiento Naranjo Chico, en Nargan\u00e1 cabecera, para inspeccionar y evaluar los da\u00f1os y afectaciones a las residencias producto de una contingencia (incendio), ocurrida el pasado 19 de octubre.<\/p>\n\n\n\n<p>El siniestro ocasion\u00f3 da\u00f1os a 11 viviendas o chozas familiares de uso m\u00faltiple sin divisiones, construidas con techos de penca y zinc, y cubiertas de ca\u00f1a blanca, ramas y madera vieja, as\u00ed como se registraron otras afectaciones estructurales a tres locales comunales que albergaba la Casa del Congreso, Casa de la Chicha y el dep\u00f3sito.<\/p>\n\n\n\n<p>El voraz incendio, que se esparci\u00f3 r\u00e1pidamente, consumi\u00f3 en totalidad las fr\u00e1giles casas dentro de un per\u00edmetro de la isla edificadas en su mayor\u00eda con penca y ca\u00f1a, y dejando como resultado 82 personas damnificadas (menores, j\u00f3venes, adultos y adultos mayores), quienes perdieron todos sus enseres, ropa, art\u00edculos y bienes.<\/p>\n\n\n\n<p>De acuerdo con el informe levantado por Conapro, entre las familias damnificadas por el siniestro aparecen: Claudino Hern\u00e1ndez, de 37 a\u00f1os; Isa\u00edas L\u00f3pez, de 50 a\u00f1os; Manuela Hacking, de 70 a\u00f1os; Randi Arias, de 70 a\u00f1os; Abenicio Wilson, de 52 a\u00f1os; Raulino Calvo, de 37 a\u00f1os; Nodiel Wilson de 43 a\u00f1os; Alion P\u00e9rez, de 33 a\u00f1os; Franky Bill, de 65 a\u00f1os, Thomas Morris, de 49 a\u00f1os y Ezequiel Quillen, de 38 a\u00f1os.<\/p>\n\n\n\n<p>La inspecci\u00f3n t\u00e9cnica por contingencia determin\u00f3 da\u00f1os a la losa de \u201cmetaldeck\u201d con posible colapso de las estructuras de algunas viviendas de concreto, carriolas y zinc, mientras otras sufrieron p\u00e9rdida completa sobre todo aquellas de dos pisos construidas con materiales perecederos (vigas de madera, columnas de palo redondo y tubos, paredes de ca\u00f1a, penca y zinc).<\/p>\n\n\n\n<p>Conapro es la encargada al momento de ocurrir una contingencia en el pa\u00eds (incendio, inundaci\u00f3n, deslave, ca\u00edda de \u00e1rbol y otros) de realizar todos los esfuerzos y evaluar en el lugar de los hechos los da\u00f1os t\u00e9cnicos, as\u00ed como estructurales y lograr en el menor tiempo posible garantizar un techo seguro y confiable a las familias afectadas y m\u00e1s vulnerables.<\/p>\n\n\n\n<figure class=\"wp-block-image size-large\"><a href=\"https:\/\/alminutonoticia.com\/noticias\/wp-content\/uploads\/2023\/11\/IMG-20231101-WA0187.jpg\"><img fetchpriority=\"high\" decoding=\"async\" width=\"768\" height=\"1024\" src=\"https:\/\/alminutonoticia.com\/noticias\/wp-content\/uploads\/2023\/11\/IMG-20231101-WA0187-768x1024.jpg\" alt=\"\" class=\"wp-image-6789\" title=\"\" srcset=\"https:\/\/alminutonoticia.com\/noticias\/wp-content\/uploads\/2023\/11\/IMG-20231101-WA0187-768x1024.jpg 768w, https:\/\/alminutonoticia.com\/noticias\/wp-content\/uploads\/2023\/11\/IMG-20231101-WA0187-225x300.jpg 225w, https:\/\/alminutonoticia.com\/noticias\/wp-content\/uploads\/2023\/11\/IMG-20231101-WA0187-1152x1536.jpg 1152w, https:\/\/alminutonoticia.com\/noticias\/wp-content\/uploads\/2023\/11\/IMG-20231101-WA0187.jpg 1200w\" sizes=\"(max-width: 768px) 100vw, 768px\" \/><\/a><\/figure>\n\n\n\n<figure class=\"wp-block-image size-large\"><a href=\"https:\/\/alminutonoticia.com\/noticias\/wp-content\/uploads\/2023\/11\/IMG-20231101-WA0186.jpg\"><img decoding=\"async\" width=\"768\" height=\"1024\" src=\"https:\/\/alminutonoticia.com\/noticias\/wp-content\/uploads\/2023\/11\/IMG-20231101-WA0186-768x1024.jpg\" alt=\"\" class=\"wp-image-6790\" title=\"\" srcset=\"https:\/\/alminutonoticia.com\/noticias\/wp-content\/uploads\/2023\/11\/IMG-20231101-WA0186-768x1024.jpg 768w, https:\/\/alminutonoticia.com\/noticias\/wp-content\/uploads\/2023\/11\/IMG-20231101-WA0186-225x300.jpg 225w, https:\/\/alminutonoticia.com\/noticias\/wp-content\/uploads\/2023\/11\/IMG-20231101-WA0186-1152x1536.jpg 1152w, https:\/\/alminutonoticia.com\/noticias\/wp-content\/uploads\/2023\/11\/IMG-20231101-WA0186.jpg 1200w\" sizes=\"(max-width: 768px) 100vw, 768px\" \/><\/a><\/figure>\n\n\n\n<figure class=\"wp-block-image size-large\"><a href=\"https:\/\/alminutonoticia.com\/noticias\/wp-content\/uploads\/2023\/11\/IMG-20231101-WA0184.jpg\"><img decoding=\"async\" width=\"768\" height=\"1024\" src=\"https:\/\/alminutonoticia.com\/noticias\/wp-content\/uploads\/2023\/11\/IMG-20231101-WA0184-768x1024.jpg\" alt=\"\" class=\"wp-image-6791\" title=\"\" srcset=\"https:\/\/alminutonoticia.com\/noticias\/wp-content\/uploads\/2023\/11\/IMG-20231101-WA0184-768x1024.jpg 768w, https:\/\/alminutonoticia.com\/noticias\/wp-content\/uploads\/2023\/11\/IMG-20231101-WA0184-225x300.jpg 225w, https:\/\/alminutonoticia.com\/noticias\/wp-content\/uploads\/2023\/11\/IMG-20231101-WA0184-1152x1536.jpg 1152w, https:\/\/alminutonoticia.com\/noticias\/wp-content\/uploads\/2023\/11\/IMG-20231101-WA0184.jpg 1200w\" sizes=\"(max-width: 768px) 100vw, 768px\" \/><\/a><\/figure>\n","protected":false},"excerpt":{"rendered":"<p>Once familias ind\u00edgenas, que perdieron en totalidad sus casas y enseres en la comarca Guna Yala, recibieron atenci\u00f3n por parte de la Direcci\u00f3n Nacional de Coordinaci\u00f3n de Proyectos y Asuntos Comunitarios (Conapro) del Ministerio de Vivienda y Ordenamiento Territorial (Miviot). Un equipo de t\u00e9cnicos, encabezado por la directora general de Conapro, Vielka Montenegro, se traslad\u00f3 [&hellip;]<\/p>\n","protected":false},"author":3,"featured_media":6791,"comment_status":"open","ping_status":"open","sticky":false,"template":"","format":"standard","meta":{"footnotes":""},"categories":[36],"tags":[],"class_list":["post-6788","post","type-post","status-publish","format-standard","has-post-thumbnail","hentry","category-nacionales"],"_links":{"self":[{"href":"https:\/\/alminutonoticia.com\/noticias\/wp-json\/wp\/v2\/posts\/6788","targetHints":{"allow":["GET"]}}],"collection":[{"href":"https:\/\/alminutonoticia.com\/noticias\/wp-json\/wp\/v2\/posts"}],"about":[{"href":"https:\/\/alminutonoticia.com\/noticias\/wp-json\/wp\/v2\/types\/post"}],"author":[{"embeddable":true,"href":"https:\/\/alminutonoticia.com\/noticias\/wp-json\/wp\/v2\/users\/3"}],"replies":[{"embeddable":true,"href":"https:\/\/alminutonoticia.com\/noticias\/wp-json\/wp\/v2\/comments?post=6788"}],"version-history":[{"count":1,"href":"https:\/\/alminutonoticia.com\/noticias\/wp-json\/wp\/v2\/posts\/6788\/revisions"}],"predecessor-version":[{"id":6792,"href":"https:\/\/alminutonoticia.com\/noticias\/wp-json\/wp\/v2\/posts\/6788\/revisions\/6792"}],"wp:featuredmedia":[{"embeddable":true,"href":"https:\/\/alminutonoticia.com\/noticias\/wp-json\/wp\/v2\/media\/6791"}],"wp:attachment":[{"href":"https:\/\/alminutonoticia.com\/noticias\/wp-json\/wp\/v2\/media?parent=6788"}],"wp:term":[{"taxonomy":"category","embeddable":true,"href":"https:\/\/alminutonoticia.com\/noticias\/wp-json\/wp\/v2\/categories?post=6788"},{"taxonomy":"post_tag","embeddable":true,"href":"https:\/\/alminutonoticia.com\/noticias\/wp-json\/wp\/v2\/tags?post=6788"}],"curies":[{"name":"wp","href":"https:\/\/api.w.org\/{rel}","templated":true}]}}