{"id":6776,"date":"2023-10-26T10:52:37","date_gmt":"2023-10-26T10:52:37","guid":{"rendered":"https:\/\/alminutonoticia.com\/noticias\/?p=6776"},"modified":"2023-10-26T10:52:37","modified_gmt":"2023-10-26T10:52:37","slug":"corte-suprema-debe-pronunciar-con-urgencia-sobre-el-contrato-minero-conferencia-episcopal","status":"publish","type":"post","link":"https:\/\/alminutonoticia.com\/noticias\/corte-suprema-debe-pronunciar-con-urgencia-sobre-el-contrato-minero-conferencia-episcopal\/","title":{"rendered":"Corte Suprema debe pronunciar con urgencia sobre el contrato minero: Conferencia Episcopal"},"content":{"rendered":"\n<p>La Conferencia Episcopal Paname\u00f1a solicit\u00f3 en la tarde de este mi\u00e9rcoles 25 de octubre, a la Corte Suprema de Justicia (CSJ) que \u201crevise y se pronuncie urgentemente sobre la inconstitucionalidad de la ley del contrato con Minera Panam\u00e1\u201d.<\/p>\n\n\n\n<p>En un comunicado, el \u00f3rgano suprema de la iglesia cat\u00f3lica en Panam\u00e1 expresa su preocupaci\u00f3n que, \u201ca pocos d\u00edas del mes de la patria, se haya procedido con demasiada celeridad a la aprobaci\u00f3n de un contrato minero por parte de la Asamblea Nacional y la sanci\u00f3n del Ejecutivo, a pesar de los permanentes cuestionamientos de la sociedad. Esto ha crispado los \u00e1nimos de un gran sector de la poblaci\u00f3n, que ha producido una infortunada situaci\u00f3n de confrontaci\u00f3n, represi\u00f3n y violencia\u201d.<\/p>\n\n\n\n<p>Resaltan que \u201cmotivados por la fe y la esperanza en el Dios creador de la vida y de la madre naturaleza, como gu\u00edas de la iglesia cat\u00f3lica, solicitamos se escuche el clamor del pueblo en las calles y que la Corte Suprema de Justicia revise y se pronuncie urgentemente sobre la inconstitucionalidad de la ley del contrato con Minera Panam\u00e1\u201d.<\/p>\n\n\n\n<div class=\"wp-block-columns is-layout-flex wp-container-core-columns-is-layout-28f84493 wp-block-columns-is-layout-flex\">\n<div class=\"wp-block-column is-layout-flow wp-block-column-is-layout-flow\" style=\"flex-basis:100%\">\n<figure class=\"wp-block-image size-full\"><a href=\"https:\/\/alminutonoticia.com\/noticias\/wp-content\/uploads\/2023\/10\/WhatsApp-Image-2023-10-25-at-4.47.32-PM.jpeg\"><img fetchpriority=\"high\" decoding=\"async\" width=\"806\" height=\"1024\" src=\"https:\/\/alminutonoticia.com\/noticias\/wp-content\/uploads\/2023\/10\/WhatsApp-Image-2023-10-25-at-4.47.32-PM.jpeg\" alt=\"\" class=\"wp-image-6778\" title=\"\" srcset=\"https:\/\/alminutonoticia.com\/noticias\/wp-content\/uploads\/2023\/10\/WhatsApp-Image-2023-10-25-at-4.47.32-PM.jpeg 806w, https:\/\/alminutonoticia.com\/noticias\/wp-content\/uploads\/2023\/10\/WhatsApp-Image-2023-10-25-at-4.47.32-PM-236x300.jpeg 236w, https:\/\/alminutonoticia.com\/noticias\/wp-content\/uploads\/2023\/10\/WhatsApp-Image-2023-10-25-at-4.47.32-PM-768x976.jpeg 768w\" sizes=\"(max-width: 806px) 100vw, 806px\" \/><\/a><\/figure>\n\n\n\n<figure class=\"wp-block-image size-full\"><a href=\"https:\/\/alminutonoticia.com\/noticias\/wp-content\/uploads\/2023\/10\/WhatsApp-Image-2023-10-25-at-4.47.30-PM-1.jpeg\"><img decoding=\"async\" width=\"764\" height=\"1024\" src=\"https:\/\/alminutonoticia.com\/noticias\/wp-content\/uploads\/2023\/10\/WhatsApp-Image-2023-10-25-at-4.47.30-PM-1.jpeg\" alt=\"\" class=\"wp-image-6779\" title=\"\" srcset=\"https:\/\/alminutonoticia.com\/noticias\/wp-content\/uploads\/2023\/10\/WhatsApp-Image-2023-10-25-at-4.47.30-PM-1.jpeg 764w, https:\/\/alminutonoticia.com\/noticias\/wp-content\/uploads\/2023\/10\/WhatsApp-Image-2023-10-25-at-4.47.30-PM-1-224x300.jpeg 224w\" sizes=\"(max-width: 764px) 100vw, 764px\" \/><\/a><\/figure>\n<\/div>\n<\/div>\n\n\n\n<p>Indican que el modelo consumista y extractivista que \u201cgenera graves da\u00f1os para la vida humana y el medio ambiente, si bien genera mucho dinero; no contribuye al desarrollo humano integral, de pol\u00edticas que aseguren la protecci\u00f3n y conservaci\u00f3n d nuestros m\u00e1s valiosos recursos. Poner el bienestar econ\u00f3mico por encima de la vida es un grave error\u201d.<\/p>\n\n\n\n<p>Como Iglesia reconocen la complejidad de la situaci\u00f3n actual y reiteran que \u201cla protesta social pac\u00edfica es un leg\u00edtimo derecho que hist\u00f3ricamente se ha ejercido de m\u00faltiples formas. Con represi\u00f3n, amenazas, heridos, presos y violencia no vamos a arreglar nada. Este derecho hay que protegerlo de actos vand\u00e1licos y de los delincuentes. Busquemos los caminos de paz\u201d, destaca la nota.<\/p>\n\n\n\n<p>Dicha nota es firmada por Rafael Valdivieso, obispo de Chitr\u00e9 y presidente de la Conferencia Episcopal Paname\u00f1a; Jos\u00e9 Domingo Ulloa, arzobispo Metropolitano; Manuel Ochogav\u00eda, obispo de la di\u00f3cesis de Col\u00f3n Kuna Yala; Edgardo Cede\u00f1o, obispo de Penonom\u00e9; Cardenal Jos\u00e9 Luis Lacunza, obispo de David; Pedro Hern\u00e1ndez, obispo del Vicariato de Dari\u00e9n; Audilio Aguilar, obispo de Santiago y An\u00edbal Salda\u00f1a, obispo prelado de Bocas del Toro.<\/p>\n\n\n\n<figure class=\"wp-block-image size-full\"><a href=\"https:\/\/alminutonoticia.com\/noticias\/wp-content\/uploads\/2023\/10\/Asamblea-julio-7-2023-a-865x576-1.jpg\"><img decoding=\"async\" width=\"865\" height=\"576\" src=\"https:\/\/alminutonoticia.com\/noticias\/wp-content\/uploads\/2023\/10\/Asamblea-julio-7-2023-a-865x576-1.jpg\" alt=\"\" class=\"wp-image-6777\" title=\"\" srcset=\"https:\/\/alminutonoticia.com\/noticias\/wp-content\/uploads\/2023\/10\/Asamblea-julio-7-2023-a-865x576-1.jpg 865w, https:\/\/alminutonoticia.com\/noticias\/wp-content\/uploads\/2023\/10\/Asamblea-julio-7-2023-a-865x576-1-300x200.jpg 300w, https:\/\/alminutonoticia.com\/noticias\/wp-content\/uploads\/2023\/10\/Asamblea-julio-7-2023-a-865x576-1-768x511.jpg 768w\" sizes=\"(max-width: 865px) 100vw, 865px\" \/><\/a><\/figure>\n\n\n","protected":false},"excerpt":{"rendered":"<p>La Conferencia Episcopal Paname\u00f1a solicit\u00f3 en la tarde de este mi\u00e9rcoles 25 de octubre, a la Corte Suprema de Justicia (CSJ) que \u201crevise y se pronuncie urgentemente sobre la inconstitucionalidad de la ley del contrato con Minera Panam\u00e1\u201d. En un comunicado, el \u00f3rgano suprema de la iglesia cat\u00f3lica en Panam\u00e1 expresa su preocupaci\u00f3n que, \u201ca [&hellip;]<\/p>\n","protected":false},"author":3,"featured_media":6777,"comment_status":"open","ping_status":"open","sticky":false,"template":"","format":"standard","meta":{"footnotes":""},"categories":[36],"tags":[],"class_list":["post-6776","post","type-post","status-publish","format-standard","has-post-thumbnail","hentry","category-nacionales"],"_links":{"self":[{"href":"https:\/\/alminutonoticia.com\/noticias\/wp-json\/wp\/v2\/posts\/6776","targetHints":{"allow":["GET"]}}],"collection":[{"href":"https:\/\/alminutonoticia.com\/noticias\/wp-json\/wp\/v2\/posts"}],"about":[{"href":"https:\/\/alminutonoticia.com\/noticias\/wp-json\/wp\/v2\/types\/post"}],"author":[{"embeddable":true,"href":"https:\/\/alminutonoticia.com\/noticias\/wp-json\/wp\/v2\/users\/3"}],"replies":[{"embeddable":true,"href":"https:\/\/alminutonoticia.com\/noticias\/wp-json\/wp\/v2\/comments?post=6776"}],"version-history":[{"count":1,"href":"https:\/\/alminutonoticia.com\/noticias\/wp-json\/wp\/v2\/posts\/6776\/revisions"}],"predecessor-version":[{"id":6780,"href":"https:\/\/alminutonoticia.com\/noticias\/wp-json\/wp\/v2\/posts\/6776\/revisions\/6780"}],"wp:featuredmedia":[{"embeddable":true,"href":"https:\/\/alminutonoticia.com\/noticias\/wp-json\/wp\/v2\/media\/6777"}],"wp:attachment":[{"href":"https:\/\/alminutonoticia.com\/noticias\/wp-json\/wp\/v2\/media?parent=6776"}],"wp:term":[{"taxonomy":"category","embeddable":true,"href":"https:\/\/alminutonoticia.com\/noticias\/wp-json\/wp\/v2\/categories?post=6776"},{"taxonomy":"post_tag","embeddable":true,"href":"https:\/\/alminutonoticia.com\/noticias\/wp-json\/wp\/v2\/tags?post=6776"}],"curies":[{"name":"wp","href":"https:\/\/api.w.org\/{rel}","templated":true}]}}