{"id":6766,"date":"2023-10-25T20:11:20","date_gmt":"2023-10-25T20:11:20","guid":{"rendered":"https:\/\/alminutonoticia.com\/noticias\/?p=6766"},"modified":"2023-10-25T20:11:21","modified_gmt":"2023-10-25T20:11:21","slug":"alianza-evangelica-de-panama-hace-un-llamado-a-la-sensatez-reflexion-y-la-calma","status":"publish","type":"post","link":"https:\/\/alminutonoticia.com\/noticias\/alianza-evangelica-de-panama-hace-un-llamado-a-la-sensatez-reflexion-y-la-calma\/","title":{"rendered":"Alianza Evang\u00e9lica de Panam\u00e1 hace un llamado a la sensatez, reflexi\u00f3n y la calma"},"content":{"rendered":"\n<p>En los \u00faltimos d\u00edas la Rep\u00fablica de Panam\u00e1 ha venido atravesando por momentos muy dif\u00edciles, que lamentablemente ha dado paso al cierre de calles y carreteras, protestas y otras expresiones que han surgido como resultado de la aprobaci\u00f3n del Contrato entre la Compa\u00f1\u00eda Minera First Quantum y la Rep\u00fablica de Panam\u00e1.<\/p>\n\n\n\n<p>En virtud de lo se\u00f1alado la Alianza Evang\u00e9lica de Panam\u00e1 hace un llamado a la sensatez, la reflexi\u00f3n y la calma, con la absoluta seguridad de que, si pedimos la sabidur\u00eda, la guianza y la direcci\u00f3n del Se\u00f1or, podemos encontrar v\u00edas de entendimiento<\/p>\n\n\n\n<p>Dara solucionar esta dif\u00edcil situaci\u00f3n que enfrentamos.<\/p>\n\n\n\n<p>Si analizamos la historia de la humanidad, el di\u00e1logo y la sensatez siempre han triunfado por encima de la insensatez, la violencia y la incomprensi\u00f3n.<\/p>\n\n\n\n<p>Es por eso que instamos al Gobierno Nacional y a todas las partes que est\u00e1n protestando en estos momentos a tomar acciones inmediatas para detener la escalada de violencia.<br>antes de que se desborden las pasiones, se pierdan valiosas vidas humanas y se le haga un da\u00f1o irreversible a la econom\u00eda del pa\u00eds, con lo cual se afecta principalmente a miles de paname\u00f1os que dependen de la econom\u00eda informal para llevar el sustento diario a sus hogares.<\/p>\n\n\n\n<p>En julio del a\u00f1o 2022 la Alianza Evang\u00e9lica de Panam\u00e1, junto con la Iglesia Cat\u00f3lica y el Comit\u00e9 Ecum\u00e9nico de Panam\u00e1 participamos de una mesa de di\u00e1logo con el prop\u00f3sito de coadyuvar a la b\u00fasqueda de soluciones frente a importantes reclamaciones hechas por amplios sectores de la sociedad paname\u00f1a, integrado por nuestros Grupos Aut\u00f3ctonos, Educadores y otros integrantes de las fuerzas vivas del pa\u00eds; y estamos dispuestos a volver a sentarnos con el Gobierno Nacional y con los sectores que est\u00e9n dispuestos a sentarse para dialogar y encontrar una salida negociada a esta dif\u00edcil situaci\u00f3n que enfrentamos.<\/p>\n\n\n\n<p>Las guerras y los conflictos m\u00e1s graves que la humanidad ha tenido que enfrentar se han solucionado mediante el di\u00e1logo y la negociaci\u00f3n, y estamos seguros que la forma<br>menos traum\u00e1tica de solucionar la situaci\u00f3n que enfrentamos en estos momentos es por<br>medio de un di\u00e1logo sin ninguna precondici\u00f3n.<br>Convocamos por este medio, a toda la Iglesia Cristiana en general como Cuerpo de Cristo, a los diferentes Presidentes y Miembros Conciliares, a los Ministerios Eclesi\u00e1sticos, Ministerios Paracclesi\u00e1sticos, Cap\u00edtulos Regionales y Comisiones de la Alianza Evang\u00e9lica de Panam\u00e1, a jornadas de ayuno y oraci\u00f3n por la paz de la Rep\u00fablica de Panam\u00e1, basados en 2 Cr\u00f3nicas 7: 14.<\/p>\n\n\n\n<p>\u00abPor nada est\u00e9is afanosos, sino sean conocidas vuestras peticiones delante de Dios en toda oraci\u00f3n y ruego, con acci\u00f3n de gracias. Y la paz de Dios, que sobrepasa todo entendimiento, guardar\u00e1 vuestros corazones y vuestros pensamientos en Cristo Jes\u00fas.\u201d Filipenses 4: 6-7.<br>Dado en la ciudad de Panam\u00e1, Rep\u00fablica de Panam\u00e1, hoy 24 de octubre de 2023.<\/p>\n\n\n\n<p>JUNTA DIRECTIVA DE LA ALIANZA EVANG\u00c9LICA DE PANAM\u00c1<\/p>\n\n\n\n<p>Pastor Priciano Gil H. Pastor Patricio Edgehill<br>Presidente Vicepresidente<\/p>\n\n\n\n<p>Pastora Teresa A. de Pimentel Pastor Luis G\u00f3ndola<br>Secretaria Ejecutiva Secretario de Actas<\/p>\n\n\n\n<p>Pastora Yeni Moreno Castillo Pastor Rogelio Batista<br>Tesorera Vocal<\/p>\n\n\n\n<p>Pastor Napole\u00f3n Vel\u00e1squez<br>Vocal<\/p>\n\n\n\n<figure class=\"wp-block-image size-full\"><a href=\"https:\/\/alminutonoticia.com\/noticias\/wp-content\/uploads\/2023\/10\/WhatsApp-Image-2023-10-25-at-10.14.27-AM-762x1024-1.jpeg\"><img fetchpriority=\"high\" decoding=\"async\" width=\"762\" height=\"1024\" src=\"https:\/\/alminutonoticia.com\/noticias\/wp-content\/uploads\/2023\/10\/WhatsApp-Image-2023-10-25-at-10.14.27-AM-762x1024-1.jpeg\" alt=\"\" class=\"wp-image-6767\" title=\"\" srcset=\"https:\/\/alminutonoticia.com\/noticias\/wp-content\/uploads\/2023\/10\/WhatsApp-Image-2023-10-25-at-10.14.27-AM-762x1024-1.jpeg 762w, https:\/\/alminutonoticia.com\/noticias\/wp-content\/uploads\/2023\/10\/WhatsApp-Image-2023-10-25-at-10.14.27-AM-762x1024-1-223x300.jpeg 223w\" sizes=\"(max-width: 762px) 100vw, 762px\" \/><\/a><\/figure>\n","protected":false},"excerpt":{"rendered":"<p>En los \u00faltimos d\u00edas la Rep\u00fablica de Panam\u00e1 ha venido atravesando por momentos muy dif\u00edciles, que lamentablemente ha dado paso al cierre de calles y carreteras, protestas y otras expresiones que han surgido como resultado de la aprobaci\u00f3n del Contrato entre la Compa\u00f1\u00eda Minera First Quantum y la Rep\u00fablica de Panam\u00e1. En virtud de lo [&hellip;]<\/p>\n","protected":false},"author":3,"featured_media":6767,"comment_status":"open","ping_status":"open","sticky":false,"template":"","format":"standard","meta":{"footnotes":""},"categories":[36],"tags":[],"class_list":["post-6766","post","type-post","status-publish","format-standard","has-post-thumbnail","hentry","category-nacionales"],"_links":{"self":[{"href":"https:\/\/alminutonoticia.com\/noticias\/wp-json\/wp\/v2\/posts\/6766","targetHints":{"allow":["GET"]}}],"collection":[{"href":"https:\/\/alminutonoticia.com\/noticias\/wp-json\/wp\/v2\/posts"}],"about":[{"href":"https:\/\/alminutonoticia.com\/noticias\/wp-json\/wp\/v2\/types\/post"}],"author":[{"embeddable":true,"href":"https:\/\/alminutonoticia.com\/noticias\/wp-json\/wp\/v2\/users\/3"}],"replies":[{"embeddable":true,"href":"https:\/\/alminutonoticia.com\/noticias\/wp-json\/wp\/v2\/comments?post=6766"}],"version-history":[{"count":1,"href":"https:\/\/alminutonoticia.com\/noticias\/wp-json\/wp\/v2\/posts\/6766\/revisions"}],"predecessor-version":[{"id":6768,"href":"https:\/\/alminutonoticia.com\/noticias\/wp-json\/wp\/v2\/posts\/6766\/revisions\/6768"}],"wp:featuredmedia":[{"embeddable":true,"href":"https:\/\/alminutonoticia.com\/noticias\/wp-json\/wp\/v2\/media\/6767"}],"wp:attachment":[{"href":"https:\/\/alminutonoticia.com\/noticias\/wp-json\/wp\/v2\/media?parent=6766"}],"wp:term":[{"taxonomy":"category","embeddable":true,"href":"https:\/\/alminutonoticia.com\/noticias\/wp-json\/wp\/v2\/categories?post=6766"},{"taxonomy":"post_tag","embeddable":true,"href":"https:\/\/alminutonoticia.com\/noticias\/wp-json\/wp\/v2\/tags?post=6766"}],"curies":[{"name":"wp","href":"https:\/\/api.w.org\/{rel}","templated":true}]}}