{"id":6756,"date":"2023-10-25T19:11:32","date_gmt":"2023-10-25T19:11:32","guid":{"rendered":"https:\/\/alminutonoticia.com\/noticias\/?p=6756"},"modified":"2023-10-25T19:11:33","modified_gmt":"2023-10-25T19:11:33","slug":"acodeco-suspende-terminos-administrativos-en-4-oficinas-regionales","status":"publish","type":"post","link":"https:\/\/alminutonoticia.com\/noticias\/acodeco-suspende-terminos-administrativos-en-4-oficinas-regionales\/","title":{"rendered":"Acodeco suspende t\u00e9rminos administrativos en 4 oficinas regionales"},"content":{"rendered":"\n<p>Mediante resoluci\u00f3n n.\u00ba 27 de 24&nbsp;de octubre de 2023, la Autoridad de Protecci\u00f3n al Consumidor y Defensa de la Competencia (Acodeco), orden\u00f3 la suspensi\u00f3n de los t\u00e9rminos administrativos tramitados en las oficinas regionales de Chiriqu\u00ed, Veraguas, Cocl\u00e9 y Col\u00f3n, durante e 25 y 26 de octubre de 2023.<\/p>\n\n\n\n<p>Por lo que se dispone la reprogramaci\u00f3n&nbsp;de todas las audiencias y diligencias programadas para estas dos fechas, en solo estas 4 administraciones regionales de la Acodeco.<\/p>\n\n\n\n<p>La principal raz\u00f3n de esta medida temporal, es debido a que las oficinas de estas 4 regionales se encuentran ubicadas en puntos cercanos donde se desarrollan cierres de calles, lo que imposibilita la legada de las personas a las audiencias programadas y la atenci\u00f3n de los tr\u00e1mites en la Acodeco.<\/p>\n\n\n\n<figure class=\"wp-block-image size-full\"><a href=\"https:\/\/alminutonoticia.com\/noticias\/wp-content\/uploads\/2023\/10\/Acodeco-fachada-1.jpg\"><img fetchpriority=\"high\" decoding=\"async\" width=\"700\" height=\"700\" src=\"https:\/\/alminutonoticia.com\/noticias\/wp-content\/uploads\/2023\/10\/Acodeco-fachada-1.jpg\" alt=\"\" class=\"wp-image-6757\" title=\"\" srcset=\"https:\/\/alminutonoticia.com\/noticias\/wp-content\/uploads\/2023\/10\/Acodeco-fachada-1.jpg 700w, https:\/\/alminutonoticia.com\/noticias\/wp-content\/uploads\/2023\/10\/Acodeco-fachada-1-300x300.jpg 300w, https:\/\/alminutonoticia.com\/noticias\/wp-content\/uploads\/2023\/10\/Acodeco-fachada-1-150x150.jpg 150w\" sizes=\"(max-width: 700px) 100vw, 700px\" \/><\/a><\/figure>\n","protected":false},"excerpt":{"rendered":"<p>Mediante resoluci\u00f3n n.\u00ba 27 de 24&nbsp;de octubre de 2023, la Autoridad de Protecci\u00f3n al Consumidor y Defensa de la Competencia (Acodeco), orden\u00f3 la suspensi\u00f3n de los t\u00e9rminos administrativos tramitados en las oficinas regionales de Chiriqu\u00ed, Veraguas, Cocl\u00e9 y Col\u00f3n, durante e 25 y 26 de octubre de 2023. Por lo que se dispone la reprogramaci\u00f3n&nbsp;de [&hellip;]<\/p>\n","protected":false},"author":3,"featured_media":6757,"comment_status":"open","ping_status":"open","sticky":false,"template":"","format":"standard","meta":{"footnotes":""},"categories":[36],"tags":[],"class_list":["post-6756","post","type-post","status-publish","format-standard","has-post-thumbnail","hentry","category-nacionales"],"_links":{"self":[{"href":"https:\/\/alminutonoticia.com\/noticias\/wp-json\/wp\/v2\/posts\/6756","targetHints":{"allow":["GET"]}}],"collection":[{"href":"https:\/\/alminutonoticia.com\/noticias\/wp-json\/wp\/v2\/posts"}],"about":[{"href":"https:\/\/alminutonoticia.com\/noticias\/wp-json\/wp\/v2\/types\/post"}],"author":[{"embeddable":true,"href":"https:\/\/alminutonoticia.com\/noticias\/wp-json\/wp\/v2\/users\/3"}],"replies":[{"embeddable":true,"href":"https:\/\/alminutonoticia.com\/noticias\/wp-json\/wp\/v2\/comments?post=6756"}],"version-history":[{"count":1,"href":"https:\/\/alminutonoticia.com\/noticias\/wp-json\/wp\/v2\/posts\/6756\/revisions"}],"predecessor-version":[{"id":6758,"href":"https:\/\/alminutonoticia.com\/noticias\/wp-json\/wp\/v2\/posts\/6756\/revisions\/6758"}],"wp:featuredmedia":[{"embeddable":true,"href":"https:\/\/alminutonoticia.com\/noticias\/wp-json\/wp\/v2\/media\/6757"}],"wp:attachment":[{"href":"https:\/\/alminutonoticia.com\/noticias\/wp-json\/wp\/v2\/media?parent=6756"}],"wp:term":[{"taxonomy":"category","embeddable":true,"href":"https:\/\/alminutonoticia.com\/noticias\/wp-json\/wp\/v2\/categories?post=6756"},{"taxonomy":"post_tag","embeddable":true,"href":"https:\/\/alminutonoticia.com\/noticias\/wp-json\/wp\/v2\/tags?post=6756"}],"curies":[{"name":"wp","href":"https:\/\/api.w.org\/{rel}","templated":true}]}}