{"id":6736,"date":"2023-10-23T11:58:07","date_gmt":"2023-10-23T11:58:07","guid":{"rendered":"https:\/\/alminutonoticia.com\/noticias\/?p=6736"},"modified":"2023-10-23T11:58:08","modified_gmt":"2023-10-23T11:58:08","slug":"ante-cierre-de-calles-meduca-suspende-clases-en-colegios-publicos-y-privados-a-nivel-nacional","status":"publish","type":"post","link":"https:\/\/alminutonoticia.com\/noticias\/ante-cierre-de-calles-meduca-suspende-clases-en-colegios-publicos-y-privados-a-nivel-nacional\/","title":{"rendered":"Ante cierre de calles, Meduca suspende clases en colegios p\u00fablicos y privados a nivel nacional"},"content":{"rendered":"\n<p>Ante el cierre de calles por parte de gremios de trabajadores y educadores, en la tarde de este domingo el Ministerio de Educaci\u00f3n (Meduca) anuncia que este lunes 23 de octubre, se suspenden las clases a nivel nacional con el objetivo de salvaguardar a la comunidad educativa y evitar situaciones que pongan en riesgo a la poblaci\u00f3n escolar.<\/p>\n\n\n\n<p>Mediante el comunicado el Meduca exhortamos y solicitamos a todos los miembros de la comunidad educativa a mantener el di\u00e1logo, la comunicaci\u00f3n y reiteramos la importancia de la interacci\u00f3n presencial en los centros educativos.<\/p>\n\n\n\n<p>\u201cMantener el contacto entre docentes y escolares es de suma prioridad, no solo para impulsar el aprendizaje, sino para apoyarlos y asegurar su bienestar integral y socio emocional\u201d, destaca la entidad.<\/p>\n\n\n\n<p>Por \u00faltimo, el Meduca hace un llamado a la comunidad educativa, a velar por la tolerancia, el respeto y el derecho a expresarnos libremente, propiciando una cultura de paz que nos permita culminar el a\u00f1o lectivo 2023 de acuerdo al calendario escolar.<\/p>\n\n\n\n<figure class=\"wp-block-image size-full\"><a href=\"https:\/\/alminutonoticia.com\/noticias\/wp-content\/uploads\/2023\/10\/IMG-20220313-WA0113-1.jpg\"><img fetchpriority=\"high\" decoding=\"async\" width=\"630\" height=\"400\" src=\"https:\/\/alminutonoticia.com\/noticias\/wp-content\/uploads\/2023\/10\/IMG-20220313-WA0113-1.jpg\" alt=\"\" class=\"wp-image-6737\" title=\"\" srcset=\"https:\/\/alminutonoticia.com\/noticias\/wp-content\/uploads\/2023\/10\/IMG-20220313-WA0113-1.jpg 630w, https:\/\/alminutonoticia.com\/noticias\/wp-content\/uploads\/2023\/10\/IMG-20220313-WA0113-1-300x190.jpg 300w\" sizes=\"(max-width: 630px) 100vw, 630px\" \/><\/a><\/figure>\n","protected":false},"excerpt":{"rendered":"<p>Ante el cierre de calles por parte de gremios de trabajadores y educadores, en la tarde de este domingo el Ministerio de Educaci\u00f3n (Meduca) anuncia que este lunes 23 de octubre, se suspenden las clases a nivel nacional con el objetivo de salvaguardar a la comunidad educativa y evitar situaciones que pongan en riesgo a [&hellip;]<\/p>\n","protected":false},"author":3,"featured_media":6737,"comment_status":"open","ping_status":"open","sticky":false,"template":"","format":"standard","meta":{"footnotes":""},"categories":[36],"tags":[],"class_list":["post-6736","post","type-post","status-publish","format-standard","has-post-thumbnail","hentry","category-nacionales"],"_links":{"self":[{"href":"https:\/\/alminutonoticia.com\/noticias\/wp-json\/wp\/v2\/posts\/6736","targetHints":{"allow":["GET"]}}],"collection":[{"href":"https:\/\/alminutonoticia.com\/noticias\/wp-json\/wp\/v2\/posts"}],"about":[{"href":"https:\/\/alminutonoticia.com\/noticias\/wp-json\/wp\/v2\/types\/post"}],"author":[{"embeddable":true,"href":"https:\/\/alminutonoticia.com\/noticias\/wp-json\/wp\/v2\/users\/3"}],"replies":[{"embeddable":true,"href":"https:\/\/alminutonoticia.com\/noticias\/wp-json\/wp\/v2\/comments?post=6736"}],"version-history":[{"count":1,"href":"https:\/\/alminutonoticia.com\/noticias\/wp-json\/wp\/v2\/posts\/6736\/revisions"}],"predecessor-version":[{"id":6738,"href":"https:\/\/alminutonoticia.com\/noticias\/wp-json\/wp\/v2\/posts\/6736\/revisions\/6738"}],"wp:featuredmedia":[{"embeddable":true,"href":"https:\/\/alminutonoticia.com\/noticias\/wp-json\/wp\/v2\/media\/6737"}],"wp:attachment":[{"href":"https:\/\/alminutonoticia.com\/noticias\/wp-json\/wp\/v2\/media?parent=6736"}],"wp:term":[{"taxonomy":"category","embeddable":true,"href":"https:\/\/alminutonoticia.com\/noticias\/wp-json\/wp\/v2\/categories?post=6736"},{"taxonomy":"post_tag","embeddable":true,"href":"https:\/\/alminutonoticia.com\/noticias\/wp-json\/wp\/v2\/tags?post=6736"}],"curies":[{"name":"wp","href":"https:\/\/api.w.org\/{rel}","templated":true}]}}