{"id":661,"date":"2023-01-11T10:09:40","date_gmt":"2023-01-11T10:09:40","guid":{"rendered":"https:\/\/alminutonoticia.com\/noticias\/?p=661"},"modified":"2023-01-11T10:19:01","modified_gmt":"2023-01-11T10:19:01","slug":"te-publica-padron-electoral-preliminar-en-su-web","status":"publish","type":"post","link":"https:\/\/alminutonoticia.com\/noticias\/te-publica-padron-electoral-preliminar-en-su-web\/","title":{"rendered":"TE publica padr\u00f3n electoral preliminar en su web"},"content":{"rendered":"\n<p>Para conocimiento y orientaci\u00f3n de los votantes de los comicios de mayo de 2024, el &nbsp;Tribunal Electoral anuncia que ya est\u00e1&nbsp;en la p\u00e1gina web&nbsp;el&nbsp;<strong>Instructivo para las impugnaciones y reclamaciones al Padr\u00f3n Electoral Preliminar<\/strong>&nbsp;(PEP).<\/p>\n\n\n\n<p>El documento contiene informaci\u00f3n sobre&nbsp;el concepto de&nbsp;residencia electoral&nbsp;como est\u00e1 definido en la ley vigente, periodo para presentar impugnaciones y reclamaciones&nbsp;al PEP&nbsp;y el Padr\u00f3n Electoral&nbsp; Final (PEF), entre otros temas&nbsp;de inter\u00e9s para los ciudadanos.<\/p>\n\n\n\n<p>La direcci\u00f3n es:&nbsp;&nbsp;<a rel=\"noreferrer noopener\" href=\"https:\/\/www.tribunal-electoral.gob.pa\/wp-content\/uploads\/2023\/01\/INSTRUCTIVO-PARA-LAS-IMPUGNACIONES-Y-RECLAMACIONES-AL-PADRON-ELECTORAL-PRELIMINAR-dic20223.pdf\" target=\"_blank\">https:\/\/www.tribunal-electoral.gob.pa\/wp-content\/uploads\/2023\/01\/INSTRUCTIVO-PARA-LAS-IMPUGNACIONES-Y-RECLAMACIONES-AL-PADRON-ELECTORAL-PRELIMINAR-dic20223.pdf<\/a><\/p>\n\n\n\n<figure class=\"wp-block-image size-full\"><a href=\"https:\/\/alminutonoticia.com\/noticias\/wp-content\/uploads\/2023\/01\/WhatsApp-Image-2023-01-10-at-2.04.18-PM-671x1024-1.jpeg\"><img fetchpriority=\"high\" decoding=\"async\" width=\"671\" height=\"1024\" src=\"https:\/\/alminutonoticia.com\/noticias\/wp-content\/uploads\/2023\/01\/WhatsApp-Image-2023-01-10-at-2.04.18-PM-671x1024-1.jpeg\" alt=\"\" class=\"wp-image-663\" title=\"\" srcset=\"https:\/\/alminutonoticia.com\/noticias\/wp-content\/uploads\/2023\/01\/WhatsApp-Image-2023-01-10-at-2.04.18-PM-671x1024-1.jpeg 671w, https:\/\/alminutonoticia.com\/noticias\/wp-content\/uploads\/2023\/01\/WhatsApp-Image-2023-01-10-at-2.04.18-PM-671x1024-1-197x300.jpeg 197w\" sizes=\"(max-width: 671px) 100vw, 671px\" \/><\/a><\/figure>\n\n\n\n<p>Cabes destacar que el pasado 5 de enero de 2023, venci\u00f3 el periodo para el cambio de residencia, con lo cual se culmin\u00f3 con la actualizaci\u00f3n de la informaci\u00f3n que contiene el Padr\u00f3n Electoral Preliminar y as\u00ed facilitar a los ciudadanos que puedan votar cerca del lugar donde residen.<\/p>\n\n\n\n<figure class=\"wp-block-image size-large\"><a href=\"https:\/\/alminutonoticia.com\/noticias\/wp-content\/uploads\/2023\/01\/fachada-1-scaled.webp\"><img decoding=\"async\" width=\"1024\" height=\"683\" src=\"https:\/\/alminutonoticia.com\/noticias\/wp-content\/uploads\/2023\/01\/fachada-1-1024x683.webp\" alt=\"\" class=\"wp-image-662\" title=\"\" srcset=\"https:\/\/alminutonoticia.com\/noticias\/wp-content\/uploads\/2023\/01\/fachada-1-1024x683.webp 1024w, https:\/\/alminutonoticia.com\/noticias\/wp-content\/uploads\/2023\/01\/fachada-1-300x200.webp 300w, https:\/\/alminutonoticia.com\/noticias\/wp-content\/uploads\/2023\/01\/fachada-1-768x512.webp 768w, https:\/\/alminutonoticia.com\/noticias\/wp-content\/uploads\/2023\/01\/fachada-1-1536x1024.webp 1536w, https:\/\/alminutonoticia.com\/noticias\/wp-content\/uploads\/2023\/01\/fachada-1-2048x1365.webp 2048w\" sizes=\"(max-width: 1024px) 100vw, 1024px\" \/><\/a><\/figure>\n","protected":false},"excerpt":{"rendered":"<p>Para conocimiento y orientaci\u00f3n de los votantes de los comicios de mayo de 2024, el &nbsp;Tribunal Electoral anuncia que ya est\u00e1&nbsp;en la p\u00e1gina web&nbsp;el&nbsp;Instructivo para las impugnaciones y reclamaciones al Padr\u00f3n Electoral Preliminar&nbsp;(PEP). El documento contiene informaci\u00f3n sobre&nbsp;el concepto de&nbsp;residencia electoral&nbsp;como est\u00e1 definido en la ley vigente, periodo para presentar impugnaciones y reclamaciones&nbsp;al PEP&nbsp;y el [&hellip;]<\/p>\n","protected":false},"author":3,"featured_media":662,"comment_status":"open","ping_status":"open","sticky":false,"template":"","format":"standard","meta":{"footnotes":""},"categories":[36,37],"tags":[],"class_list":["post-661","post","type-post","status-publish","format-standard","has-post-thumbnail","hentry","category-nacionales","category-politica"],"_links":{"self":[{"href":"https:\/\/alminutonoticia.com\/noticias\/wp-json\/wp\/v2\/posts\/661","targetHints":{"allow":["GET"]}}],"collection":[{"href":"https:\/\/alminutonoticia.com\/noticias\/wp-json\/wp\/v2\/posts"}],"about":[{"href":"https:\/\/alminutonoticia.com\/noticias\/wp-json\/wp\/v2\/types\/post"}],"author":[{"embeddable":true,"href":"https:\/\/alminutonoticia.com\/noticias\/wp-json\/wp\/v2\/users\/3"}],"replies":[{"embeddable":true,"href":"https:\/\/alminutonoticia.com\/noticias\/wp-json\/wp\/v2\/comments?post=661"}],"version-history":[{"count":2,"href":"https:\/\/alminutonoticia.com\/noticias\/wp-json\/wp\/v2\/posts\/661\/revisions"}],"predecessor-version":[{"id":674,"href":"https:\/\/alminutonoticia.com\/noticias\/wp-json\/wp\/v2\/posts\/661\/revisions\/674"}],"wp:featuredmedia":[{"embeddable":true,"href":"https:\/\/alminutonoticia.com\/noticias\/wp-json\/wp\/v2\/media\/662"}],"wp:attachment":[{"href":"https:\/\/alminutonoticia.com\/noticias\/wp-json\/wp\/v2\/media?parent=661"}],"wp:term":[{"taxonomy":"category","embeddable":true,"href":"https:\/\/alminutonoticia.com\/noticias\/wp-json\/wp\/v2\/categories?post=661"},{"taxonomy":"post_tag","embeddable":true,"href":"https:\/\/alminutonoticia.com\/noticias\/wp-json\/wp\/v2\/tags?post=661"}],"curies":[{"name":"wp","href":"https:\/\/api.w.org\/{rel}","templated":true}]}}