{"id":657,"date":"2023-01-11T10:04:15","date_gmt":"2023-01-11T10:04:15","guid":{"rendered":"https:\/\/alminutonoticia.com\/noticias\/?p=657"},"modified":"2023-01-11T10:04:15","modified_gmt":"2023-01-11T10:04:15","slug":"first-quantum-afirma-que-busca-acuerdo-justo-y-equilibrado","status":"publish","type":"post","link":"https:\/\/alminutonoticia.com\/noticias\/first-quantum-afirma-que-busca-acuerdo-justo-y-equilibrado\/","title":{"rendered":"First Quantum afirma que busca acuerdo justo y equilibrado"},"content":{"rendered":"\n<p>La empresa First Quantum Minerals Ltd. (\u201cFirst Quantum\u201d o \u201cla Empresa\u201d) (TSX: FM) emiti\u00f3 hoy una actualizaci\u00f3n sobre el estado de la mina Cobre Panam\u00e1 operada por su subsidiaria Minera Panam\u00e1, S.A. (\u201cMPSA\u201d).<\/p>\n\n\n\n<p>La compa\u00f1\u00eda sostuvo que las conversaciones entre First Quantum, Minera Panam\u00e1 y el Gobierno Nacional de Panam\u00e1 (\u00abel Gobierno\u00bb) contin\u00faa con respecto al futuro a largo plazo de la mina Cobre Panam\u00e1. La Empresa sigue dispuesta a llegar a un acuerdo que sea justo y equitativo para ambas partes.<\/p>\n\n\n\n<p><strong>Adem\u00e1s afirma que Panama dejar\u00e1 de recibir entre $5 millones a $8 millones por d\u00eda, si Cobre Panam\u00e1 deja de producir por estar en cuido y mantenimiento, representa alrededor del 5% del PIB del pais.<\/strong><\/p>\n\n\n\n<p>La nota de prensa detalla que la empresa no est\u00e1 pidiendo nada adicional en el lado ambiental, terminamos las negociaciones sobre trabajo y medio ambiente en septiembre de 2021.<br><br>\u00abFirst Quantum y Minera Panam\u00e1 est\u00e1n preparados para acordar, e incluso superar, los objetivos que el Gobierno deline\u00f3 en enero de 2022 relacionados con los ingresos, la protecci\u00f3n ambiental y las normas laborales, con un acuerdo justo y equilibrado.<\/p>\n\n\n\n<p><\/p>\n\n\n\n<p>Esto incluye un m\u00ednimo de US$375 millones por a\u00f1o en ingresos del Gobierno, compuestos por impuestos corporativos, incluyendo impuesto sobre la renta y una regal\u00eda mineral basada en ganancias del 12 al 16 por ciento, con protecciones a la baja alineadas con la posici\u00f3n del Gobierno. <\/p>\n\n\n\n<p>El m\u00ednimo de $375 millones por a\u00f1o, sujeto a las protecciones que ya se han alineado con lo solicidado por el gobierno es un r\u00e9gimen fiscal \u00fanico, no existe en ning\u00fan otro lugar.<\/p>\n\n\n\n<p>Esta estructura de pago m\u00ednimo es un beneficio para el Gobierno que First Quantum cree que es \u00fanico y sin precedentes en la industria minera\u00bb, se\u00f1al\u00f3 la empresa en un comunicado.<\/p>\n\n\n\n\n\n<figure class=\"wp-block-image size-large\"><a href=\"https:\/\/alminutonoticia.com\/noticias\/wp-content\/uploads\/2023\/01\/minera-panamajpg.webp\"><img fetchpriority=\"high\" decoding=\"async\" width=\"1024\" height=\"576\" src=\"https:\/\/alminutonoticia.com\/noticias\/wp-content\/uploads\/2023\/01\/minera-panamajpg-1024x576.webp\" alt=\"\" class=\"wp-image-658\" title=\"\" srcset=\"https:\/\/alminutonoticia.com\/noticias\/wp-content\/uploads\/2023\/01\/minera-panamajpg-1024x576.webp 1024w, https:\/\/alminutonoticia.com\/noticias\/wp-content\/uploads\/2023\/01\/minera-panamajpg-300x169.webp 300w, https:\/\/alminutonoticia.com\/noticias\/wp-content\/uploads\/2023\/01\/minera-panamajpg-768x432.webp 768w, https:\/\/alminutonoticia.com\/noticias\/wp-content\/uploads\/2023\/01\/minera-panamajpg.webp 1200w\" sizes=\"(max-width: 1024px) 100vw, 1024px\" \/><\/a><\/figure>\n\n\n\n<figure class=\"wp-block-image size-full\"><a href=\"https:\/\/alminutonoticia.com\/noticias\/wp-content\/uploads\/2023\/01\/minerajpg.webp\"><img decoding=\"async\" width=\"855\" height=\"525\" src=\"https:\/\/alminutonoticia.com\/noticias\/wp-content\/uploads\/2023\/01\/minerajpg.webp\" alt=\"\" class=\"wp-image-659\" title=\"\" srcset=\"https:\/\/alminutonoticia.com\/noticias\/wp-content\/uploads\/2023\/01\/minerajpg.webp 855w, https:\/\/alminutonoticia.com\/noticias\/wp-content\/uploads\/2023\/01\/minerajpg-300x184.webp 300w, https:\/\/alminutonoticia.com\/noticias\/wp-content\/uploads\/2023\/01\/minerajpg-768x472.webp 768w\" sizes=\"(max-width: 855px) 100vw, 855px\" \/><\/a><\/figure>\n","protected":false},"excerpt":{"rendered":"<p>La empresa First Quantum Minerals Ltd. (\u201cFirst Quantum\u201d o \u201cla Empresa\u201d) (TSX: FM) emiti\u00f3 hoy una actualizaci\u00f3n sobre el estado de la mina Cobre Panam\u00e1 operada por su subsidiaria Minera Panam\u00e1, S.A. (\u201cMPSA\u201d). La compa\u00f1\u00eda sostuvo que las conversaciones entre First Quantum, Minera Panam\u00e1 y el Gobierno Nacional de Panam\u00e1 (\u00abel Gobierno\u00bb) contin\u00faa con respecto [&hellip;]<\/p>\n","protected":false},"author":3,"featured_media":659,"comment_status":"open","ping_status":"open","sticky":false,"template":"","format":"standard","meta":{"footnotes":""},"categories":[42,38,39,36],"tags":[],"class_list":["post-657","post","type-post","status-publish","format-standard","has-post-thumbnail","hentry","category-ambiente","category-economia","category-internacionales","category-nacionales"],"_links":{"self":[{"href":"https:\/\/alminutonoticia.com\/noticias\/wp-json\/wp\/v2\/posts\/657","targetHints":{"allow":["GET"]}}],"collection":[{"href":"https:\/\/alminutonoticia.com\/noticias\/wp-json\/wp\/v2\/posts"}],"about":[{"href":"https:\/\/alminutonoticia.com\/noticias\/wp-json\/wp\/v2\/types\/post"}],"author":[{"embeddable":true,"href":"https:\/\/alminutonoticia.com\/noticias\/wp-json\/wp\/v2\/users\/3"}],"replies":[{"embeddable":true,"href":"https:\/\/alminutonoticia.com\/noticias\/wp-json\/wp\/v2\/comments?post=657"}],"version-history":[{"count":1,"href":"https:\/\/alminutonoticia.com\/noticias\/wp-json\/wp\/v2\/posts\/657\/revisions"}],"predecessor-version":[{"id":660,"href":"https:\/\/alminutonoticia.com\/noticias\/wp-json\/wp\/v2\/posts\/657\/revisions\/660"}],"wp:featuredmedia":[{"embeddable":true,"href":"https:\/\/alminutonoticia.com\/noticias\/wp-json\/wp\/v2\/media\/659"}],"wp:attachment":[{"href":"https:\/\/alminutonoticia.com\/noticias\/wp-json\/wp\/v2\/media?parent=657"}],"wp:term":[{"taxonomy":"category","embeddable":true,"href":"https:\/\/alminutonoticia.com\/noticias\/wp-json\/wp\/v2\/categories?post=657"},{"taxonomy":"post_tag","embeddable":true,"href":"https:\/\/alminutonoticia.com\/noticias\/wp-json\/wp\/v2\/tags?post=657"}],"curies":[{"name":"wp","href":"https:\/\/api.w.org\/{rel}","templated":true}]}}