{"id":651,"date":"2023-01-11T09:45:20","date_gmt":"2023-01-11T09:45:20","guid":{"rendered":"https:\/\/alminutonoticia.com\/noticias\/?p=651"},"modified":"2023-01-11T09:45:20","modified_gmt":"2023-01-11T09:45:20","slug":"no-se-contempla-realizar-regularizacion-en-crisol-de-razas","status":"publish","type":"post","link":"https:\/\/alminutonoticia.com\/noticias\/no-se-contempla-realizar-regularizacion-en-crisol-de-razas\/","title":{"rendered":"No se contempla realizar regularizaci\u00f3n en Crisol de Razas."},"content":{"rendered":"\n<p>El Servicio Nacional de Migraci\u00f3n comunica a la ciudadan\u00eda que no se contempla la realizaci\u00f3n de un proceso de regularizaci\u00f3n ordinario o extraordinario, conocido como \u00abCrisol de Razas\u00bb, dirigido a migrantes irregulares en nuestro pa\u00eds, ni se est\u00e1n haciendo tr\u00e1mites en la instituci\u00f3n en este sentido.<\/p>\n\n\n\n<p>Instamos a la poblaci\u00f3n a informarse por medio de los canales de comunicaci\u00f3n oficiales, y no hacer caso a las llamadas \u00abfake news\u00bb, o noticias falsas, que circulan en redes sociales.<\/p>\n\n\n\n<figure class=\"wp-block-image size-large\"><a href=\"https:\/\/alminutonoticia.com\/noticias\/wp-content\/uploads\/2023\/01\/WhatsApp-Image-2023-01-10-at-4.49.29-PM.jpeg\"><img fetchpriority=\"high\" decoding=\"async\" width=\"1024\" height=\"768\" src=\"https:\/\/alminutonoticia.com\/noticias\/wp-content\/uploads\/2023\/01\/WhatsApp-Image-2023-01-10-at-4.49.29-PM-1024x768.jpeg\" alt=\"\" class=\"wp-image-652\" title=\"\" srcset=\"https:\/\/alminutonoticia.com\/noticias\/wp-content\/uploads\/2023\/01\/WhatsApp-Image-2023-01-10-at-4.49.29-PM-1024x768.jpeg 1024w, https:\/\/alminutonoticia.com\/noticias\/wp-content\/uploads\/2023\/01\/WhatsApp-Image-2023-01-10-at-4.49.29-PM-300x225.jpeg 300w, https:\/\/alminutonoticia.com\/noticias\/wp-content\/uploads\/2023\/01\/WhatsApp-Image-2023-01-10-at-4.49.29-PM-768x576.jpeg 768w, https:\/\/alminutonoticia.com\/noticias\/wp-content\/uploads\/2023\/01\/WhatsApp-Image-2023-01-10-at-4.49.29-PM-1536x1152.jpeg 1536w, https:\/\/alminutonoticia.com\/noticias\/wp-content\/uploads\/2023\/01\/WhatsApp-Image-2023-01-10-at-4.49.29-PM.jpeg 1600w\" sizes=\"(max-width: 1024px) 100vw, 1024px\" \/><\/a><figcaption class=\"wp-element-caption\">Foto Ilustrativa: Cortes\u00eda de Migraci\u00f3n <\/figcaption><\/figure>\n","protected":false},"excerpt":{"rendered":"<p>El Servicio Nacional de Migraci\u00f3n comunica a la ciudadan\u00eda que no se contempla la realizaci\u00f3n de un proceso de regularizaci\u00f3n ordinario o extraordinario, conocido como \u00abCrisol de Razas\u00bb, dirigido a migrantes irregulares en nuestro pa\u00eds, ni se est\u00e1n haciendo tr\u00e1mites en la instituci\u00f3n en este sentido. Instamos a la poblaci\u00f3n a informarse por medio de [&hellip;]<\/p>\n","protected":false},"author":3,"featured_media":652,"comment_status":"open","ping_status":"open","sticky":false,"template":"","format":"standard","meta":{"footnotes":""},"categories":[36],"tags":[],"class_list":["post-651","post","type-post","status-publish","format-standard","has-post-thumbnail","hentry","category-nacionales"],"_links":{"self":[{"href":"https:\/\/alminutonoticia.com\/noticias\/wp-json\/wp\/v2\/posts\/651","targetHints":{"allow":["GET"]}}],"collection":[{"href":"https:\/\/alminutonoticia.com\/noticias\/wp-json\/wp\/v2\/posts"}],"about":[{"href":"https:\/\/alminutonoticia.com\/noticias\/wp-json\/wp\/v2\/types\/post"}],"author":[{"embeddable":true,"href":"https:\/\/alminutonoticia.com\/noticias\/wp-json\/wp\/v2\/users\/3"}],"replies":[{"embeddable":true,"href":"https:\/\/alminutonoticia.com\/noticias\/wp-json\/wp\/v2\/comments?post=651"}],"version-history":[{"count":1,"href":"https:\/\/alminutonoticia.com\/noticias\/wp-json\/wp\/v2\/posts\/651\/revisions"}],"predecessor-version":[{"id":653,"href":"https:\/\/alminutonoticia.com\/noticias\/wp-json\/wp\/v2\/posts\/651\/revisions\/653"}],"wp:featuredmedia":[{"embeddable":true,"href":"https:\/\/alminutonoticia.com\/noticias\/wp-json\/wp\/v2\/media\/652"}],"wp:attachment":[{"href":"https:\/\/alminutonoticia.com\/noticias\/wp-json\/wp\/v2\/media?parent=651"}],"wp:term":[{"taxonomy":"category","embeddable":true,"href":"https:\/\/alminutonoticia.com\/noticias\/wp-json\/wp\/v2\/categories?post=651"},{"taxonomy":"post_tag","embeddable":true,"href":"https:\/\/alminutonoticia.com\/noticias\/wp-json\/wp\/v2\/tags?post=651"}],"curies":[{"name":"wp","href":"https:\/\/api.w.org\/{rel}","templated":true}]}}