{"id":645,"date":"2023-01-11T09:42:04","date_gmt":"2023-01-11T09:42:04","guid":{"rendered":"https:\/\/alminutonoticia.com\/noticias\/?p=645"},"modified":"2023-01-11T09:42:04","modified_gmt":"2023-01-11T09:42:04","slug":"significativo-avance-en-ejecucion-de-planes-de-ordenamiento-territorial","status":"publish","type":"post","link":"https:\/\/alminutonoticia.com\/noticias\/significativo-avance-en-ejecucion-de-planes-de-ordenamiento-territorial\/","title":{"rendered":"Significativo avance en ejecuci\u00f3n de Planes de Ordenamiento Territorial"},"content":{"rendered":"\n<p>Un total de 14 Planes de Ordenamiento Territorial, entre locales y parciales, mantiene en ejecuci\u00f3n el Ministerio de Vivienda y Ordenamiento Territorial (Miviot) en diferentes regiones del pa\u00eds, con los que se busca promover el uso, la ocupaci\u00f3n y manejo del suelo de acuerdo con los objetivos econ\u00f3micos, sociales, urban\u00edsticos y ambientales en las \u00e1reas de estudio.<\/p>\n\n\n\n<p>De acuerdo con informes de la Direcci\u00f3n de Ordenamiento Territorial, hay estudios que se realizan con recursos institucionales como son los de los distritos de Portobelo en la provincia de Col\u00f3n, Chepo en Panam\u00e1 y Aguadulce en Cocl\u00e9.<\/p>\n\n\n\n<p>A trav\u00e9s de licitaci\u00f3n p\u00fablica, se llevan a cabo los planes de Arraij\u00e1n y La Chorrera, en la provincia de Panam\u00e1 Oeste; Atalaya, Santiago y Son\u00e1, en Veraguas; Isla Manzanillo, en Col\u00f3n;&nbsp; Boquete y Tierras Altas, en Chiriqu\u00ed; Pedas\u00ed, en Los Santos; Taboga, en Panam\u00e1; y Bocas del Toro, en la provincia del mismo nombre.<\/p>\n\n\n\n<p>Con el 100% de avance se encuentra el plan parcial para el \u00e1rea urbana de Portobelo, en la provincia de Col\u00f3n, el cual se encuentra a la espera que el alcalde de ese distrito autorice la fecha para la convocatoria de la consulta ciudadana.<\/p>\n\n\n\n<p>En el orden de mayor avance le sigue el Plan Local de Ordenamiento Territorial para los distritos verag\u00fcenses de Santiago y Atalaya, que presenta 97% de progreso.<\/p>\n\n\n\n<p>Los planes se encuentran en el desarrollo de talleres de consultas ciudadanas y se tiene programado para el pr\u00f3ximo 27 de enero la \u00faltima reuni\u00f3n de consulta ciudadana del distrito de Santiago y para el de Atalaya la Junta de Planificaci\u00f3n Municipal entreg\u00f3 el acta de aceptaci\u00f3n del plan de este distrito.<\/p>\n\n\n\n<p>Le sigue el Plan Parcial de Aguadulce con 38% de desarrollo, para el mismo se realiz\u00f3 una visita a campo en el \u00e1rea de potenciales culturales, hist\u00f3ricos y tur\u00edsticos, adem\u00e1s se programa otra para continuar con el levantamiento de usos de suelos. Tambi\u00e9n se prepara el informe del avance del diagn\u00f3stico, para presentarlo a la Junta de Planificaci\u00f3n.<\/p>\n\n\n\n<p>Para el distrito de Chepo, el estudio presenta 32% de avance y actualmente se ejecuta el levantamiento de uso de suelos en el corregimiento cabecera.<\/p>\n\n\n\n<p>El de Isla Manzanillo tiene 20%, para el cual se prepara una propuesta de intervenci\u00f3n urbana para la ciudad de Col\u00f3n con miras a la reactivaci\u00f3n social, econ\u00f3mica y urban\u00edstica de esta regi\u00f3n atl\u00e1ntica.<\/p>\n\n\n\n<p>Sobre los planes tur\u00edsticos que comprenden los distritos de Bocas del Toro, Boquete, Tierras Altas, Son\u00e1, Pedas\u00ed y Taboga, que muestran un adelanto de 18%, el informe destaca que luego de una reuni\u00f3n sostenida el pasado 13 de diciembre entre el Cosorcio Idom Suma, la Autoridad&nbsp; de Turismo de Panam\u00e1 y el Miviot, se present\u00f3 la inclusi\u00f3n de las observaciones realizadas al estudio.<\/p>\n\n\n\n<p>Asimismo, se programaron seis talleres presenciales para la visi\u00f3n estrat\u00e9gica y estudios de escenarios de cambio clim\u00e1tico en estas regiones.<\/p>\n\n\n\n<p>En tanto, los planes que se ejecutan para Arraij\u00e1n y La Chorrera se encuentran en la oficina de Fiscalizaci\u00f3n de la Contralor\u00eda General de la Rep\u00fablica.<\/p>\n\n\n\n<p>La implementaci\u00f3n de estos estudios se fundamenta en la Ley 14 de abril de 2015, donde los municipios deber\u00e1n asegurar el crecimiento ordenado, mediante la planificaci\u00f3n y normativas actualizadas propuestas.<\/p>\n\n\n\n<figure class=\"wp-block-image size-large\"><a href=\"https:\/\/alminutonoticia.com\/noticias\/wp-content\/uploads\/2023\/01\/IMG-20210723-WA0028.jpg\"><img fetchpriority=\"high\" decoding=\"async\" width=\"1024\" height=\"576\" src=\"https:\/\/alminutonoticia.com\/noticias\/wp-content\/uploads\/2023\/01\/IMG-20210723-WA0028-1024x576.jpg\" alt=\"\" class=\"wp-image-646\" title=\"\" srcset=\"https:\/\/alminutonoticia.com\/noticias\/wp-content\/uploads\/2023\/01\/IMG-20210723-WA0028-1024x576.jpg 1024w, https:\/\/alminutonoticia.com\/noticias\/wp-content\/uploads\/2023\/01\/IMG-20210723-WA0028-300x169.jpg 300w, https:\/\/alminutonoticia.com\/noticias\/wp-content\/uploads\/2023\/01\/IMG-20210723-WA0028-768x432.jpg 768w, https:\/\/alminutonoticia.com\/noticias\/wp-content\/uploads\/2023\/01\/IMG-20210723-WA0028.jpg 1280w\" sizes=\"(max-width: 1024px) 100vw, 1024px\" \/><\/a><\/figure>\n\n\n\n<figure class=\"wp-block-image size-large\"><a href=\"https:\/\/alminutonoticia.com\/noticias\/wp-content\/uploads\/2023\/01\/IMG_5193-scaled.jpg\"><img decoding=\"async\" width=\"1024\" height=\"683\" src=\"https:\/\/alminutonoticia.com\/noticias\/wp-content\/uploads\/2023\/01\/IMG_5193-1024x683.jpg\" alt=\"\" class=\"wp-image-647\" title=\"\" srcset=\"https:\/\/alminutonoticia.com\/noticias\/wp-content\/uploads\/2023\/01\/IMG_5193-1024x683.jpg 1024w, https:\/\/alminutonoticia.com\/noticias\/wp-content\/uploads\/2023\/01\/IMG_5193-300x200.jpg 300w, https:\/\/alminutonoticia.com\/noticias\/wp-content\/uploads\/2023\/01\/IMG_5193-768x512.jpg 768w, https:\/\/alminutonoticia.com\/noticias\/wp-content\/uploads\/2023\/01\/IMG_5193-1536x1024.jpg 1536w, https:\/\/alminutonoticia.com\/noticias\/wp-content\/uploads\/2023\/01\/IMG_5193-2048x1365.jpg 2048w\" sizes=\"(max-width: 1024px) 100vw, 1024px\" \/><\/a><\/figure>\n\n\n\n<figure class=\"wp-block-image size-large\"><a href=\"https:\/\/alminutonoticia.com\/noticias\/wp-content\/uploads\/2023\/01\/ARRAIJAN.jpg\"><img decoding=\"async\" width=\"1024\" height=\"576\" src=\"https:\/\/alminutonoticia.com\/noticias\/wp-content\/uploads\/2023\/01\/ARRAIJAN-1024x576.jpg\" alt=\"\" class=\"wp-image-648\" title=\"\" srcset=\"https:\/\/alminutonoticia.com\/noticias\/wp-content\/uploads\/2023\/01\/ARRAIJAN-1024x576.jpg 1024w, https:\/\/alminutonoticia.com\/noticias\/wp-content\/uploads\/2023\/01\/ARRAIJAN-300x169.jpg 300w, https:\/\/alminutonoticia.com\/noticias\/wp-content\/uploads\/2023\/01\/ARRAIJAN-768x432.jpg 768w, https:\/\/alminutonoticia.com\/noticias\/wp-content\/uploads\/2023\/01\/ARRAIJAN.jpg 1280w\" sizes=\"(max-width: 1024px) 100vw, 1024px\" \/><\/a><\/figure>\n\n\n\n<figure class=\"wp-block-image size-large\"><a href=\"https:\/\/alminutonoticia.com\/noticias\/wp-content\/uploads\/2023\/01\/IMG-20230110-WA0007-002.jpg\"><img loading=\"lazy\" decoding=\"async\" width=\"1024\" height=\"682\" src=\"https:\/\/alminutonoticia.com\/noticias\/wp-content\/uploads\/2023\/01\/IMG-20230110-WA0007-002-1024x682.jpg\" alt=\"\" class=\"wp-image-649\" title=\"\" srcset=\"https:\/\/alminutonoticia.com\/noticias\/wp-content\/uploads\/2023\/01\/IMG-20230110-WA0007-002-1024x682.jpg 1024w, https:\/\/alminutonoticia.com\/noticias\/wp-content\/uploads\/2023\/01\/IMG-20230110-WA0007-002-300x200.jpg 300w, https:\/\/alminutonoticia.com\/noticias\/wp-content\/uploads\/2023\/01\/IMG-20230110-WA0007-002-768x512.jpg 768w, https:\/\/alminutonoticia.com\/noticias\/wp-content\/uploads\/2023\/01\/IMG-20230110-WA0007-002.jpg 1280w\" sizes=\"(max-width: 1024px) 100vw, 1024px\" \/><\/a><\/figure>\n","protected":false},"excerpt":{"rendered":"<p>Un total de 14 Planes de Ordenamiento Territorial, entre locales y parciales, mantiene en ejecuci\u00f3n el Ministerio de Vivienda y Ordenamiento Territorial (Miviot) en diferentes regiones del pa\u00eds, con los que se busca promover el uso, la ocupaci\u00f3n y manejo del suelo de acuerdo con los objetivos econ\u00f3micos, sociales, urban\u00edsticos y ambientales en las \u00e1reas [&hellip;]<\/p>\n","protected":false},"author":3,"featured_media":646,"comment_status":"open","ping_status":"open","sticky":false,"template":"","format":"standard","meta":{"footnotes":""},"categories":[36],"tags":[],"class_list":["post-645","post","type-post","status-publish","format-standard","has-post-thumbnail","hentry","category-nacionales"],"_links":{"self":[{"href":"https:\/\/alminutonoticia.com\/noticias\/wp-json\/wp\/v2\/posts\/645","targetHints":{"allow":["GET"]}}],"collection":[{"href":"https:\/\/alminutonoticia.com\/noticias\/wp-json\/wp\/v2\/posts"}],"about":[{"href":"https:\/\/alminutonoticia.com\/noticias\/wp-json\/wp\/v2\/types\/post"}],"author":[{"embeddable":true,"href":"https:\/\/alminutonoticia.com\/noticias\/wp-json\/wp\/v2\/users\/3"}],"replies":[{"embeddable":true,"href":"https:\/\/alminutonoticia.com\/noticias\/wp-json\/wp\/v2\/comments?post=645"}],"version-history":[{"count":1,"href":"https:\/\/alminutonoticia.com\/noticias\/wp-json\/wp\/v2\/posts\/645\/revisions"}],"predecessor-version":[{"id":650,"href":"https:\/\/alminutonoticia.com\/noticias\/wp-json\/wp\/v2\/posts\/645\/revisions\/650"}],"wp:featuredmedia":[{"embeddable":true,"href":"https:\/\/alminutonoticia.com\/noticias\/wp-json\/wp\/v2\/media\/646"}],"wp:attachment":[{"href":"https:\/\/alminutonoticia.com\/noticias\/wp-json\/wp\/v2\/media?parent=645"}],"wp:term":[{"taxonomy":"category","embeddable":true,"href":"https:\/\/alminutonoticia.com\/noticias\/wp-json\/wp\/v2\/categories?post=645"},{"taxonomy":"post_tag","embeddable":true,"href":"https:\/\/alminutonoticia.com\/noticias\/wp-json\/wp\/v2\/tags?post=645"}],"curies":[{"name":"wp","href":"https:\/\/api.w.org\/{rel}","templated":true}]}}