{"id":639,"date":"2023-01-11T09:36:37","date_gmt":"2023-01-11T09:36:37","guid":{"rendered":"https:\/\/alminutonoticia.com\/noticias\/?p=639"},"modified":"2023-01-11T09:36:37","modified_gmt":"2023-01-11T09:36:37","slug":"defensoria-detecta-vulneracion-de-derechos-en-la-escuela-republica-de-chile","status":"publish","type":"post","link":"https:\/\/alminutonoticia.com\/noticias\/defensoria-detecta-vulneracion-de-derechos-en-la-escuela-republica-de-chile\/","title":{"rendered":"<strong>Defensor\u00eda detecta vulneraci\u00f3n de derechos en la Escuela Rep\u00fablica de Chile<\/strong>"},"content":{"rendered":"\n<p>La Defensor\u00eda del Pueblo, tras finalizar una investigaci\u00f3n por queja presentada por un padre de familia contra la Escuela Rep\u00fablica de Chile, concluye que hubo vulneraci\u00f3n del Derecho al Debido Proceso, Derecho a la Protecci\u00f3n contra todo tipo de violencia, Derecho a la Educaci\u00f3n, Derecho a la Vida, Integridad Personal y Derecho de la Ni\u00f1ez y Adolescencia.<\/p>\n\n\n\n<p>Por lo anterior la Defensor\u00eda recomienda al Ministerio de Educaci\u00f3n (MEDUCA), dar seguimiento a la actuaci\u00f3n que lleve a cabo la directora de la Escuela Rep\u00fablica de Chile, a fin que se cumpla la aplicaci\u00f3n y cumplimento de la Ley 285 de 15 de febrero de 2022, en la que prevalece el Inter\u00e9s Superior del Ni\u00f1o.<\/p>\n\n\n\n<p>Adem\u00e1s, la Instituci\u00f3n Nacional de Derechos Humanos (INDH) insta al MEDUCA a que realice jornadas de capacitaci\u00f3n referentes a las leyes de car\u00e1cter nacional e internacional en materia de educaci\u00f3n tal cual son Decreto N\u00b0 100 sobre Deberes y Derechos del docente, Ley 15 de 6 de noviembre de 1990, Ley 285 del 15 de febrero de 2020 y Ley 7 de 14 de febrero de 2018 con el prop\u00f3sito de aplicar el mayor est\u00e1ndar de atenci\u00f3n que requiere la poblaci\u00f3n escolar.<\/p>\n\n\n\n<p>La Instituci\u00f3n una vez conoce la situaci\u00f3n que se suscita en el plantel educativo el pasado 29 de septiembre, gener\u00f3 una gesti\u00f3n con la directora de la escuela y en dicha actuaci\u00f3n se pudo constatar, que dicho caso se origin\u00f3 desde el inicio del periodo escolar en el mes de marzo de 2022 y que desatendi\u00f3 las recomendaciones de la Defensor\u00eda: agilizar el tema, elaborar un informe con las evaluaciones y buscar apoyo con las instituciones correspondientes.<\/p>\n\n\n\n<p>Cabe resaltar que la Defensor\u00eda del Pueblo el pasado 13 de octubre de 2022, volvi\u00f3 a visitar el plantel, toda vez que los padres de familia se manten\u00edan en los predios, demandando atenci\u00f3n y respuesta por parte de la administraci\u00f3n del colegio.<\/p>\n\n\n\n<figure class=\"wp-block-image size-full\"><a href=\"https:\/\/alminutonoticia.com\/noticias\/wp-content\/uploads\/2023\/01\/repchile4.jpg\"><img fetchpriority=\"high\" decoding=\"async\" width=\"1024\" height=\"473\" src=\"https:\/\/alminutonoticia.com\/noticias\/wp-content\/uploads\/2023\/01\/repchile4.jpg\" alt=\"\" class=\"wp-image-640\" title=\"\" srcset=\"https:\/\/alminutonoticia.com\/noticias\/wp-content\/uploads\/2023\/01\/repchile4.jpg 1024w, https:\/\/alminutonoticia.com\/noticias\/wp-content\/uploads\/2023\/01\/repchile4-300x139.jpg 300w, https:\/\/alminutonoticia.com\/noticias\/wp-content\/uploads\/2023\/01\/repchile4-768x355.jpg 768w\" sizes=\"(max-width: 1024px) 100vw, 1024px\" \/><\/a><\/figure>\n\n\n\n<figure class=\"wp-block-image size-full\"><a href=\"https:\/\/alminutonoticia.com\/noticias\/wp-content\/uploads\/2023\/01\/repchile3.jpg\"><img decoding=\"async\" width=\"1024\" height=\"473\" src=\"https:\/\/alminutonoticia.com\/noticias\/wp-content\/uploads\/2023\/01\/repchile3.jpg\" alt=\"\" class=\"wp-image-641\" title=\"\" srcset=\"https:\/\/alminutonoticia.com\/noticias\/wp-content\/uploads\/2023\/01\/repchile3.jpg 1024w, https:\/\/alminutonoticia.com\/noticias\/wp-content\/uploads\/2023\/01\/repchile3-300x139.jpg 300w, https:\/\/alminutonoticia.com\/noticias\/wp-content\/uploads\/2023\/01\/repchile3-768x355.jpg 768w\" sizes=\"(max-width: 1024px) 100vw, 1024px\" \/><\/a><\/figure>\n\n\n\n<figure class=\"wp-block-image size-full\"><a href=\"https:\/\/alminutonoticia.com\/noticias\/wp-content\/uploads\/2023\/01\/repchile.jpg\"><img decoding=\"async\" width=\"1024\" height=\"683\" src=\"https:\/\/alminutonoticia.com\/noticias\/wp-content\/uploads\/2023\/01\/repchile.jpg\" alt=\"\" class=\"wp-image-642\" title=\"\" srcset=\"https:\/\/alminutonoticia.com\/noticias\/wp-content\/uploads\/2023\/01\/repchile.jpg 1024w, https:\/\/alminutonoticia.com\/noticias\/wp-content\/uploads\/2023\/01\/repchile-300x200.jpg 300w, https:\/\/alminutonoticia.com\/noticias\/wp-content\/uploads\/2023\/01\/repchile-768x512.jpg 768w\" sizes=\"(max-width: 1024px) 100vw, 1024px\" \/><\/a><\/figure>\n\n\n\n<figure class=\"wp-block-image size-full\"><a href=\"https:\/\/alminutonoticia.com\/noticias\/wp-content\/uploads\/2023\/01\/repchile1.jpg\"><img loading=\"lazy\" decoding=\"async\" width=\"1024\" height=\"683\" src=\"https:\/\/alminutonoticia.com\/noticias\/wp-content\/uploads\/2023\/01\/repchile1.jpg\" alt=\"\" class=\"wp-image-643\" title=\"\" srcset=\"https:\/\/alminutonoticia.com\/noticias\/wp-content\/uploads\/2023\/01\/repchile1.jpg 1024w, https:\/\/alminutonoticia.com\/noticias\/wp-content\/uploads\/2023\/01\/repchile1-300x200.jpg 300w, https:\/\/alminutonoticia.com\/noticias\/wp-content\/uploads\/2023\/01\/repchile1-768x512.jpg 768w\" sizes=\"(max-width: 1024px) 100vw, 1024px\" \/><\/a><\/figure>\n","protected":false},"excerpt":{"rendered":"<p>La Defensor\u00eda del Pueblo, tras finalizar una investigaci\u00f3n por queja presentada por un padre de familia contra la Escuela Rep\u00fablica de Chile, concluye que hubo vulneraci\u00f3n del Derecho al Debido Proceso, Derecho a la Protecci\u00f3n contra todo tipo de violencia, Derecho a la Educaci\u00f3n, Derecho a la Vida, Integridad Personal y Derecho de la Ni\u00f1ez [&hellip;]<\/p>\n","protected":false},"author":3,"featured_media":640,"comment_status":"open","ping_status":"open","sticky":false,"template":"","format":"standard","meta":{"footnotes":""},"categories":[36],"tags":[],"class_list":["post-639","post","type-post","status-publish","format-standard","has-post-thumbnail","hentry","category-nacionales"],"_links":{"self":[{"href":"https:\/\/alminutonoticia.com\/noticias\/wp-json\/wp\/v2\/posts\/639","targetHints":{"allow":["GET"]}}],"collection":[{"href":"https:\/\/alminutonoticia.com\/noticias\/wp-json\/wp\/v2\/posts"}],"about":[{"href":"https:\/\/alminutonoticia.com\/noticias\/wp-json\/wp\/v2\/types\/post"}],"author":[{"embeddable":true,"href":"https:\/\/alminutonoticia.com\/noticias\/wp-json\/wp\/v2\/users\/3"}],"replies":[{"embeddable":true,"href":"https:\/\/alminutonoticia.com\/noticias\/wp-json\/wp\/v2\/comments?post=639"}],"version-history":[{"count":1,"href":"https:\/\/alminutonoticia.com\/noticias\/wp-json\/wp\/v2\/posts\/639\/revisions"}],"predecessor-version":[{"id":644,"href":"https:\/\/alminutonoticia.com\/noticias\/wp-json\/wp\/v2\/posts\/639\/revisions\/644"}],"wp:featuredmedia":[{"embeddable":true,"href":"https:\/\/alminutonoticia.com\/noticias\/wp-json\/wp\/v2\/media\/640"}],"wp:attachment":[{"href":"https:\/\/alminutonoticia.com\/noticias\/wp-json\/wp\/v2\/media?parent=639"}],"wp:term":[{"taxonomy":"category","embeddable":true,"href":"https:\/\/alminutonoticia.com\/noticias\/wp-json\/wp\/v2\/categories?post=639"},{"taxonomy":"post_tag","embeddable":true,"href":"https:\/\/alminutonoticia.com\/noticias\/wp-json\/wp\/v2\/tags?post=639"}],"curies":[{"name":"wp","href":"https:\/\/api.w.org\/{rel}","templated":true}]}}