{"id":632,"date":"2023-01-11T09:33:17","date_gmt":"2023-01-11T09:33:17","guid":{"rendered":"https:\/\/alminutonoticia.com\/noticias\/?p=632"},"modified":"2023-01-11T09:33:17","modified_gmt":"2023-01-11T09:33:17","slug":"saneamiento-de-panama-licita-ptar-de-caimito-para-beneficiode-los-residentes-de-arraijan-oeste-y-la-chorrera","status":"publish","type":"post","link":"https:\/\/alminutonoticia.com\/noticias\/saneamiento-de-panama-licita-ptar-de-caimito-para-beneficiode-los-residentes-de-arraijan-oeste-y-la-chorrera\/","title":{"rendered":"Saneamiento de Panam\u00e1 licita PTAR de Caimito para beneficio<br>de los residentes de Arraij\u00e1n Oeste y La Chorrera"},"content":{"rendered":"\n<p>Por un monto de B\/. 111,468,868.32 millones de balboas fue el precio propuesto por la oferta<br>presentada en la Licitaci\u00f3n para la \u201cConstrucci\u00f3n, Operaci\u00f3n y Mantenimiento de la Planta de<br>Tratamiento de Aguas Residuales de Arraij\u00e1n Oeste y La Chorrera (PTAR Caimito).<br><br>Equipamiento de dos L\u00edneas\u201d por el Consorcio Aguas de Puerto Caimito Oeste integrado por las<br>empresas contratistas CAABSA y FYPASA, acto p\u00fablico realizado por el Programa Saneamiento de<br>Panam\u00e1 (PSP), entidad que estableci\u00f3 como precio de referencia para dicho acto un monto de<br>105,759,536.68 millones de balboas.<br><br>Seg\u00fan el subcoordinador general del Programa Saneamiento de Panam\u00e1, el Lcdo. Leonel Castillero,<br>el Proyecto de Arraij\u00e1n Oeste y La Chorrera, en su primera fase, contempla la construcci\u00f3n de una<br>Planta de Tratamiento de Aguas Residuales a desembocar en el r\u00edo Caimito, la cual tendr\u00e1 una<br>capacidad inicial de 0.68 m3\/seg, considerando los espacios, la obra civil e instalaciones (edificios,<br>mejoramientos de suelos, bodegas, interconexiones hidr\u00e1ulicas, etc.) para acoplar la ampliaci\u00f3n<br>futura por elementos, hasta completar la capacidad del primer m\u00f3dulo de 1.35 m3\/seg.<br><br>\u201cEl objeto de este proceso de contrataci\u00f3n, la cual espera atender en su primera etapa beneficiando<br>una poblaci\u00f3n estimada de 254,000 habitantes, los cuales provienen de parte de las zonas de Vista<br>Alegre, Puerto Caimito, Barrio Balboa, Barrio Col\u00f3n y Playa Leona\u201d, dijo Castillero.<br><br>Destac\u00f3 el subcoordinador general de PSP que con este proyecto que es financiado por el Banco de<br>Desarrollo de Am\u00e9rica Latina (CAF) y la Agencia Espa\u00f1ola de Cooperaci\u00f3n Internacional para el<br>Desarrollo (AECID), la poblaci\u00f3n del sector Oeste de la ciudad se ver\u00e1 beneficiada con: mejor<br>infraestructura sanitaria, mejoras en el medio ambiente, generaci\u00f3n de empleos directos e indirectos,<br>valorizaci\u00f3n de las viviendas, disminuci\u00f3n de enfermedades de origen h\u00eddrico, eliminaci\u00f3n de<br>letrinas, clausura de tanques s\u00e9pticos y plantas de tratamiento que est\u00e9n en malas condiciones o<br>fuera de servicio entre otros\u201d.<br><br>Finalmente, el Lcdo. Castillero del Programa Saneamiento de Panam\u00e1 indic\u00f3 que concluido el acto<br>de apertura de las ofertas se proceder\u00e1 con la evaluaci\u00f3n de esta por los comisionados asignados,<br>quienes rendir\u00e1n su informe, el cual es enviado a los organismos financiadores, para su no objeci\u00f3n,<br>a la vez que su contenido se dar\u00e1 a conocer a trav\u00e9s del Portal de Panam\u00e1 Compras.<\/p>\n\n\n\n<figure class=\"wp-block-image size-large\"><a href=\"https:\/\/alminutonoticia.com\/noticias\/wp-content\/uploads\/2023\/01\/IMG-20230110-WA0160.jpg\"><img fetchpriority=\"high\" decoding=\"async\" width=\"1024\" height=\"682\" src=\"https:\/\/alminutonoticia.com\/noticias\/wp-content\/uploads\/2023\/01\/IMG-20230110-WA0160-1024x682.jpg\" alt=\"\" class=\"wp-image-633\" title=\"\" srcset=\"https:\/\/alminutonoticia.com\/noticias\/wp-content\/uploads\/2023\/01\/IMG-20230110-WA0160-1024x682.jpg 1024w, https:\/\/alminutonoticia.com\/noticias\/wp-content\/uploads\/2023\/01\/IMG-20230110-WA0160-300x200.jpg 300w, https:\/\/alminutonoticia.com\/noticias\/wp-content\/uploads\/2023\/01\/IMG-20230110-WA0160-768x512.jpg 768w, https:\/\/alminutonoticia.com\/noticias\/wp-content\/uploads\/2023\/01\/IMG-20230110-WA0160.jpg 1280w\" sizes=\"(max-width: 1024px) 100vw, 1024px\" \/><\/a><\/figure>\n\n\n\n<figure class=\"wp-block-image size-large\"><a href=\"https:\/\/alminutonoticia.com\/noticias\/wp-content\/uploads\/2023\/01\/IMG-20230110-WA0159.jpg\"><img decoding=\"async\" width=\"1024\" height=\"682\" src=\"https:\/\/alminutonoticia.com\/noticias\/wp-content\/uploads\/2023\/01\/IMG-20230110-WA0159-1024x682.jpg\" alt=\"\" class=\"wp-image-634\" title=\"\" srcset=\"https:\/\/alminutonoticia.com\/noticias\/wp-content\/uploads\/2023\/01\/IMG-20230110-WA0159-1024x682.jpg 1024w, https:\/\/alminutonoticia.com\/noticias\/wp-content\/uploads\/2023\/01\/IMG-20230110-WA0159-300x200.jpg 300w, https:\/\/alminutonoticia.com\/noticias\/wp-content\/uploads\/2023\/01\/IMG-20230110-WA0159-768x512.jpg 768w, https:\/\/alminutonoticia.com\/noticias\/wp-content\/uploads\/2023\/01\/IMG-20230110-WA0159.jpg 1280w\" sizes=\"(max-width: 1024px) 100vw, 1024px\" \/><\/a><\/figure>\n\n\n\n<figure class=\"wp-block-image size-large\"><a href=\"https:\/\/alminutonoticia.com\/noticias\/wp-content\/uploads\/2023\/01\/IMG-20230105-WA0247.jpg\"><img decoding=\"async\" width=\"1024\" height=\"682\" src=\"https:\/\/alminutonoticia.com\/noticias\/wp-content\/uploads\/2023\/01\/IMG-20230105-WA0247-1024x682.jpg\" alt=\"\" class=\"wp-image-635\" title=\"\" srcset=\"https:\/\/alminutonoticia.com\/noticias\/wp-content\/uploads\/2023\/01\/IMG-20230105-WA0247-1024x682.jpg 1024w, https:\/\/alminutonoticia.com\/noticias\/wp-content\/uploads\/2023\/01\/IMG-20230105-WA0247-300x200.jpg 300w, https:\/\/alminutonoticia.com\/noticias\/wp-content\/uploads\/2023\/01\/IMG-20230105-WA0247-768x512.jpg 768w, https:\/\/alminutonoticia.com\/noticias\/wp-content\/uploads\/2023\/01\/IMG-20230105-WA0247.jpg 1280w\" sizes=\"(max-width: 1024px) 100vw, 1024px\" \/><\/a><\/figure>\n\n\n\n<figure class=\"wp-block-image size-large\"><a href=\"https:\/\/alminutonoticia.com\/noticias\/wp-content\/uploads\/2023\/01\/IMG-20230110-WA0156.jpg\"><img loading=\"lazy\" decoding=\"async\" width=\"1024\" height=\"576\" src=\"https:\/\/alminutonoticia.com\/noticias\/wp-content\/uploads\/2023\/01\/IMG-20230110-WA0156-1024x576.jpg\" alt=\"\" class=\"wp-image-636\" title=\"\" srcset=\"https:\/\/alminutonoticia.com\/noticias\/wp-content\/uploads\/2023\/01\/IMG-20230110-WA0156-1024x576.jpg 1024w, https:\/\/alminutonoticia.com\/noticias\/wp-content\/uploads\/2023\/01\/IMG-20230110-WA0156-300x169.jpg 300w, https:\/\/alminutonoticia.com\/noticias\/wp-content\/uploads\/2023\/01\/IMG-20230110-WA0156-768x432.jpg 768w, https:\/\/alminutonoticia.com\/noticias\/wp-content\/uploads\/2023\/01\/IMG-20230110-WA0156.jpg 1280w\" sizes=\"(max-width: 1024px) 100vw, 1024px\" \/><\/a><\/figure>\n\n\n\n<figure class=\"wp-block-image size-large\"><a href=\"https:\/\/alminutonoticia.com\/noticias\/wp-content\/uploads\/2023\/01\/IMG-20230110-WA0160-1.jpg\"><img loading=\"lazy\" decoding=\"async\" width=\"1024\" height=\"682\" src=\"https:\/\/alminutonoticia.com\/noticias\/wp-content\/uploads\/2023\/01\/IMG-20230110-WA0160-1-1024x682.jpg\" alt=\"\" class=\"wp-image-637\" title=\"\" srcset=\"https:\/\/alminutonoticia.com\/noticias\/wp-content\/uploads\/2023\/01\/IMG-20230110-WA0160-1-1024x682.jpg 1024w, https:\/\/alminutonoticia.com\/noticias\/wp-content\/uploads\/2023\/01\/IMG-20230110-WA0160-1-300x200.jpg 300w, https:\/\/alminutonoticia.com\/noticias\/wp-content\/uploads\/2023\/01\/IMG-20230110-WA0160-1-768x512.jpg 768w, https:\/\/alminutonoticia.com\/noticias\/wp-content\/uploads\/2023\/01\/IMG-20230110-WA0160-1.jpg 1280w\" sizes=\"(max-width: 1024px) 100vw, 1024px\" \/><\/a><\/figure>\n","protected":false},"excerpt":{"rendered":"<p>Por un monto de B\/. 111,468,868.32 millones de balboas fue el precio propuesto por la ofertapresentada en la Licitaci\u00f3n para la \u201cConstrucci\u00f3n, Operaci\u00f3n y Mantenimiento de la Planta deTratamiento de Aguas Residuales de Arraij\u00e1n Oeste y La Chorrera (PTAR Caimito). Equipamiento de dos L\u00edneas\u201d por el Consorcio Aguas de Puerto Caimito Oeste integrado por lasempresas [&hellip;]<\/p>\n","protected":false},"author":3,"featured_media":636,"comment_status":"open","ping_status":"open","sticky":false,"template":"","format":"standard","meta":{"footnotes":""},"categories":[36],"tags":[],"class_list":["post-632","post","type-post","status-publish","format-standard","has-post-thumbnail","hentry","category-nacionales"],"_links":{"self":[{"href":"https:\/\/alminutonoticia.com\/noticias\/wp-json\/wp\/v2\/posts\/632","targetHints":{"allow":["GET"]}}],"collection":[{"href":"https:\/\/alminutonoticia.com\/noticias\/wp-json\/wp\/v2\/posts"}],"about":[{"href":"https:\/\/alminutonoticia.com\/noticias\/wp-json\/wp\/v2\/types\/post"}],"author":[{"embeddable":true,"href":"https:\/\/alminutonoticia.com\/noticias\/wp-json\/wp\/v2\/users\/3"}],"replies":[{"embeddable":true,"href":"https:\/\/alminutonoticia.com\/noticias\/wp-json\/wp\/v2\/comments?post=632"}],"version-history":[{"count":1,"href":"https:\/\/alminutonoticia.com\/noticias\/wp-json\/wp\/v2\/posts\/632\/revisions"}],"predecessor-version":[{"id":638,"href":"https:\/\/alminutonoticia.com\/noticias\/wp-json\/wp\/v2\/posts\/632\/revisions\/638"}],"wp:featuredmedia":[{"embeddable":true,"href":"https:\/\/alminutonoticia.com\/noticias\/wp-json\/wp\/v2\/media\/636"}],"wp:attachment":[{"href":"https:\/\/alminutonoticia.com\/noticias\/wp-json\/wp\/v2\/media?parent=632"}],"wp:term":[{"taxonomy":"category","embeddable":true,"href":"https:\/\/alminutonoticia.com\/noticias\/wp-json\/wp\/v2\/categories?post=632"},{"taxonomy":"post_tag","embeddable":true,"href":"https:\/\/alminutonoticia.com\/noticias\/wp-json\/wp\/v2\/tags?post=632"}],"curies":[{"name":"wp","href":"https:\/\/api.w.org\/{rel}","templated":true}]}}