{"id":6267,"date":"2023-09-15T11:27:51","date_gmt":"2023-09-15T11:27:51","guid":{"rendered":"https:\/\/alminutonoticia.com\/noticias\/?p=6267"},"modified":"2023-09-15T11:27:52","modified_gmt":"2023-09-15T11:27:52","slug":"magistrado-alfredo-junca-designado-presidente-de-uniore","status":"publish","type":"post","link":"https:\/\/alminutonoticia.com\/noticias\/magistrado-alfredo-junca-designado-presidente-de-uniore\/","title":{"rendered":"Magistrado Alfredo Junc\u00e1\u00a0designado presidente de UNIORE"},"content":{"rendered":"\n<p>Combatir la desinformaci\u00f3n en materia digital electoral&nbsp;y&nbsp;reforzar la observaci\u00f3n electoral en todos los pa\u00edses miembros para fortalecer la democracia, fue la expresi\u00f3n&nbsp; del magistrado Junc\u00e1 Wendehake&nbsp;al recibir la presidencia de&nbsp;la&nbsp;Uni\u00f3n Interamericana de Organismos Electorales (UNIORE).<\/p>\n\n\n\n<p>\u00abEl papel central de la informaci\u00f3n en los procesos electorales\u00bb es el tema de la&nbsp;&nbsp;XVI Conferencia de este organismo internacional, que aglutina a 32 organismos electorales.<\/p>\n\n\n\n<p>Adem\u00e1s,&nbsp;&nbsp;los participantes analizaron&nbsp; diversos temas como&nbsp;El papel central de la informaci\u00f3n en los procesos electorales&nbsp;y los&nbsp;<em>Call center.<\/em><\/p>\n\n\n\n<p>Se desarrollaron&nbsp;&nbsp;talleres&nbsp;como:&nbsp;La desinformaci\u00f3n, alianzas estrat\u00e9gicas para enfrentarla;&nbsp;la Comunicaci\u00f3n institucional;&nbsp;Estrategias innovadoras desde los organismos electorales;&nbsp;Comunicaci\u00f3n digital;&nbsp;Procedimientos de comunicaci\u00f3n en momentos de crisis;&nbsp;Alfabetizaci\u00f3n digital a lo interno del organismo electoral y Comunicaci\u00f3n institucional en periodo no electoral.<\/p>\n\n\n\n<p>Estuvieron presentes en el evento,&nbsp;el magistrado segundo vicepresidente,&nbsp;Luis&nbsp;A.&nbsp;Guerra Morales,&nbsp;y&nbsp;los magistrados suplentes, Yara I. Campo y Gilberto Estrada.<\/p>\n\n\n\n<p>Esta conferencia, que\u00a0concluye ma\u00f1ana viernes 15 de\u00a0septiembre,\u00a0tiene\u00a0como\u00a0objetivo promover el fortalecimiento de los procesos, el intercambio electoral en materia de desinformaci\u00f3n\u00a0y conocer las buenas pr\u00e1cticas de la regi\u00f3n para consolidar la democracia.<\/p>\n\n\n\n<figure class=\"wp-block-image size-large\"><a href=\"https:\/\/alminutonoticia.com\/noticias\/wp-content\/uploads\/2023\/09\/UNIORE-18.jpg\"><img fetchpriority=\"high\" decoding=\"async\" width=\"1024\" height=\"682\" src=\"https:\/\/alminutonoticia.com\/noticias\/wp-content\/uploads\/2023\/09\/UNIORE-18-1024x682.jpg\" alt=\"\" class=\"wp-image-6268\" title=\"\" srcset=\"https:\/\/alminutonoticia.com\/noticias\/wp-content\/uploads\/2023\/09\/UNIORE-18-1024x682.jpg 1024w, https:\/\/alminutonoticia.com\/noticias\/wp-content\/uploads\/2023\/09\/UNIORE-18-300x200.jpg 300w, https:\/\/alminutonoticia.com\/noticias\/wp-content\/uploads\/2023\/09\/UNIORE-18-768x512.jpg 768w, https:\/\/alminutonoticia.com\/noticias\/wp-content\/uploads\/2023\/09\/UNIORE-18-1536x1024.jpg 1536w, https:\/\/alminutonoticia.com\/noticias\/wp-content\/uploads\/2023\/09\/UNIORE-18.jpg 2000w\" sizes=\"(max-width: 1024px) 100vw, 1024px\" \/><\/a><\/figure>\n\n\n\n<figure class=\"wp-block-image size-large\"><a href=\"https:\/\/alminutonoticia.com\/noticias\/wp-content\/uploads\/2023\/09\/UNIORE-2.jpg\"><img decoding=\"async\" width=\"1024\" height=\"595\" src=\"https:\/\/alminutonoticia.com\/noticias\/wp-content\/uploads\/2023\/09\/UNIORE-2-1024x595.jpg\" alt=\"\" class=\"wp-image-6269\" title=\"\" srcset=\"https:\/\/alminutonoticia.com\/noticias\/wp-content\/uploads\/2023\/09\/UNIORE-2-1024x595.jpg 1024w, https:\/\/alminutonoticia.com\/noticias\/wp-content\/uploads\/2023\/09\/UNIORE-2-300x174.jpg 300w, https:\/\/alminutonoticia.com\/noticias\/wp-content\/uploads\/2023\/09\/UNIORE-2-768x446.jpg 768w, https:\/\/alminutonoticia.com\/noticias\/wp-content\/uploads\/2023\/09\/UNIORE-2-1536x892.jpg 1536w, https:\/\/alminutonoticia.com\/noticias\/wp-content\/uploads\/2023\/09\/UNIORE-2.jpg 2000w\" sizes=\"(max-width: 1024px) 100vw, 1024px\" \/><\/a><\/figure>\n","protected":false},"excerpt":{"rendered":"<p>Combatir la desinformaci\u00f3n en materia digital electoral&nbsp;y&nbsp;reforzar la observaci\u00f3n electoral en todos los pa\u00edses miembros para fortalecer la democracia, fue la expresi\u00f3n&nbsp; del magistrado Junc\u00e1 Wendehake&nbsp;al recibir la presidencia de&nbsp;la&nbsp;Uni\u00f3n Interamericana de Organismos Electorales (UNIORE). \u00abEl papel central de la informaci\u00f3n en los procesos electorales\u00bb es el tema de la&nbsp;&nbsp;XVI Conferencia de este organismo internacional, [&hellip;]<\/p>\n","protected":false},"author":3,"featured_media":6268,"comment_status":"open","ping_status":"open","sticky":false,"template":"","format":"standard","meta":{"footnotes":""},"categories":[36],"tags":[],"class_list":["post-6267","post","type-post","status-publish","format-standard","has-post-thumbnail","hentry","category-nacionales"],"_links":{"self":[{"href":"https:\/\/alminutonoticia.com\/noticias\/wp-json\/wp\/v2\/posts\/6267","targetHints":{"allow":["GET"]}}],"collection":[{"href":"https:\/\/alminutonoticia.com\/noticias\/wp-json\/wp\/v2\/posts"}],"about":[{"href":"https:\/\/alminutonoticia.com\/noticias\/wp-json\/wp\/v2\/types\/post"}],"author":[{"embeddable":true,"href":"https:\/\/alminutonoticia.com\/noticias\/wp-json\/wp\/v2\/users\/3"}],"replies":[{"embeddable":true,"href":"https:\/\/alminutonoticia.com\/noticias\/wp-json\/wp\/v2\/comments?post=6267"}],"version-history":[{"count":1,"href":"https:\/\/alminutonoticia.com\/noticias\/wp-json\/wp\/v2\/posts\/6267\/revisions"}],"predecessor-version":[{"id":6270,"href":"https:\/\/alminutonoticia.com\/noticias\/wp-json\/wp\/v2\/posts\/6267\/revisions\/6270"}],"wp:featuredmedia":[{"embeddable":true,"href":"https:\/\/alminutonoticia.com\/noticias\/wp-json\/wp\/v2\/media\/6268"}],"wp:attachment":[{"href":"https:\/\/alminutonoticia.com\/noticias\/wp-json\/wp\/v2\/media?parent=6267"}],"wp:term":[{"taxonomy":"category","embeddable":true,"href":"https:\/\/alminutonoticia.com\/noticias\/wp-json\/wp\/v2\/categories?post=6267"},{"taxonomy":"post_tag","embeddable":true,"href":"https:\/\/alminutonoticia.com\/noticias\/wp-json\/wp\/v2\/tags?post=6267"}],"curies":[{"name":"wp","href":"https:\/\/api.w.org\/{rel}","templated":true}]}}