{"id":6263,"date":"2023-09-15T11:23:34","date_gmt":"2023-09-15T11:23:34","guid":{"rendered":"https:\/\/alminutonoticia.com\/noticias\/?p=6263"},"modified":"2023-09-15T11:23:35","modified_gmt":"2023-09-15T11:23:35","slug":"poblacion-debe-involucrarse-en-la-gestiony-conservacion-de-los-recursos-hidricos","status":"publish","type":"post","link":"https:\/\/alminutonoticia.com\/noticias\/poblacion-debe-involucrarse-en-la-gestiony-conservacion-de-los-recursos-hidricos\/","title":{"rendered":"Poblaci\u00f3n debe involucrarse en la gesti\u00f3ny conservaci\u00f3n de los recursos h\u00eddricos"},"content":{"rendered":"\n<p>Resulta imperativo involucrar a las comunidades en la gesti\u00f3n integrada y la conservaci\u00f3n de los recursos h\u00eddricos, estim\u00f3 Jos\u00e9 Gabriel \u2018Gaby\u2019 Carrizo, candidato presidencial de la alianza Vamos con Todo Panam\u00e1.<\/p>\n\n\n\n<p>Al recordar un informe del Banco Mundial, Carrizo expres\u00f3 su profunda preocupaci\u00f3n ante el hecho de que la poblaci\u00f3n mundial crece con rapidez y las estimaciones muestran que con las pr\u00e1cticas actuales, para 2030 la diferencia entre la demanda prevista y el suministro de agua disponible en el mundo ser\u00e1 del 40 %.<\/p>\n\n\n\n<p>El Banco Mundial ha advertido que la escasez cr\u00f3nica de agua, la incertidumbre hidrol\u00f3gica y los fen\u00f3menos meteorol\u00f3gicos extremos (inundaciones y sequ\u00edas), se encuentran entre las principales amenazas a la prosperidad y la estabilidad mundial.<\/p>\n\n\n\n<p>La administraci\u00f3n gubernamental que Carrizo asegura liderar\u00e1 a partir de julio de 2024 aumentar\u00e1 los recursos financieros destinados a la construcci\u00f3n, mantenimiento y actualizaci\u00f3n de infraestructuras de agua potable, que incluya sistemas de abastecimiento, plantas de tratamiento y redes de distribuci\u00f3n.<\/p>\n\n\n\n<p>A su juicio, hay que impulsar campa\u00f1as de concienciaci\u00f3n para informar a la poblaci\u00f3n sobre la importancia del uso responsable del agua y la conservaci\u00f3n de recursos h\u00eddricos.<\/p>\n\n\n\n<p>Gaby Carrizo anunci\u00f3 que el agua ser\u00e1 un tema que se discutir\u00e1 con prioridad en las consultas que se llevar\u00e1n a cabo para la elaboraci\u00f3n del plan de gobierno Unidad Panam\u00e1, Presente y Futuro.<\/p>\n\n\n\n<figure class=\"wp-block-image size-large\"><a href=\"https:\/\/alminutonoticia.com\/noticias\/wp-content\/uploads\/2023\/09\/WhatsApp-Image-2023-09-14-at-4.18.37-PM.jpeg\"><img fetchpriority=\"high\" decoding=\"async\" width=\"1024\" height=\"683\" src=\"https:\/\/alminutonoticia.com\/noticias\/wp-content\/uploads\/2023\/09\/WhatsApp-Image-2023-09-14-at-4.18.37-PM-1024x683.jpeg\" alt=\"\" class=\"wp-image-6264\" title=\"\" srcset=\"https:\/\/alminutonoticia.com\/noticias\/wp-content\/uploads\/2023\/09\/WhatsApp-Image-2023-09-14-at-4.18.37-PM-1024x683.jpeg 1024w, https:\/\/alminutonoticia.com\/noticias\/wp-content\/uploads\/2023\/09\/WhatsApp-Image-2023-09-14-at-4.18.37-PM-300x200.jpeg 300w, https:\/\/alminutonoticia.com\/noticias\/wp-content\/uploads\/2023\/09\/WhatsApp-Image-2023-09-14-at-4.18.37-PM-768x512.jpeg 768w, https:\/\/alminutonoticia.com\/noticias\/wp-content\/uploads\/2023\/09\/WhatsApp-Image-2023-09-14-at-4.18.37-PM-1536x1024.jpeg 1536w, https:\/\/alminutonoticia.com\/noticias\/wp-content\/uploads\/2023\/09\/WhatsApp-Image-2023-09-14-at-4.18.37-PM.jpeg 1600w\" sizes=\"(max-width: 1024px) 100vw, 1024px\" \/><\/a><\/figure>\n\n\n\n<figure class=\"wp-block-image size-full\"><a href=\"https:\/\/alminutonoticia.com\/noticias\/wp-content\/uploads\/2023\/09\/WhatsApp-Image-2023-09-14-at-4.18.40-PM.jpeg\"><img decoding=\"async\" width=\"1019\" height=\"989\" src=\"https:\/\/alminutonoticia.com\/noticias\/wp-content\/uploads\/2023\/09\/WhatsApp-Image-2023-09-14-at-4.18.40-PM.jpeg\" alt=\"\" class=\"wp-image-6265\" title=\"\" srcset=\"https:\/\/alminutonoticia.com\/noticias\/wp-content\/uploads\/2023\/09\/WhatsApp-Image-2023-09-14-at-4.18.40-PM.jpeg 1019w, https:\/\/alminutonoticia.com\/noticias\/wp-content\/uploads\/2023\/09\/WhatsApp-Image-2023-09-14-at-4.18.40-PM-300x291.jpeg 300w, https:\/\/alminutonoticia.com\/noticias\/wp-content\/uploads\/2023\/09\/WhatsApp-Image-2023-09-14-at-4.18.40-PM-768x745.jpeg 768w\" sizes=\"(max-width: 1019px) 100vw, 1019px\" \/><\/a><\/figure>\n","protected":false},"excerpt":{"rendered":"<p>Resulta imperativo involucrar a las comunidades en la gesti\u00f3n integrada y la conservaci\u00f3n de los recursos h\u00eddricos, estim\u00f3 Jos\u00e9 Gabriel \u2018Gaby\u2019 Carrizo, candidato presidencial de la alianza Vamos con Todo Panam\u00e1. Al recordar un informe del Banco Mundial, Carrizo expres\u00f3 su profunda preocupaci\u00f3n ante el hecho de que la poblaci\u00f3n mundial crece con rapidez y [&hellip;]<\/p>\n","protected":false},"author":3,"featured_media":6264,"comment_status":"open","ping_status":"open","sticky":false,"template":"","format":"standard","meta":{"footnotes":""},"categories":[36,37],"tags":[],"class_list":["post-6263","post","type-post","status-publish","format-standard","has-post-thumbnail","hentry","category-nacionales","category-politica"],"_links":{"self":[{"href":"https:\/\/alminutonoticia.com\/noticias\/wp-json\/wp\/v2\/posts\/6263","targetHints":{"allow":["GET"]}}],"collection":[{"href":"https:\/\/alminutonoticia.com\/noticias\/wp-json\/wp\/v2\/posts"}],"about":[{"href":"https:\/\/alminutonoticia.com\/noticias\/wp-json\/wp\/v2\/types\/post"}],"author":[{"embeddable":true,"href":"https:\/\/alminutonoticia.com\/noticias\/wp-json\/wp\/v2\/users\/3"}],"replies":[{"embeddable":true,"href":"https:\/\/alminutonoticia.com\/noticias\/wp-json\/wp\/v2\/comments?post=6263"}],"version-history":[{"count":1,"href":"https:\/\/alminutonoticia.com\/noticias\/wp-json\/wp\/v2\/posts\/6263\/revisions"}],"predecessor-version":[{"id":6266,"href":"https:\/\/alminutonoticia.com\/noticias\/wp-json\/wp\/v2\/posts\/6263\/revisions\/6266"}],"wp:featuredmedia":[{"embeddable":true,"href":"https:\/\/alminutonoticia.com\/noticias\/wp-json\/wp\/v2\/media\/6264"}],"wp:attachment":[{"href":"https:\/\/alminutonoticia.com\/noticias\/wp-json\/wp\/v2\/media?parent=6263"}],"wp:term":[{"taxonomy":"category","embeddable":true,"href":"https:\/\/alminutonoticia.com\/noticias\/wp-json\/wp\/v2\/categories?post=6263"},{"taxonomy":"post_tag","embeddable":true,"href":"https:\/\/alminutonoticia.com\/noticias\/wp-json\/wp\/v2\/tags?post=6263"}],"curies":[{"name":"wp","href":"https:\/\/api.w.org\/{rel}","templated":true}]}}