{"id":625,"date":"2023-01-10T09:47:12","date_gmt":"2023-01-10T09:47:12","guid":{"rendered":"https:\/\/alminutonoticia.com\/noticias\/?p=625"},"modified":"2023-01-10T09:47:12","modified_gmt":"2023-01-10T09:47:12","slug":"por-primera-vez-panama-oeste-sera-censada-como-provincia","status":"publish","type":"post","link":"https:\/\/alminutonoticia.com\/noticias\/por-primera-vez-panama-oeste-sera-censada-como-provincia\/","title":{"rendered":"Por primera vez Panam\u00e1 Oeste ser\u00e1 censada como provincia."},"content":{"rendered":"\n<p>Durante el segundo d\u00eda de empadronamiento en Arraij\u00e1n, los empadronadores continuaron su recorrido con \u00e9xito. El objetivo de obtener informaci\u00f3n actualizada, que permita la elaboraci\u00f3n de diagn\u00f3sticos nacionales en el campo sociodemogr\u00e1fico, econ\u00f3mico y sectorial.<\/p>\n\n\n\n<p>El contralor Gerardo Sol\u00eds asegur\u00f3 que \u201cla provincia de Panam\u00e1 Oeste, tiene un doble desaf\u00edo debido a que es la primera vez que ser\u00e1 censada como provincia y adem\u00e1s por su gran crecimiento de poblaci\u00f3n y de vivienda\u201d.<\/p>\n\n\n\n<p>Los censos nacionales representan una herramienta fundamental para poder conocer las necesidades en la poblaci\u00f3n y la elaboraci\u00f3n de programas que permitan mejorar las condiciones de vida de los ciudadanos.<\/p>\n\n\n\n<p>Panam\u00e1 Oeste tiene una planificaci\u00f3n censal dividida en 16 regiones que inicia desde Arraij\u00e1n cabecera hasta San Carlos; cada una dirigida por un inspector regional. La zona censal del distrito de Arraij\u00e1n, cuenta con 59 empadronadores y 10 supervisores encargados del levantamiento de toda la data durante los dos meses.<\/p>\n\n\n\n<p>El Instituto Nacional de Estad\u00edstica y Censo, dispone de m\u00e1s de 10,000 personas entre supervisores y empadronadores, quienes estar\u00e1n distribuidos en todo el territorio nacional.<\/p>\n\n\n\n<p>En este Censo, no es necesario que est\u00e9n todos en casa. Con la figura del Informante adecuado este podr\u00e1 dar los datos del resto de los miembros del hogar. Adem\u00e1s no se inmovilizar\u00e1 la poblaci\u00f3n, los empadronadores recorrer\u00e1n las viviendas semana tras semana, seg\u00fan la carga de trabajo establecida para cada uno.<\/p>\n\n\n\n<p>Seg\u00fan la informaci\u00f3n obtenida de los dispositivos m\u00f3viles de captura (DMC), unas 55,307 viviendas fueron visitadas durante el primer d\u00eda de empadronamiento, sin contar las encuestas realizadas con el cuestionario de papel en \u00e1reas de dif\u00edcil acceso.<\/p>\n\n\n\n<figure class=\"wp-block-image size-large\"><a href=\"https:\/\/alminutonoticia.com\/noticias\/wp-content\/uploads\/2023\/01\/WhatsApp-Image-2023-01-09-at-3.43.00-PM.jpeg\"><img fetchpriority=\"high\" decoding=\"async\" width=\"1024\" height=\"574\" src=\"https:\/\/alminutonoticia.com\/noticias\/wp-content\/uploads\/2023\/01\/WhatsApp-Image-2023-01-09-at-3.43.00-PM-1024x574.jpeg\" alt=\"\" class=\"wp-image-626\" title=\"\" srcset=\"https:\/\/alminutonoticia.com\/noticias\/wp-content\/uploads\/2023\/01\/WhatsApp-Image-2023-01-09-at-3.43.00-PM-1024x574.jpeg 1024w, https:\/\/alminutonoticia.com\/noticias\/wp-content\/uploads\/2023\/01\/WhatsApp-Image-2023-01-09-at-3.43.00-PM-300x168.jpeg 300w, https:\/\/alminutonoticia.com\/noticias\/wp-content\/uploads\/2023\/01\/WhatsApp-Image-2023-01-09-at-3.43.00-PM-768x430.jpeg 768w, https:\/\/alminutonoticia.com\/noticias\/wp-content\/uploads\/2023\/01\/WhatsApp-Image-2023-01-09-at-3.43.00-PM.jpeg 1478w\" sizes=\"(max-width: 1024px) 100vw, 1024px\" \/><\/a><\/figure>\n\n\n\n<figure class=\"wp-block-image size-large\"><a href=\"https:\/\/alminutonoticia.com\/noticias\/wp-content\/uploads\/2023\/01\/WhatsApp-Image-2023-01-09-at-3.43.01-PM.jpeg\"><img decoding=\"async\" width=\"1024\" height=\"575\" src=\"https:\/\/alminutonoticia.com\/noticias\/wp-content\/uploads\/2023\/01\/WhatsApp-Image-2023-01-09-at-3.43.01-PM-1024x575.jpeg\" alt=\"\" class=\"wp-image-627\" title=\"\" srcset=\"https:\/\/alminutonoticia.com\/noticias\/wp-content\/uploads\/2023\/01\/WhatsApp-Image-2023-01-09-at-3.43.01-PM-1024x575.jpeg 1024w, https:\/\/alminutonoticia.com\/noticias\/wp-content\/uploads\/2023\/01\/WhatsApp-Image-2023-01-09-at-3.43.01-PM-300x168.jpeg 300w, https:\/\/alminutonoticia.com\/noticias\/wp-content\/uploads\/2023\/01\/WhatsApp-Image-2023-01-09-at-3.43.01-PM-768x431.jpeg 768w, https:\/\/alminutonoticia.com\/noticias\/wp-content\/uploads\/2023\/01\/WhatsApp-Image-2023-01-09-at-3.43.01-PM.jpeg 1475w\" sizes=\"(max-width: 1024px) 100vw, 1024px\" \/><\/a><\/figure>\n\n\n\n<figure class=\"wp-block-image size-large\"><a href=\"https:\/\/alminutonoticia.com\/noticias\/wp-content\/uploads\/2023\/01\/WhatsApp-Image-2023-01-09-at-3.43.01-PM-1.jpeg\"><img decoding=\"async\" width=\"1024\" height=\"581\" src=\"https:\/\/alminutonoticia.com\/noticias\/wp-content\/uploads\/2023\/01\/WhatsApp-Image-2023-01-09-at-3.43.01-PM-1-1024x581.jpeg\" alt=\"\" class=\"wp-image-628\" title=\"\" srcset=\"https:\/\/alminutonoticia.com\/noticias\/wp-content\/uploads\/2023\/01\/WhatsApp-Image-2023-01-09-at-3.43.01-PM-1-1024x581.jpeg 1024w, https:\/\/alminutonoticia.com\/noticias\/wp-content\/uploads\/2023\/01\/WhatsApp-Image-2023-01-09-at-3.43.01-PM-1-300x170.jpeg 300w, https:\/\/alminutonoticia.com\/noticias\/wp-content\/uploads\/2023\/01\/WhatsApp-Image-2023-01-09-at-3.43.01-PM-1-768x436.jpeg 768w, https:\/\/alminutonoticia.com\/noticias\/wp-content\/uploads\/2023\/01\/WhatsApp-Image-2023-01-09-at-3.43.01-PM-1.jpeg 1459w\" sizes=\"(max-width: 1024px) 100vw, 1024px\" \/><\/a><\/figure>\n\n\n\n<figure class=\"wp-block-image size-large\"><a href=\"https:\/\/alminutonoticia.com\/noticias\/wp-content\/uploads\/2023\/01\/WhatsApp-Image-2023-01-09-at-3.43.01-PM-2.jpeg\"><img loading=\"lazy\" decoding=\"async\" width=\"1024\" height=\"579\" src=\"https:\/\/alminutonoticia.com\/noticias\/wp-content\/uploads\/2023\/01\/WhatsApp-Image-2023-01-09-at-3.43.01-PM-2-1024x579.jpeg\" alt=\"\" class=\"wp-image-629\" title=\"\" srcset=\"https:\/\/alminutonoticia.com\/noticias\/wp-content\/uploads\/2023\/01\/WhatsApp-Image-2023-01-09-at-3.43.01-PM-2-1024x579.jpeg 1024w, https:\/\/alminutonoticia.com\/noticias\/wp-content\/uploads\/2023\/01\/WhatsApp-Image-2023-01-09-at-3.43.01-PM-2-300x170.jpeg 300w, https:\/\/alminutonoticia.com\/noticias\/wp-content\/uploads\/2023\/01\/WhatsApp-Image-2023-01-09-at-3.43.01-PM-2-768x434.jpeg 768w, https:\/\/alminutonoticia.com\/noticias\/wp-content\/uploads\/2023\/01\/WhatsApp-Image-2023-01-09-at-3.43.01-PM-2-1536x868.jpeg 1536w, https:\/\/alminutonoticia.com\/noticias\/wp-content\/uploads\/2023\/01\/WhatsApp-Image-2023-01-09-at-3.43.01-PM-2.jpeg 1600w\" sizes=\"(max-width: 1024px) 100vw, 1024px\" \/><\/a><\/figure>\n\n\n\n<figure class=\"wp-block-image size-large\"><a href=\"https:\/\/alminutonoticia.com\/noticias\/wp-content\/uploads\/2023\/01\/WhatsApp-Image-2023-01-09-at-3.43.01-PM-3.jpeg\"><img loading=\"lazy\" decoding=\"async\" width=\"1024\" height=\"721\" src=\"https:\/\/alminutonoticia.com\/noticias\/wp-content\/uploads\/2023\/01\/WhatsApp-Image-2023-01-09-at-3.43.01-PM-3-1024x721.jpeg\" alt=\"\" class=\"wp-image-630\" title=\"\" srcset=\"https:\/\/alminutonoticia.com\/noticias\/wp-content\/uploads\/2023\/01\/WhatsApp-Image-2023-01-09-at-3.43.01-PM-3-1024x721.jpeg 1024w, https:\/\/alminutonoticia.com\/noticias\/wp-content\/uploads\/2023\/01\/WhatsApp-Image-2023-01-09-at-3.43.01-PM-3-300x211.jpeg 300w, https:\/\/alminutonoticia.com\/noticias\/wp-content\/uploads\/2023\/01\/WhatsApp-Image-2023-01-09-at-3.43.01-PM-3-768x540.jpeg 768w, https:\/\/alminutonoticia.com\/noticias\/wp-content\/uploads\/2023\/01\/WhatsApp-Image-2023-01-09-at-3.43.01-PM-3-1536x1081.jpeg 1536w, https:\/\/alminutonoticia.com\/noticias\/wp-content\/uploads\/2023\/01\/WhatsApp-Image-2023-01-09-at-3.43.01-PM-3.jpeg 1600w\" sizes=\"(max-width: 1024px) 100vw, 1024px\" \/><\/a><\/figure>\n","protected":false},"excerpt":{"rendered":"<p>Durante el segundo d\u00eda de empadronamiento en Arraij\u00e1n, los empadronadores continuaron su recorrido con \u00e9xito. El objetivo de obtener informaci\u00f3n actualizada, que permita la elaboraci\u00f3n de diagn\u00f3sticos nacionales en el campo sociodemogr\u00e1fico, econ\u00f3mico y sectorial. El contralor Gerardo Sol\u00eds asegur\u00f3 que \u201cla provincia de Panam\u00e1 Oeste, tiene un doble desaf\u00edo debido a que es la [&hellip;]<\/p>\n","protected":false},"author":3,"featured_media":626,"comment_status":"open","ping_status":"open","sticky":false,"template":"","format":"standard","meta":{"footnotes":""},"categories":[38,36],"tags":[],"class_list":["post-625","post","type-post","status-publish","format-standard","has-post-thumbnail","hentry","category-economia","category-nacionales"],"_links":{"self":[{"href":"https:\/\/alminutonoticia.com\/noticias\/wp-json\/wp\/v2\/posts\/625","targetHints":{"allow":["GET"]}}],"collection":[{"href":"https:\/\/alminutonoticia.com\/noticias\/wp-json\/wp\/v2\/posts"}],"about":[{"href":"https:\/\/alminutonoticia.com\/noticias\/wp-json\/wp\/v2\/types\/post"}],"author":[{"embeddable":true,"href":"https:\/\/alminutonoticia.com\/noticias\/wp-json\/wp\/v2\/users\/3"}],"replies":[{"embeddable":true,"href":"https:\/\/alminutonoticia.com\/noticias\/wp-json\/wp\/v2\/comments?post=625"}],"version-history":[{"count":1,"href":"https:\/\/alminutonoticia.com\/noticias\/wp-json\/wp\/v2\/posts\/625\/revisions"}],"predecessor-version":[{"id":631,"href":"https:\/\/alminutonoticia.com\/noticias\/wp-json\/wp\/v2\/posts\/625\/revisions\/631"}],"wp:featuredmedia":[{"embeddable":true,"href":"https:\/\/alminutonoticia.com\/noticias\/wp-json\/wp\/v2\/media\/626"}],"wp:attachment":[{"href":"https:\/\/alminutonoticia.com\/noticias\/wp-json\/wp\/v2\/media?parent=625"}],"wp:term":[{"taxonomy":"category","embeddable":true,"href":"https:\/\/alminutonoticia.com\/noticias\/wp-json\/wp\/v2\/categories?post=625"},{"taxonomy":"post_tag","embeddable":true,"href":"https:\/\/alminutonoticia.com\/noticias\/wp-json\/wp\/v2\/tags?post=625"}],"curies":[{"name":"wp","href":"https:\/\/api.w.org\/{rel}","templated":true}]}}